{"id":73697,"date":"2021-09-30T20:51:40","date_gmt":"2021-09-30T23:51:40","guid":{"rendered":"http:\/\/portalcatolico.net\/portal\/?p=73697"},"modified":"2021-09-30T20:51:40","modified_gmt":"2021-09-30T23:51:40","slug":"jmj-2023-simbolos-visitaram-a-conferencia-episcopal-espanhola","status":"publish","type":"post","link":"http:\/\/portalcatolico.net\/portal\/jmj-2023-simbolos-visitaram-a-conferencia-episcopal-espanhola\/","title":{"rendered":"JMJ 2023: s\u00edmbolos visitaram a Confer\u00eancia Episcopal Espanhola"},"content":{"rendered":"<div class=\"article__subTitle\">Cruz peregrina e \u00cdcone mariano foram acolhidos pelos bispos espanh\u00f3is em mais uma etapa da peregrina\u00e7\u00e3o que durar\u00e1 at\u00e9 29 de outubro.<\/div>\n<div>&nbsp;<\/div>\n<div class=\"title__separator\">\n<p>\u201cA sede da Confer\u00eancia Episcopal Espanhola (CEE), em Madrid, acolheu a visita dos s\u00edmbolos da Jornada Mundial da Juventude (JMJ), a caminho da edi\u00e7\u00e3o internacional de 2023, em Lisboa\u201d \u2013 informa a Ag\u00eancia Ecclesia.<\/p>\n<p>Foi no dia 29 de setembro que os bispos espanh\u00f3is receberam a Cruz peregrina e o \u00edcone mariano. Na ocasi\u00e3o, o presidente da CEE, cardeal Juan Jos\u00e9 Omella, afirmou que \u00e9 um prazer caminhar com os jovens na prepara\u00e7\u00e3o da JMJ 2023 e referiu que este \u00e9 j\u00e1 um modo de tornar real a igreja sinodal:<\/p>\n<div class=\"article__text \">\n<p>\u201cEu creio que de alguma maneira estamos j\u00e1 a tornar a Igreja Sinodal uma realidade, na comunh\u00e3o uns com os outros, n\u00e3o importa o n\u00famero se somos irm\u00e3os e filhos de Deus\u201d \u2013 frisou.<\/p>\n<p>Os dois s\u00edmbolos foram transportados para a sede da CEE por um grupo de jovens, acompanhados pelo diretor da Pastoral Juvenil da Confer\u00eancia Episcopal Espanhola, o padre Ra\u00fal Tinajero, e por D. Am\u00e9rico Aguiar, presidente da Funda\u00e7\u00e3o JMJ Lisboa 2023.<\/p>\n<p>O bispo auxiliar de Lisboa afirmou na ocasi\u00e3o que este \u00e9 um bom momento para os jovens ib\u00e9ricos, portugueses e espanh\u00f3is, juntos reunirem-se com o Papa em Lisboa no ver\u00e3o 2023.<\/p>\n<p>O bispo portugu\u00eas manifestou \u201cgratid\u00e3o\u201d, pelo apoio fraterno e rece\u00e7\u00e3o dos s\u00edmbolos nas dioceses espanholas.<\/p>\n<p>Os s\u00edmbolos da Jornada Mundial da Juventude foram recebidos pelos bispos membros da Comiss\u00e3o Permanente da CEE, na sede da institui\u00e7\u00e3o e continuam a sua peregrina\u00e7\u00e3o por Espanha at\u00e9 ao pr\u00f3ximo dia 29 de outubro quando em Ayamonte, na Diocese de Huelva atravessarem o rio Guadiana regressando a Portugal.&nbsp;<\/p>\n<\/div>\n<div id=\"banner-donazioni\" class=\"article_banner\"><b>Por:Rui Saraiva &#8211; Portugal\/Vatican News<\/b><\/div>\n<\/div>\n","protected":false},"excerpt":{"rendered":"<p>Cruz peregrina e \u00cdcone mariano foram acolhidos pelos bispos espanh\u00f3is em mais uma etapa da peregrina\u00e7\u00e3o que durar\u00e1 at\u00e9 29 de outubro. &nbsp; \u201cA sede da Confer\u00eancia Episcopal Espanhola (CEE), em Madrid, acolheu a visita dos s\u00edmbolos da Jornada Mundial da Juventude (JMJ), a caminho da edi\u00e7\u00e3o internacional de 2023, em Lisboa\u201d \u2013 informa a&nbsp;<\/p>\n<p><a class=\"btn btn-style\" href=\"http:\/\/portalcatolico.net\/portal\/jmj-2023-simbolos-visitaram-a-conferencia-episcopal-espanhola\/\">Continue Reading<\/a><\/p>\n","protected":false},"author":2,"featured_media":73698,"comment_status":"open","ping_status":"open","sticky":false,"template":"","format":"standard","meta":{"footnotes":""},"categories":[5],"tags":[],"class_list":["post-73697","post","type-post","status-publish","format-standard","has-post-thumbnail","hentry","category-igreja_no_mundo"],"_links":{"self":[{"href":"http:\/\/portalcatolico.net\/portal\/wp-json\/wp\/v2\/posts\/73697","targetHints":{"allow":["GET"]}}],"collection":[{"href":"http:\/\/portalcatolico.net\/portal\/wp-json\/wp\/v2\/posts"}],"about":[{"href":"http:\/\/portalcatolico.net\/portal\/wp-json\/wp\/v2\/types\/post"}],"author":[{"embeddable":true,"href":"http:\/\/portalcatolico.net\/portal\/wp-json\/wp\/v2\/users\/2"}],"replies":[{"embeddable":true,"href":"http:\/\/portalcatolico.net\/portal\/wp-json\/wp\/v2\/comments?post=73697"}],"version-history":[{"count":1,"href":"http:\/\/portalcatolico.net\/portal\/wp-json\/wp\/v2\/posts\/73697\/revisions"}],"predecessor-version":[{"id":73699,"href":"http:\/\/portalcatolico.net\/portal\/wp-json\/wp\/v2\/posts\/73697\/revisions\/73699"}],"wp:featuredmedia":[{"embeddable":true,"href":"http:\/\/portalcatolico.net\/portal\/wp-json\/wp\/v2\/media\/73698"}],"wp:attachment":[{"href":"http:\/\/portalcatolico.net\/portal\/wp-json\/wp\/v2\/media?parent=73697"}],"wp:term":[{"taxonomy":"category","embeddable":true,"href":"http:\/\/portalcatolico.net\/portal\/wp-json\/wp\/v2\/categories?post=73697"},{"taxonomy":"post_tag","embeddable":true,"href":"http:\/\/portalcatolico.net\/portal\/wp-json\/wp\/v2\/tags?post=73697"}],"curies":[{"name":"wp","href":"https:\/\/api.w.org\/{rel}","templated":true}]}}