{"id":73694,"date":"2021-09-30T20:48:00","date_gmt":"2021-09-30T23:48:00","guid":{"rendered":"http:\/\/portalcatolico.net\/portal\/?p=73694"},"modified":"2021-09-30T20:48:16","modified_gmt":"2021-09-30T23:48:16","slug":"devotos-de-sao-francisco-de-assis-se-preparam-para-a-festa-do-santo-protetor-dos-animais-e-padroeiro-da-ecologia","status":"publish","type":"post","link":"http:\/\/portalcatolico.net\/portal\/devotos-de-sao-francisco-de-assis-se-preparam-para-a-festa-do-santo-protetor-dos-animais-e-padroeiro-da-ecologia\/","title":{"rendered":"Devotos de S\u00e3o Francisco de Assis se preparam para a festa do santo protetor dos animais e padroeiro da ecologia"},"content":{"rendered":"<p>Alegria e devo\u00e7\u00e3o definem a prepara\u00e7\u00e3o para a festa de S\u00e3o Francisco de Assis, conhecido como o protetor dos animais. Na Arquidiocese de Salvador, as Igrejas que t\u00eam S\u00e3o Francisco como padroeiro prepararam programa\u00e7\u00f5es especiais. Confira:<\/p>\n<p><strong><u>Igreja e Convento de S\u00e3o Francisco (Centro Hist\u00f3rico)<\/u><\/strong><\/p>\n<p>Com o tema central \u201cS\u00e3o Francisco, defensor dos Direitos Humanos, propagador da justi\u00e7a e da paz\u201d, a Igreja e Convento de S\u00e3o Francisco, localizados no Centro Hist\u00f3rico de Salvador, j\u00e1 est\u00e3o com as portas abertas para acolher os fi\u00e9is que participam do noven\u00e1rio, que teve in\u00edcio no dia 25 de setembro e segue at\u00e9 3 de outubro, \u00e0s 17h, com exce\u00e7\u00e3o do dia 1\u00ba que ser\u00e1 \u00e0s 18h.<\/p>\n<p>Mas a programa\u00e7\u00e3o organizada pelos franciscanos vai para al\u00e9m da realiza\u00e7\u00e3o da novena. Nos dias 2 e 3 de outubro haver\u00e1 uma feira, a partir das 11h, que abrigar\u00e1 gastronomia, livraria, artesanato, moda e m\u00fasica ao vivo. Esta iniciativa tem como objetivo valorizar artistas locais e promover um espa\u00e7o social e aconchegante para os turistas, visitantes e moradores residentes em Salvador e no Rec\u00f4ncavo Baiano.<\/p>\n<p>Ainda como parte dos festejos, no dia 1\u00ba de outubro acontecer\u00e1 uma Caminhada Ecol\u00f3gica, com sa\u00edda da Igreja e Convento de S\u00e3o Francisco, \u00e0s 15h, seguindo at\u00e9 a Cruz ca\u00edda, na Pra\u00e7a da S\u00e9, onde haver\u00e1 uma celebra\u00e7\u00e3o ecum\u00eanica, \u00e0s 18h.<\/p>\n<p>O \u00e1pice dos festejos ser\u00e1 no dia 4 de outubro, quando a programa\u00e7\u00e3o contar\u00e1 com a alvorada, \u00e0s 6h; e Missa \u00e0s 8h30, sob a presid\u00eancia do bispo auxiliar, Dom Marco Eug\u00eanio Galr\u00e3o. A Solene Celebra\u00e7\u00e3o Eucar\u00edstica, presidida pelo Arcebispo de Salvador e Primaz do Brasil, Cardeal Dom Sergio da Rocha, ter\u00e1 in\u00edcio \u00e0s 10h. J\u00e1 \u00e0s 12h, jovens recitar\u00e3o a Coroa das Sete Alegrias de Nossa Senhora. Por volta das 15h haver\u00e1 a ora\u00e7\u00e3o do Of\u00edcio dos Pais Nossos, escrito por S\u00e3o Francisco de Assis, seguida de carreata com a imagem do santo pelas principais ruas do Centro Hist\u00f3rico. O encerramento da festa ser\u00e1 marcado pela Missa, \u00e0s 17h, celebrada pelo frei Pedro Freitas, da Ordem dos Frades Menores (OFM).<\/p>\n<p><strong><u>Par\u00f3quia S\u00e3o Francisco de Assis (Alto Coutos)<\/u><\/strong><\/p>\n<p>A Par\u00f3quia S\u00e3o Francisco de Assis, em Alto de Coutos, segue com a programa\u00e7\u00e3o festiva para celebrar a festa do padroeiro. O noven\u00e1rio, que teve in\u00edcio no dia 25 de setembro e ser\u00e1 encerrado no dia 3 de outubro, acontece na Matriz, \u00e0s 19h, com exce\u00e7\u00e3o do \u00faltimo dia (3), quando os fi\u00e9is participam da Celebra\u00e7\u00e3o \u00e0s 18h. O tema escolhido para este ano \u00e9 \u201cO Amor n\u00e3o \u00e9 amado\u201d.<\/p>\n<p>No dia dedicado ao santo conhecido como o protetor dos animais, 4 de outubro, os devotos participam das Missas \u00e0s 7h, \u00e0s 10h (esta presidida pelo bispo auxiliar da Arquidiocese de Salvador, Dom Dorival Souza Barreto J\u00fanior) e \u00e0s 19h. Nesta data tamb\u00e9m haver\u00e1 a b\u00ean\u00e7\u00e3o dos animais, \u00e0s 9h.<\/p>\n<p>Os fi\u00e9is que n\u00e3o podem estar presentes fisicamente t\u00eam a oportunidade de acompanhar todo o festejo atrav\u00e9s de transmiss\u00e3o, ao vivo, pelas redes sociais: Instagram @paroqsfassis e Youtube [para localizar o canal, o internauta deve inserir \u201cFilhos de Assis \u2013 Coutos\u201d na caixa de busca da plataforma].<\/p>\n<p><strong><u>Par\u00f3quia S\u00e3o Francisco de Assis (Boca do Rio)<\/u><\/strong><\/p>\n<p>Inspirados na Carta Enc\u00edclica Fratelli Tutti, do Papa Francisco, a Par\u00f3quia S\u00e3o Francisco de Assis (Boca do Rio) celebra o padroeiro \u00e0 luz do tema \u201cSomos todos irm\u00e3os\u201d. O noven\u00e1rio, que tamb\u00e9m teve in\u00edcio no dia 25 de setembro e segue at\u00e9 3 de outubro, na Matriz, acontece sempre \u00e0s 19h, precedido da Santa Missa \u00e0s 18h. \u00c9 importante ressaltar que a entrada dos fi\u00e9is acontece por ordem de chegada at\u00e9 a lota\u00e7\u00e3o m\u00e1xima permitida.<\/p>\n<p>No dia festivo (4) a programa\u00e7\u00e3o ter\u00e1 in\u00edcio com a alvorada, \u00e0s 5h30 e Missas \u00e0s 6h, \u00e0s 8h, \u00e0s 11h e \u00e0s 16h. J\u00e1 \u00e0s 10h ser\u00e3o aben\u00e7oados os animais e \u00e0s 15h acontecer\u00e1 a recita\u00e7\u00e3o do Ter\u00e7o da Miseric\u00f3rdia e a adora\u00e7\u00e3o ao Sant\u00edssimo Sacramento. O ponto alto da festa ser\u00e1 a Celebra\u00e7\u00e3o Eucar\u00edstica presidida pelo bispo auxiliar da Arquidiocese de Salvador, Dom Valter Magno de Carvalho, \u00e0s 19h.<\/p>\n<p>Por: Sara Gomes<\/p>\n","protected":false},"excerpt":{"rendered":"<p>Alegria e devo\u00e7\u00e3o definem a prepara\u00e7\u00e3o para a festa de S\u00e3o Francisco de Assis, conhecido como o protetor dos animais. Na Arquidiocese de Salvador, as Igrejas que t\u00eam S\u00e3o Francisco como padroeiro prepararam programa\u00e7\u00f5es especiais. Confira: Igreja e Convento de S\u00e3o Francisco (Centro Hist\u00f3rico) Com o tema central \u201cS\u00e3o Francisco, defensor dos Direitos Humanos, propagador&nbsp;<\/p>\n<p><a class=\"btn btn-style\" href=\"http:\/\/portalcatolico.net\/portal\/devotos-de-sao-francisco-de-assis-se-preparam-para-a-festa-do-santo-protetor-dos-animais-e-padroeiro-da-ecologia\/\">Continue Reading<\/a><\/p>\n","protected":false},"author":2,"featured_media":73695,"comment_status":"open","ping_status":"open","sticky":false,"template":"","format":"standard","meta":{"footnotes":""},"categories":[4],"tags":[],"class_list":["post-73694","post","type-post","status-publish","format-standard","has-post-thumbnail","hentry","category-destaques"],"_links":{"self":[{"href":"http:\/\/portalcatolico.net\/portal\/wp-json\/wp\/v2\/posts\/73694","targetHints":{"allow":["GET"]}}],"collection":[{"href":"http:\/\/portalcatolico.net\/portal\/wp-json\/wp\/v2\/posts"}],"about":[{"href":"http:\/\/portalcatolico.net\/portal\/wp-json\/wp\/v2\/types\/post"}],"author":[{"embeddable":true,"href":"http:\/\/portalcatolico.net\/portal\/wp-json\/wp\/v2\/users\/2"}],"replies":[{"embeddable":true,"href":"http:\/\/portalcatolico.net\/portal\/wp-json\/wp\/v2\/comments?post=73694"}],"version-history":[{"count":1,"href":"http:\/\/portalcatolico.net\/portal\/wp-json\/wp\/v2\/posts\/73694\/revisions"}],"predecessor-version":[{"id":73696,"href":"http:\/\/portalcatolico.net\/portal\/wp-json\/wp\/v2\/posts\/73694\/revisions\/73696"}],"wp:featuredmedia":[{"embeddable":true,"href":"http:\/\/portalcatolico.net\/portal\/wp-json\/wp\/v2\/media\/73695"}],"wp:attachment":[{"href":"http:\/\/portalcatolico.net\/portal\/wp-json\/wp\/v2\/media?parent=73694"}],"wp:term":[{"taxonomy":"category","embeddable":true,"href":"http:\/\/portalcatolico.net\/portal\/wp-json\/wp\/v2\/categories?post=73694"},{"taxonomy":"post_tag","embeddable":true,"href":"http:\/\/portalcatolico.net\/portal\/wp-json\/wp\/v2\/tags?post=73694"}],"curies":[{"name":"wp","href":"https:\/\/api.w.org\/{rel}","templated":true}]}}