{"id":73691,"date":"2021-09-29T19:22:26","date_gmt":"2021-09-29T22:22:26","guid":{"rendered":"http:\/\/portalcatolico.net\/portal\/?p=73691"},"modified":"2021-09-29T19:23:30","modified_gmt":"2021-09-29T22:23:30","slug":"santo-do-dia-a-igreja-celebra-os-santos-arcanjos-miguel-gabriel-e-rafael","status":"publish","type":"post","link":"http:\/\/portalcatolico.net\/portal\/santo-do-dia-a-igreja-celebra-os-santos-arcanjos-miguel-gabriel-e-rafael\/","title":{"rendered":"Santo do dia: A Igreja celebra os santos arcanjos Miguel, Gabriel e Rafael"},"content":{"rendered":"<p>&nbsp;A&nbsp;Igreja&nbsp;celebra hoje, 29 de setembro, a festa dos santos arcanjos S\u00e3o Miguel, S\u00e3o Gabriel e S\u00e3o Rafael, que aparecem na B\u00edblia com miss\u00f5es importantes dadas por Deus.<\/p>\n<p>S\u00e3o Miguel em hebreu significa \u201cQuem como Deus\u201d e \u00e9 um dos principais anjos. Seu nome era o grito de guerra dos anjos bons na batalha combatida no c\u00e9u contra o inimigo e seus seguidores.<\/p>\n<p>Segundo a B\u00edblia, ele \u00e9 um dos sete esp\u00edritos assistentes ao Trono do Alt\u00edssimo, portanto, um dos grandes pr\u00edncipes do C\u00e9u e ministro de Deus.&nbsp; \u00c9 chamado pelo profeta Daniel, no Antigo Testamento, de pr\u00edncipe protetor dos judeus. No Novo Testamento, \u00e9 citado na carta de S\u00e3o Judas e no Livro do Apocalipse. Aparece como protetor dos filhos de Deus e de Sua Igreja.<\/p>\n<p>S\u00e3o Gabriel significa \u201cFortaleza de Deus\u201d. Teve a miss\u00e3o muito importante de anunciar a Nossa Senhora que ela seria a M\u00e3e do Salvador.<\/p>\n<p>Segundo o profeta Daniel (IX, 21), foi Gabriel quem anunciou o tempo da vinda do Messias; quem apareceu a Zacarias \u201cestando de p\u00e9 \u00e0 direita do altar do incenso\u201d (Lc 1, 10-19), para lhe dar a conhecer o futuro nascimento do Precursor; e, finalmente, o arcanjo como embaixador de Deus, foi enviado a Maria, em Nazar\u00e9 para proclamar o mist\u00e9rio da Encarna\u00e7\u00e3o. \u00c9 ele o portador de uma das ora\u00e7\u00f5es mais populares e queridas do cristianismo, a Ave Maria.<\/p>\n<p>S\u00e3o Rafael quer dizer \u201cMedicina de Deus\u201d ou \u201cDeus obrou a sa\u00fade\u201d. \u00c9 o arcanjo amigo dos caminhantes, m\u00e9dico dos doentes, aux\u00edlio dos perseguidos.<\/p>\n<p>No Livro de Tobias \u00e9 narrado o momento que quando Tobit, pai de Tobias e homem de grande caridade, passou pela prova\u00e7\u00e3o da cegueira e todos lhe questionavam a f\u00e9, juntamente quando Sara era atormentada por um dem\u00f4nio que matava seus maridos nas n\u00fapcias. Ent\u00e3o, ambos rezaram a Deus e foram ouvidos; e foi Rafael que foi enviado para lhes prestar socorro.<\/p>\n<p>S\u00e3o Rafael tomou a forma humana, fez-se chamar Azar\u00edas e acompanhou Tobias em sua viagem, ajudando-o em suas dificuldades, guiando-o por todo o caminho e auxiliando-o a encontrar uma esposa da mesma linhagem. Ent\u00e3o, o Arcanjo explicou ao jovem Tobias que poderia se casar com Sara sem perigo algum. E, por fim, ao retornarem esclareceu como ele poderia curar o pai da cegueira. No livro de Tobias o pr\u00f3prio arcanjo se descreve como \u201cum dos sete que est\u00e3o na presen\u00e7a do Senhor\u201d.<\/p>\n<p>Para celebrar esta data, recordamos a ora\u00e7\u00e3o aos Santos Arcanjos:<\/p>\n<p>Ajudai-nos, \u00f3 grandes santos, irm\u00e3os nossos, que sois servos como n\u00f3s diante de Deus. Defendei-nos de n\u00f3s mesmos, de nossa covardia e tibieza, de nosso ego\u00edsmo e de nossa ambi\u00e7\u00e3o, de nossa inveja e desconfian\u00e7a, de nossa avidez em procurar a saciedade, a boa&nbsp;vida&nbsp;e a estima.<\/p>\n<p>Desatai as algemas do pecado e do apego a tudo o que passa. Desvendai os nossos olhos que n\u00f3s mesmos fechamos para n\u00e3o precisar ver as necessidades de nosso pr\u00f3ximos e poder, assim, ocupar-nos de n\u00f3s mesmos numa tranquila autocomplac\u00eancia. Colocai em nosso cora\u00e7\u00e3o o espinho da santa ansiedade de Deus para que n\u00e3o deixemos de procur\u00e1-lo com ardor, contri\u00e7\u00e3o e amor.<\/p>\n<p>Contemplai em n\u00f3s o Sangue do Senhor, que Ele derramou por nossa causa.&nbsp; Contemplai em n\u00f3s as l\u00e1grimas de vossa Rainha, que ela derramou sobre n\u00f3s.<\/p>\n<p>Contemplai em n\u00f3s a pobre, desbotada, arruinada imagem de Deus, comparando-a com a imagem \u00edntegra que dever\u00edamos ser Sua vontade e Seu amor.<\/p>\n<p>Ajudai-nos a conhecer Deus, a ador\u00e1-Lo, a am\u00e1-Lo e a servir-Lhe. Ajudai-nos no combate contra os poderes das trevas que, trai\u00e7oeiramente, nos envolvem e nos afligem.<\/p>\n<p>Ajudai-nos para que nenhum de n\u00f3s se perca e para que, um dia, estejamos todos jubilosamente reunidos na eterna bem-aventuran\u00e7a. Am\u00e9m.<\/p>\n<p>S\u00e3o Miguel, assisti-nos com vossos santos anjos;<br \/>\nAjudai-nos e rogai por n\u00f3s.<\/p>\n<p>S\u00e3o Rafael, assisti-nos com vossos santos anjos;<br \/>\nAjudai-nos e rogai por n\u00f3s.<\/p>\n<p>S\u00e3o Gabriel, assisti-nos com vossos santos anjos;<br \/>\nAjudai-nos e rogai por n\u00f3s.(ACI)<\/p>\n","protected":false},"excerpt":{"rendered":"<p>&nbsp;A&nbsp;Igreja&nbsp;celebra hoje, 29 de setembro, a festa dos santos arcanjos S\u00e3o Miguel, S\u00e3o Gabriel e S\u00e3o Rafael, que aparecem na B\u00edblia com miss\u00f5es importantes dadas por Deus. S\u00e3o Miguel em hebreu significa \u201cQuem como Deus\u201d e \u00e9 um dos principais anjos. Seu nome era o grito de guerra dos anjos bons na batalha combatida no&nbsp;<\/p>\n<p><a class=\"btn btn-style\" href=\"http:\/\/portalcatolico.net\/portal\/santo-do-dia-a-igreja-celebra-os-santos-arcanjos-miguel-gabriel-e-rafael\/\">Continue Reading<\/a><\/p>\n","protected":false},"author":2,"featured_media":73692,"comment_status":"open","ping_status":"open","sticky":false,"template":"","format":"standard","meta":{"footnotes":""},"categories":[69],"tags":[],"class_list":["post-73691","post","type-post","status-publish","format-standard","has-post-thumbnail","hentry","category-artigos"],"_links":{"self":[{"href":"http:\/\/portalcatolico.net\/portal\/wp-json\/wp\/v2\/posts\/73691","targetHints":{"allow":["GET"]}}],"collection":[{"href":"http:\/\/portalcatolico.net\/portal\/wp-json\/wp\/v2\/posts"}],"about":[{"href":"http:\/\/portalcatolico.net\/portal\/wp-json\/wp\/v2\/types\/post"}],"author":[{"embeddable":true,"href":"http:\/\/portalcatolico.net\/portal\/wp-json\/wp\/v2\/users\/2"}],"replies":[{"embeddable":true,"href":"http:\/\/portalcatolico.net\/portal\/wp-json\/wp\/v2\/comments?post=73691"}],"version-history":[{"count":1,"href":"http:\/\/portalcatolico.net\/portal\/wp-json\/wp\/v2\/posts\/73691\/revisions"}],"predecessor-version":[{"id":73693,"href":"http:\/\/portalcatolico.net\/portal\/wp-json\/wp\/v2\/posts\/73691\/revisions\/73693"}],"wp:featuredmedia":[{"embeddable":true,"href":"http:\/\/portalcatolico.net\/portal\/wp-json\/wp\/v2\/media\/73692"}],"wp:attachment":[{"href":"http:\/\/portalcatolico.net\/portal\/wp-json\/wp\/v2\/media?parent=73691"}],"wp:term":[{"taxonomy":"category","embeddable":true,"href":"http:\/\/portalcatolico.net\/portal\/wp-json\/wp\/v2\/categories?post=73691"},{"taxonomy":"post_tag","embeddable":true,"href":"http:\/\/portalcatolico.net\/portal\/wp-json\/wp\/v2\/tags?post=73691"}],"curies":[{"name":"wp","href":"https:\/\/api.w.org\/{rel}","templated":true}]}}