{"id":73666,"date":"2021-09-27T19:33:30","date_gmt":"2021-09-27T22:33:30","guid":{"rendered":"http:\/\/portalcatolico.net\/portal\/?p=73666"},"modified":"2021-09-27T19:33:30","modified_gmt":"2021-09-27T22:33:30","slug":"ministro-geral-frei-massimo-fusarelli-testa-positivo-para-covid-19","status":"publish","type":"post","link":"http:\/\/portalcatolico.net\/portal\/ministro-geral-frei-massimo-fusarelli-testa-positivo-para-covid-19\/","title":{"rendered":"Ministro Geral Frei Massimo Fusarelli testa positivo para Covid-19"},"content":{"rendered":"<p><em>Tamb\u00e9m est\u00e1 com Covid o Definidor Geral Frei C\u00e9sar K\u00fclkamp, que chegou de Roma e se recupera em S\u00e3o Paulo, na Sede Provincial.<\/em><\/p>\n<p>A C\u00faria Geral da Ordem dos Frades Menores, em Roma, distribuiu hoje, 27 de setembro, boletim informando que o Ministro Geral Frei Massimo Fusarelli testou positivo para Covid-19. Tamb\u00e9m est\u00e1 com Covid o Definidor Geral Frei C\u00e9sar K\u00fclkamp, que chegou de Roma e se recupera em S\u00e3o Paulo, na Sede Provincial. Os demais membros do Definit\u00f3rio Geral testaram negativo.<\/p>\n<p><strong>Eis o comunicado:<\/strong><\/p>\n<p>Que o Senhor lhe d\u00ea Paz!<\/p>\n<p>Nesta manh\u00e3, segunda-feira, 27 de setembro, o Santo Padre, Papa Francisco, teria recebido em audi\u00eancia privada o Ministro e o Definit\u00f3rio Geral, com o objetivo de levar uma sauda\u00e7\u00e3o oficial como Governo Geral rec\u00e9m-eleito, em nome de todos os irm\u00e3os da Ordem. Embora os membros do Definit\u00f3rio j\u00e1 estejam vacinados, considerou-se aconselh\u00e1vel que todos se submetessem a um teste antig\u00eanico para Covid-19. O resultado desse teste foi positivo para o Ministro Geral Frei Massimo Fusarelli, e negativo para os demais. Ao receber esta not\u00edcia, uma confirma\u00e7\u00e3o mais confi\u00e1vel foi realizada em um laborat\u00f3rio em Roma com um teste de PCR molecular realizado esta manh\u00e3. Frei Massimo recebeu o resultado quatro horas depois, confirmando que era positivo, assintom\u00e1tico. Gra\u00e7as a Deus ele est\u00e1 bem, mas por enquanto ele tem que seguir o protocolo previsto nesses casos: ele deve entrar em um per\u00edodo de isolamento preventivo por 10 dias, enquanto aguardamos o resultado do pr\u00f3ximo exame ser negativo.<\/p>\n<p>Portanto, todas as nomea\u00e7\u00f5es previstas na agenda foram canceladas e o Ministro ser\u00e1 representado pelo Vig\u00e1rio Geral, Pe. Isauro Covili, especialmente em Assis, para o encontro dos Ministros Gerais e da Fam\u00edlia Franciscana, bem como para as celebra\u00e7\u00f5es por ocasi\u00e3o da Solenidade de S\u00e3o Francisco.<\/p>\n<p>O Ministro se reconhece-se chamado a viver uma original Novena e Festa de S\u00e3o Francisco! Por isso, agradece sinceramente a todos pelo apoio, pelas ora\u00e7\u00f5es e pela companhia espiritual, enquanto, por sua vez, assegura a sua ora\u00e7\u00e3o a todos nestes belos dias de prepara\u00e7\u00e3o para a anual Solenidade do Pai Nosso e do Irm\u00e3o S\u00e3o Francisco.<\/p>\n<p><em>Fraternalmente,<\/em><\/p>\n<p><em>Gabinete de Comunica\u00e7\u00e3o da C\u00faria Geral<\/em><br \/>\n<em>Roma<\/em><\/p>\n","protected":false},"excerpt":{"rendered":"<p>Tamb\u00e9m est\u00e1 com Covid o Definidor Geral Frei C\u00e9sar K\u00fclkamp, que chegou de Roma e se recupera em S\u00e3o Paulo, na Sede Provincial. A C\u00faria Geral da Ordem dos Frades Menores, em Roma, distribuiu hoje, 27 de setembro, boletim informando que o Ministro Geral Frei Massimo Fusarelli testou positivo para Covid-19. Tamb\u00e9m est\u00e1 com Covid&nbsp;<\/p>\n<p><a class=\"btn btn-style\" href=\"http:\/\/portalcatolico.net\/portal\/ministro-geral-frei-massimo-fusarelli-testa-positivo-para-covid-19\/\">Continue Reading<\/a><\/p>\n","protected":false},"author":2,"featured_media":73667,"comment_status":"open","ping_status":"open","sticky":false,"template":"","format":"standard","meta":{"footnotes":""},"categories":[5],"tags":[],"class_list":["post-73666","post","type-post","status-publish","format-standard","has-post-thumbnail","hentry","category-igreja_no_mundo"],"_links":{"self":[{"href":"http:\/\/portalcatolico.net\/portal\/wp-json\/wp\/v2\/posts\/73666","targetHints":{"allow":["GET"]}}],"collection":[{"href":"http:\/\/portalcatolico.net\/portal\/wp-json\/wp\/v2\/posts"}],"about":[{"href":"http:\/\/portalcatolico.net\/portal\/wp-json\/wp\/v2\/types\/post"}],"author":[{"embeddable":true,"href":"http:\/\/portalcatolico.net\/portal\/wp-json\/wp\/v2\/users\/2"}],"replies":[{"embeddable":true,"href":"http:\/\/portalcatolico.net\/portal\/wp-json\/wp\/v2\/comments?post=73666"}],"version-history":[{"count":1,"href":"http:\/\/portalcatolico.net\/portal\/wp-json\/wp\/v2\/posts\/73666\/revisions"}],"predecessor-version":[{"id":73668,"href":"http:\/\/portalcatolico.net\/portal\/wp-json\/wp\/v2\/posts\/73666\/revisions\/73668"}],"wp:featuredmedia":[{"embeddable":true,"href":"http:\/\/portalcatolico.net\/portal\/wp-json\/wp\/v2\/media\/73667"}],"wp:attachment":[{"href":"http:\/\/portalcatolico.net\/portal\/wp-json\/wp\/v2\/media?parent=73666"}],"wp:term":[{"taxonomy":"category","embeddable":true,"href":"http:\/\/portalcatolico.net\/portal\/wp-json\/wp\/v2\/categories?post=73666"},{"taxonomy":"post_tag","embeddable":true,"href":"http:\/\/portalcatolico.net\/portal\/wp-json\/wp\/v2\/tags?post=73666"}],"curies":[{"name":"wp","href":"https:\/\/api.w.org\/{rel}","templated":true}]}}