{"id":73634,"date":"2021-09-24T18:36:44","date_gmt":"2021-09-24T21:36:44","guid":{"rendered":"http:\/\/portalcatolico.net\/portal\/?p=73634"},"modified":"2021-09-24T18:39:59","modified_gmt":"2021-09-24T21:39:59","slug":"diocese-de-duque-de-caxias-imagem-roubada-ha-47-anos-e-recuperada","status":"publish","type":"post","link":"http:\/\/portalcatolico.net\/portal\/diocese-de-duque-de-caxias-imagem-roubada-ha-47-anos-e-recuperada\/","title":{"rendered":"Diocese de Duque de Caxias: imagem roubada h\u00e1 47 anos \u00e9 recuperada"},"content":{"rendered":"<div class=\"article__subTitle\">Furtada h\u00e1 47 anos, imagem hist\u00f3rica de Rei Davi \u00e9 recuperada pela Diocese. A imagem encontrava-se em uma cole\u00e7\u00e3o particular no Estado de S\u00e3o Paulo.<\/div>\n<div class=\"article__text \">\n<p>Assim como na literatura b\u00edblica, as imagens sacras do Rei Davi e de sua amada Betsab\u00e9ia, m\u00e3e do Rei Salom\u00e3o, passaram por maus momentos. Furtadas da Igreja Matriz de Nossa Senhora do Pilar em 1974, as esculturas seguiram destinos diferentes e ficaram desaparecidas por mais de quatro d\u00e9cadas at\u00e9 serem localizadas em acervos de colecionadores.<\/p>\n<p>A primeira escultura recuperada foi a da a rainha consorte de Israel \u2013 Betsab\u00e1 &#8211; esposa do rei Davi e m\u00e3e do rei Salom\u00e3o. Agora foi a vez da imagem do Rei Davi. Ambas as obras foram executadas na primeira metade do S\u00e9culo XVIII e possuem caracter\u00edsticas do barroco joanino, em madeira policromada e douramento, com cerca de 1,20m de altura. Juntas, essas imagens formam um conjunto escult\u00f3rico pertencente ao altar-mor da igreja hist\u00f3rica localizada no bairro Pilar em Duque de Caxias (RJ).<\/p>\n<div>\n<div class=\"article__embed article__embed--unwrap article__embed--photo\">\n<figure><img loading=\"lazy\" decoding=\"async\" class=\"alignnone wp-image-73635\" src=\"http:\/\/portalcatolico.net\/portal\/wp-content\/uploads\/2021\/09\/cq5dam.thumbnail.cropped.750.422-2-300x169.jpeg\" alt=\"\" width=\"765\" height=\"431\" srcset=\"http:\/\/portalcatolico.net\/portal\/wp-content\/uploads\/2021\/09\/cq5dam.thumbnail.cropped.750.422-2-300x169.jpeg 300w, http:\/\/portalcatolico.net\/portal\/wp-content\/uploads\/2021\/09\/cq5dam.thumbnail.cropped.750.422-2.jpeg 750w\" sizes=\"auto, (max-width: 765px) 100vw, 765px\" \/><\/figure>\n<div class=\"photo_embed--Title\">Hist\u00f3rica de Rei Davi \u00e9 recuperada pela Diocese de Duque de Caxias<\/div>\n<\/div>\n<\/div>\n<p>Caracter\u00edsticas da imagem sacra<\/p>\n<p>Elaine Gusm\u00e3o, especialista em Hist\u00f3ria da Arte e membro da Comiss\u00e3o para os Bens Culturais e Patrim\u00f4nio Hist\u00f3rico da Diocese de Duque de Caxias, \u00e9 quem nos conta sobre as especificidades dessas obras. \u201cO estilo barroco \u00e9 caracterizado pela grandiosidade, teatralidade e representa\u00e7\u00f5es visuais das imagens, que nasceu para atuar como instrumento de afirma\u00e7\u00e3o e persuas\u00e3o da f\u00e9 crist\u00e3. As imagens auxiliavam na catequiza\u00e7\u00e3o dos fi\u00e9is, que n\u00e3o tinham acesso aos textos da B\u00edblia. A transcend\u00eancia est\u00e9tica das obras fortalecia os ensinamentos religiosos atrav\u00e9s do encantamento dos devotos com a beleza art\u00edstica. A imagem foi confeccionada em &#8220;escorzo&#8221;, que \u00e9 a altera\u00e7\u00e3o intencional das propor\u00e7\u00f5es anat\u00f4micas, t\u00e9cnica utilizada pelos artistas para corrigir a perspectiva, uma vez que seriam vistas de longe e de baixo para cima.\u201d<\/p>\n<div>\n<div class=\"article__embed article__embed--unwrap article__embed--photo\">\n<figure><img loading=\"lazy\" decoding=\"async\" class=\"alignnone wp-image-73638\" src=\"http:\/\/portalcatolico.net\/portal\/wp-content\/uploads\/2021\/09\/cq5dam.thumbnail.cropped.750.422-3-1-300x169.jpeg\" alt=\"\" width=\"774\" height=\"436\" srcset=\"http:\/\/portalcatolico.net\/portal\/wp-content\/uploads\/2021\/09\/cq5dam.thumbnail.cropped.750.422-3-1-300x169.jpeg 300w, http:\/\/portalcatolico.net\/portal\/wp-content\/uploads\/2021\/09\/cq5dam.thumbnail.cropped.750.422-3-1.jpeg 750w\" sizes=\"auto, (max-width: 774px) 100vw, 774px\" \/><\/figure>\n<div class=\"photo_embed--Title\">Conjunto escult\u00f3rico pertencente ao altar-mor da igreja hist\u00f3rica<\/div>\n<\/div>\n<\/div>\n<p><strong>Simbolismo<\/strong><\/p>\n<p>A especialista nos conta ainda que \u201ca iconografia do conjunto escult\u00f3rico representa a passagem da B\u00edblia presente em 2 Samuel 11,2-5:&nbsp; \u201cUma tarde Davi levantou-se da cama e foi passear pelo terra\u00e7o do pal\u00e1cio. Do terra\u00e7o viu uma mulher muito bonita tomando banho, e mandou algu\u00e9m procurar saber quem era ela. Disseram-lhe: \u2018\u00c9 Betsab\u00e1, filha de Eli\u00e3 e mulher de Urias, o hitita\u2019. Davi mandou que a trouxessem, e se deitou com ela, que havia acabado de se purificar da impureza da sua menstrua\u00e7\u00e3o. Depois, voltou para casa. A mulher engravidou e mandou um recado a Davi, dizendo que estava gr\u00e1vida\u201d.<\/p>\n<p><strong>Buscas, identifica\u00e7\u00e3o e retorno<\/strong><\/p>\n<p>O rastreamento e localiza\u00e7\u00e3o das imagens sacras furtadas dos nossos templos, principalmente da Igreja do Pilar, fazem parte de um esfor\u00e7o permanente da Diocese de Duque de Caxias, em conjunto com o Minist\u00e9rio P\u00fablico, e que envolve ainda, os esfor\u00e7os da Pol\u00edcia Federal e do Poder Judici\u00e1rio. No caso espec\u00edfico da imagem do Rei Davi, foram feitas houve buscas em leil\u00f5es de arte, livros de arte e cat\u00e1logos. A escultura foi identificada, em 2015, no livro \u201cO Aleijadinho: Cat\u00e1logo Geral da Obra: Invent\u00e1rio das Cole\u00e7\u00f5es P\u00fablicas e Particulares\u201d, obra de autoria de M\u00e1rcio Jardim, Herbert Sardinha Pinto e Marcelo Coimbra, lan\u00e7ado em 2011. A imagem encontrava-se em uma cole\u00e7\u00e3o particular no Estado de S\u00e3o Paulo.<\/p>\n<div>\n<div class=\"article__embed article__embed--unwrap article__embed--photo\">\n<figure><img loading=\"lazy\" decoding=\"async\" class=\"alignnone wp-image-73640\" src=\"http:\/\/portalcatolico.net\/portal\/wp-content\/uploads\/2021\/09\/cq5dam.thumbnail.cropped.750.422-4-300x169.jpeg\" alt=\"\" width=\"758\" height=\"427\" srcset=\"http:\/\/portalcatolico.net\/portal\/wp-content\/uploads\/2021\/09\/cq5dam.thumbnail.cropped.750.422-4-300x169.jpeg 300w, http:\/\/portalcatolico.net\/portal\/wp-content\/uploads\/2021\/09\/cq5dam.thumbnail.cropped.750.422-4.jpeg 750w\" sizes=\"auto, (max-width: 758px) 100vw, 758px\" \/><\/figure>\n<div class=\"photo_embed--Title\">Hist\u00f3rica igreja<\/div>\n<\/div>\n<\/div>\n<p><strong>Igreja do Pilar<\/strong><\/p>\n<p>Um dos primeiros bens tombados do pa\u00eds, em 1938, apenas um ano ap\u00f3s a cria\u00e7\u00e3o do Instituto do Patrim\u00f4nio Hist\u00f3rico e Art\u00edstico Nacional (IPHAN), a Igreja Matriz de Nossa Senhora do Pilar foi constru\u00edda no in\u00edcio do s\u00e9culo XVIII nas margens do antigo porto do Pilar do Igua\u00e7u, sendo a sede religiosa de uma das freguesias mais ricas da regi\u00e3o durante o ciclo do ouro, pois situava-se num dos caminhos para as Minas, por\u00e9m com a abertura de uma nova estrada que fazia cumpria o mesmo trajeto de maneira mais c\u00e9lere fora abandonado, levando a freguesia \u00e0 decad\u00eancia.<\/p>\n<p>De rara beleza e ornada em ouro, a igreja hist\u00f3rica passou por muitos furtos, tendo grande parte do seu acervo saqueado, entre os quais a imagem de Nossa Senhora do Pilar, padroeira diocesana, que ainda encontra-se desaparecida.<\/p>\n<p>Atualmente o templo encontra-se em processo de restaura\u00e7\u00e3o para a realiza\u00e7\u00e3o do refor\u00e7o da infraestrutura, descupiniza\u00e7\u00e3o, recupera\u00e7\u00e3o dos bens m\u00f3veis integrados e a conserva\u00e7\u00e3o dos elementos art\u00edsticos. Inicialmente com previs\u00e3o de entrega para dezembro de 2020, devido a pandemia da COVID-19, foi necess\u00e1ria uma readequa\u00e7\u00e3o no prazo de conclus\u00e3o das obras. Mas em breve os fi\u00e9is poder\u00e3o voltar a participar das missas e celebra\u00e7\u00f5es no templo fechado h\u00e1 7 anos.<\/p>\n<p>Fonte:&nbsp;<b>Diocese de Duque de Caxias(RJ) e Vatican News<\/b><\/p>\n<p><b><i>Colabora\u00e7\u00e3o:<\/i><\/b><\/p>\n<p><b><i>Comiss\u00e3o para os Bens Culturais e Artes Sacras e Assessoria de Comunica\u00e7\u00e3o da Diocese de Duque de Caxias<\/i><\/b><\/p>\n<\/div>\n","protected":false},"excerpt":{"rendered":"<p>Furtada h\u00e1 47 anos, imagem hist\u00f3rica de Rei Davi \u00e9 recuperada pela Diocese. A imagem encontrava-se em uma cole\u00e7\u00e3o particular no Estado de S\u00e3o Paulo. Assim como na literatura b\u00edblica, as imagens sacras do Rei Davi e de sua amada Betsab\u00e9ia, m\u00e3e do Rei Salom\u00e3o, passaram por maus momentos. Furtadas da Igreja Matriz de Nossa&nbsp;<\/p>\n<p><a class=\"btn btn-style\" href=\"http:\/\/portalcatolico.net\/portal\/diocese-de-duque-de-caxias-imagem-roubada-ha-47-anos-e-recuperada\/\">Continue Reading<\/a><\/p>\n","protected":false},"author":2,"featured_media":73637,"comment_status":"open","ping_status":"open","sticky":false,"template":"","format":"standard","meta":{"footnotes":""},"categories":[5],"tags":[],"class_list":["post-73634","post","type-post","status-publish","format-standard","has-post-thumbnail","hentry","category-igreja_no_mundo"],"_links":{"self":[{"href":"http:\/\/portalcatolico.net\/portal\/wp-json\/wp\/v2\/posts\/73634","targetHints":{"allow":["GET"]}}],"collection":[{"href":"http:\/\/portalcatolico.net\/portal\/wp-json\/wp\/v2\/posts"}],"about":[{"href":"http:\/\/portalcatolico.net\/portal\/wp-json\/wp\/v2\/types\/post"}],"author":[{"embeddable":true,"href":"http:\/\/portalcatolico.net\/portal\/wp-json\/wp\/v2\/users\/2"}],"replies":[{"embeddable":true,"href":"http:\/\/portalcatolico.net\/portal\/wp-json\/wp\/v2\/comments?post=73634"}],"version-history":[{"count":5,"href":"http:\/\/portalcatolico.net\/portal\/wp-json\/wp\/v2\/posts\/73634\/revisions"}],"predecessor-version":[{"id":73643,"href":"http:\/\/portalcatolico.net\/portal\/wp-json\/wp\/v2\/posts\/73634\/revisions\/73643"}],"wp:featuredmedia":[{"embeddable":true,"href":"http:\/\/portalcatolico.net\/portal\/wp-json\/wp\/v2\/media\/73637"}],"wp:attachment":[{"href":"http:\/\/portalcatolico.net\/portal\/wp-json\/wp\/v2\/media?parent=73634"}],"wp:term":[{"taxonomy":"category","embeddable":true,"href":"http:\/\/portalcatolico.net\/portal\/wp-json\/wp\/v2\/categories?post=73634"},{"taxonomy":"post_tag","embeddable":true,"href":"http:\/\/portalcatolico.net\/portal\/wp-json\/wp\/v2\/tags?post=73634"}],"curies":[{"name":"wp","href":"https:\/\/api.w.org\/{rel}","templated":true}]}}