{"id":73626,"date":"2021-09-23T21:30:22","date_gmt":"2021-09-24T00:30:22","guid":{"rendered":"http:\/\/portalcatolico.net\/portal\/?p=73626"},"modified":"2021-09-23T21:33:56","modified_gmt":"2021-09-24T00:33:56","slug":"cpt-realiza-campanha-de-financiamento-coletivo-para-salvar-nascentes-do-cerrado","status":"publish","type":"post","link":"http:\/\/portalcatolico.net\/portal\/cpt-realiza-campanha-de-financiamento-coletivo-para-salvar-nascentes-do-cerrado\/","title":{"rendered":"CPT REALIZA CAMPANHA DE FINANCIAMENTO COLETIVO PARA SALVAR NASCENTES DO CERRADO"},"content":{"rendered":"<p>A Comiss\u00e3o Pastoral da Terra (CPT) lan\u00e7ou uma campanha de financiamento coletivo para salvar nascentes do Cerrado brasileiro. Em sintonia com o Dia Nacional do Cerrado, celebrado no \u00faltimo dia 11, a iniciativa busca arrecadar recursos para a Comiss\u00e3o Pastoral da Terra (CPT)&nbsp;realizar processos de forma\u00e7\u00e3o junto a v\u00e1rias comunidades e camponeses do bioma na luta em defesa das \u00e1guas, da terra e das florestas.<\/p>\n<p>A Campanha de financiamento coletivo Salve Uma Nascente ocorre por meio da plataforma Benfeitoria:&nbsp;<a href=\"https:\/\/benfeitoria.com\/salveumanascente\" target=\"_blank\" rel=\"noopener\">https:\/\/benfeitoria.com\/salveumanascente<\/a><\/p>\n<p>De acordo com a CPT, a iniciativa \u00e9&nbsp;resultado do envolvimento de seus agentes com as Comunidades Tradicionais e Camponesas do&nbsp;<a href=\"https:\/\/www.cnbb.org.br\/cerrado-e-conjunto-de-riqueza-que-deve-ser-cuidado-e-preservado-afirma-dom-giovane-de-melo\/\">Cerrado<\/a>, que querem recuperar cinco nascentes localizadas em comunidades dos estados do Maranh\u00e3o, Piau\u00ed, Goi\u00e1s, Mato Grosso e Mato Grosso do Sul. No total, a campanha pretende arrecadar R$ 110 mil (cento e dez mil reais), mas precisa cumprir uma meta inicial de 30 mil reais.<\/p>\n<p>O Cerrado \u00e9 bioma de onde nascem importantes rios que percorrem o Brasil, considerada a mais importante \u00e1rea de recarga h\u00eddrica do Brasil. O desaparecimento das nascentes, segundo a CPT e ambientalistas, deve-se principalmente ao desmatamento, causado pelo agroneg\u00f3cio e pelos projetos desenfreados no campo e na cidade que n\u00e3o respeitam a natureza, os cursos d\u2019\u00e1gua, as florestas. Os povos e comunidades tradicionais, por sua vez, atuam como guardi\u00e3s deste bem valioso, e querem preserv\u00e1-las.<\/p>\n<p>Para quem fizer as doa\u00e7\u00f5es, s\u00e3o oferecidas recompensas de acordo o valor doado.<\/p>\n<h3>Recupera\u00e7\u00e3o de nascentes<\/h3>\n<p>H\u00e1 mais de 10 anos a&nbsp;<b>Comiss\u00e3o Pastoral da Terra<\/b>&nbsp;trabalha realizando experi\u00eancias comunit\u00e1rias de recupera\u00e7\u00e3o de nascentes e do solo de \u00e1reas degradadas do Cerrado. Os primeiros projetos foram desenvolvidos nos estados de Goi\u00e1s e Mato Grosso.<\/p>\n<figure class=\"wp-caption aligncenter\"><img loading=\"lazy\" decoding=\"async\" class=\" lazyloaded\" src=\"https:\/\/i.imgur.com\/A8HlxB7.png\" alt=\"Comunidades e nascentes no Cerrado\" width=\"670\" height=\"541\" data-src=\"https:\/\/i.imgur.com\/A8HlxB7.png\"><figcaption class=\"wp-caption-text\">Projetos de restaura\u00e7\u00e3o de nascentes no Cerrado | Foto: CPT Nacional\/reprodu\u00e7\u00e3o<\/figcaption><\/figure>\n<p>Al\u00e9m de Goi\u00e1s e Mato Grosso, agora a CPT pretende beneficiar comunidades no Maranh\u00e3o, Piau\u00ed e Mato Grosso do Sul.&nbsp;A Campanha<b>&nbsp;SALVE UMA NASCENTE<\/b>&nbsp;vai realizar processos de forma\u00e7\u00e3o junto a v\u00e1rias comunidades e camponeses(as) cerradeiros(as) na luta em defesa das \u00e1guas, da terra e das florestas.<\/p>\n<p>A ideia \u00e9 que eles se tornem multiplicadores e, assim, vamos construir verdadeiras redes de prote\u00e7\u00e3o para as nascentes do Cerrado.<\/p>\n<p>&nbsp;<\/p>\n<div class=\"ast-oembed-container\"><a href=\"https:\/\/www.youtube.com\/watch?v=pjIos3TaydE&amp;t=60s\">https:\/\/www.youtube.com\/watch?v=pjIos3TaydE&amp;t=60s<\/a><\/div>\n<p>&nbsp;<\/p>\n<h3>As nascentes que ser\u00e3o recuperadas<\/h3>\n<h4><b>Piau\u00ed<\/b><\/h4>\n<p>Nascente no Territ\u00f3rio V\u00e3o do Vico, Munic\u00edpio de Santa Filomena. A&nbsp;<b>comunidade ind\u00edgena Gamela conta com 17 fam\u00edlias<\/b>&nbsp;e vem sofrendo com a a\u00e7\u00e3o de grileiros e com o avan\u00e7o da soja. A mata de cobertura de prote\u00e7\u00e3o das nascentes foi destru\u00edda e as chuvas carregaram muita areia, soterrando muitas delas.<\/p>\n<h4><b>Maranh\u00e3o&nbsp;<\/b><\/h4>\n<p>Uma das nascentes do Rio Itapecuru, um curso d\u2019agua com&nbsp;<b>1.450 quil\u00f4metros de extens\u00e3o<\/b>&nbsp;e largura de 50 a 120 metros, que banha o Estado do Maranh\u00e3o. As primeiras \u00e1guas brotam no \u201cV\u00e3o do Pinto\u201d, no munic\u00edpio de S\u00e3o Raimundo das Mangabeiras. A bacia do Itapecuru&nbsp;<b>abastece 60% da popula\u00e7\u00e3o da capital S\u00e3o Lu\u00eds<\/b>, al\u00e9m de outras cidades no Estado.<\/p>\n<h4><b>Goi\u00e1s<\/b><\/h4>\n<p>A nascente do Rio Caldas abastece todo o distrito do Cruzeiro do Bom Jardim, localizado no munic\u00edpio de Silv\u00e2nia. Ali vivem&nbsp;<b>40 fam\u00edlias que sobrevivem da agricultura familiar.<\/b>&nbsp;A comunidade enfrenta o problema do desmatamento e da diminui\u00e7\u00e3o das \u00e1guas com o avan\u00e7o da monocultura da soja e a pulveriza\u00e7\u00e3o de agrot\u00f3xicos.<\/p>\n<h4><b>Mato Grosso<\/b><\/h4>\n<p>A nascente a ser recuperada est\u00e1 na comunidade Po\u00e7o Azul, no munic\u00edpio de Poxor\u00e9u.&nbsp;<b>A comunidade do local \u00e9 composta por 16 fam\u00edlias tradicionais.<\/b>&nbsp;A nascente est\u00e1 secando devido \u00e0 falta de vegeta\u00e7\u00e3o nativa, o que coloca em risco a subsist\u00eancia da comunidade, j\u00e1 precisam da \u00e1gua para o plantio de hortas, quintais produtivos e pequenas ro\u00e7as.<\/p>\n<h4><b>Mato Grosso do Sul&nbsp;<\/b><\/h4>\n<p>A nascente a ser recuperada est\u00e1 no munic\u00edpio de Sidrol\u00e2ndia, dentro de uma<b>&nbsp;\u00e1rea de reserva legal.<\/b>&nbsp;As fam\u00edlias que vivem nesse assentamento precisam da recupera\u00e7\u00e3o da nascente, que secou por conta da a\u00e7\u00e3o do gado que pisoteou as margens. Para recuper\u00e1-la, ser\u00e3o necess\u00e1rios novos arames e palanques, a fim de proteger o acesso, al\u00e9m de mudas de vegeta\u00e7\u00e3o nativa do Cerrado.<\/p>\n<p>&nbsp;<\/p>\n<p>Saiba mais:&nbsp;<a href=\"https:\/\/benfeitoria.com\/salveumanascente\" target=\"_blank\" rel=\"noopener\">https:\/\/benfeitoria.com\/salveumanascente<\/a><\/p>\n<div class=\"iframely-embed\"><a href=\"https:\/\/www.cnbb.org.br\/cpt-campanha-salvar-nascentes-do-cerrado-23092021\/\">CNBB<\/a><\/div>\n","protected":false},"excerpt":{"rendered":"<p>A Comiss\u00e3o Pastoral da Terra (CPT) lan\u00e7ou uma campanha de financiamento coletivo para salvar nascentes do Cerrado brasileiro. Em sintonia com o Dia Nacional do Cerrado, celebrado no \u00faltimo dia 11, a iniciativa busca arrecadar recursos para a Comiss\u00e3o Pastoral da Terra (CPT)&nbsp;realizar processos de forma\u00e7\u00e3o junto a v\u00e1rias comunidades e camponeses do bioma na&nbsp;<\/p>\n<p><a class=\"btn btn-style\" href=\"http:\/\/portalcatolico.net\/portal\/cpt-realiza-campanha-de-financiamento-coletivo-para-salvar-nascentes-do-cerrado\/\">Continue Reading<\/a><\/p>\n","protected":false},"author":2,"featured_media":73629,"comment_status":"open","ping_status":"open","sticky":false,"template":"","format":"standard","meta":{"footnotes":""},"categories":[4],"tags":[],"class_list":["post-73626","post","type-post","status-publish","format-standard","has-post-thumbnail","hentry","category-destaques"],"_links":{"self":[{"href":"http:\/\/portalcatolico.net\/portal\/wp-json\/wp\/v2\/posts\/73626","targetHints":{"allow":["GET"]}}],"collection":[{"href":"http:\/\/portalcatolico.net\/portal\/wp-json\/wp\/v2\/posts"}],"about":[{"href":"http:\/\/portalcatolico.net\/portal\/wp-json\/wp\/v2\/types\/post"}],"author":[{"embeddable":true,"href":"http:\/\/portalcatolico.net\/portal\/wp-json\/wp\/v2\/users\/2"}],"replies":[{"embeddable":true,"href":"http:\/\/portalcatolico.net\/portal\/wp-json\/wp\/v2\/comments?post=73626"}],"version-history":[{"count":3,"href":"http:\/\/portalcatolico.net\/portal\/wp-json\/wp\/v2\/posts\/73626\/revisions"}],"predecessor-version":[{"id":73630,"href":"http:\/\/portalcatolico.net\/portal\/wp-json\/wp\/v2\/posts\/73626\/revisions\/73630"}],"wp:featuredmedia":[{"embeddable":true,"href":"http:\/\/portalcatolico.net\/portal\/wp-json\/wp\/v2\/media\/73629"}],"wp:attachment":[{"href":"http:\/\/portalcatolico.net\/portal\/wp-json\/wp\/v2\/media?parent=73626"}],"wp:term":[{"taxonomy":"category","embeddable":true,"href":"http:\/\/portalcatolico.net\/portal\/wp-json\/wp\/v2\/categories?post=73626"},{"taxonomy":"post_tag","embeddable":true,"href":"http:\/\/portalcatolico.net\/portal\/wp-json\/wp\/v2\/tags?post=73626"}],"curies":[{"name":"wp","href":"https:\/\/api.w.org\/{rel}","templated":true}]}}