{"id":73491,"date":"2021-09-04T19:09:29","date_gmt":"2021-09-04T22:09:29","guid":{"rendered":"http:\/\/portalcatolico.net\/portal\/?p=73491"},"modified":"2021-09-04T19:09:29","modified_gmt":"2021-09-04T22:09:29","slug":"diocese-de-camacari-ganha-novos-diaconos-permanentes-nesse-sabado-04-09","status":"publish","type":"post","link":"http:\/\/portalcatolico.net\/portal\/diocese-de-camacari-ganha-novos-diaconos-permanentes-nesse-sabado-04-09\/","title":{"rendered":"Diocese de Cama\u00e7ari ganha novos di\u00e1conos permanentes nesse s\u00e1bado (04\/09)"},"content":{"rendered":"<p><em>Celebra\u00e7\u00e3o foi presidida pelo bispo dessa Igreja particular, Dom Petrini.<\/em><\/p>\n<h3>Na manh\u00e3 desse s\u00e1bado, dia 4 de setembro,&nbsp;a Diocese de Cama\u00e7ari ganhou mais 4 novos di\u00e1conos permanentes.&nbsp;<\/h3>\n<div>Foram&nbsp;ordenados Jorge Silva Santos, Adeildo Felix da Silva, Jo\u00e3o Jos\u00e9 Reis das Neves e Irm\u00e3o Nailson da Silva Santos.<\/div>\n<div>&nbsp;<\/div>\n<div>A celebra\u00e7\u00e3o teve a&nbsp;presid\u00eancia do bispo diocesano Dom Jo\u00e3o Carlos Petrini, \u00e0s 9h da manh\u00e3, na Catedral S\u00e3o Thomaz de Cantu\u00e1ria, com transmiss\u00e3o feita pelo Youtube da Diocese de Cama\u00e7ari (<a href=\"http:\/\/youtube.com\/c\/DiocesedeCama%C3%A7ari\">youtube.com\/c\/DiocesedeCama%C3%A7ari<\/a>).<\/div>\n<div>&nbsp;<\/div>\n<div>Com informa\u00e7\u00f5es e foto da Diocese de Cama\u00e7ari<\/div>\n","protected":false},"excerpt":{"rendered":"<p>Celebra\u00e7\u00e3o foi presidida pelo bispo dessa Igreja particular, Dom Petrini. Na manh\u00e3 desse s\u00e1bado, dia 4 de setembro,&nbsp;a Diocese de Cama\u00e7ari ganhou mais 4 novos di\u00e1conos permanentes.&nbsp; Foram&nbsp;ordenados Jorge Silva Santos, Adeildo Felix da Silva, Jo\u00e3o Jos\u00e9 Reis das Neves e Irm\u00e3o Nailson da Silva Santos. &nbsp; A celebra\u00e7\u00e3o teve a&nbsp;presid\u00eancia do bispo diocesano Dom&nbsp;<\/p>\n<p><a class=\"btn btn-style\" href=\"http:\/\/portalcatolico.net\/portal\/diocese-de-camacari-ganha-novos-diaconos-permanentes-nesse-sabado-04-09\/\">Continue Reading<\/a><\/p>\n","protected":false},"author":2,"featured_media":73492,"comment_status":"open","ping_status":"open","sticky":false,"template":"","format":"standard","meta":{"footnotes":""},"categories":[3],"tags":[],"class_list":["post-73491","post","type-post","status-publish","format-standard","has-post-thumbnail","hentry","category-noticias_regionais"],"_links":{"self":[{"href":"http:\/\/portalcatolico.net\/portal\/wp-json\/wp\/v2\/posts\/73491","targetHints":{"allow":["GET"]}}],"collection":[{"href":"http:\/\/portalcatolico.net\/portal\/wp-json\/wp\/v2\/posts"}],"about":[{"href":"http:\/\/portalcatolico.net\/portal\/wp-json\/wp\/v2\/types\/post"}],"author":[{"embeddable":true,"href":"http:\/\/portalcatolico.net\/portal\/wp-json\/wp\/v2\/users\/2"}],"replies":[{"embeddable":true,"href":"http:\/\/portalcatolico.net\/portal\/wp-json\/wp\/v2\/comments?post=73491"}],"version-history":[{"count":1,"href":"http:\/\/portalcatolico.net\/portal\/wp-json\/wp\/v2\/posts\/73491\/revisions"}],"predecessor-version":[{"id":73493,"href":"http:\/\/portalcatolico.net\/portal\/wp-json\/wp\/v2\/posts\/73491\/revisions\/73493"}],"wp:featuredmedia":[{"embeddable":true,"href":"http:\/\/portalcatolico.net\/portal\/wp-json\/wp\/v2\/media\/73492"}],"wp:attachment":[{"href":"http:\/\/portalcatolico.net\/portal\/wp-json\/wp\/v2\/media?parent=73491"}],"wp:term":[{"taxonomy":"category","embeddable":true,"href":"http:\/\/portalcatolico.net\/portal\/wp-json\/wp\/v2\/categories?post=73491"},{"taxonomy":"post_tag","embeddable":true,"href":"http:\/\/portalcatolico.net\/portal\/wp-json\/wp\/v2\/tags?post=73491"}],"curies":[{"name":"wp","href":"https:\/\/api.w.org\/{rel}","templated":true}]}}