{"id":73482,"date":"2021-09-03T13:30:06","date_gmt":"2021-09-03T16:30:06","guid":{"rendered":"http:\/\/portalcatolico.net\/portal\/?p=73482"},"modified":"2021-09-03T14:24:17","modified_gmt":"2021-09-03T17:24:17","slug":"retiro-do-clero-da-diocese-de-itabuna-yem-encerramento-nesta-sexta-feira","status":"publish","type":"post","link":"http:\/\/portalcatolico.net\/portal\/retiro-do-clero-da-diocese-de-itabuna-yem-encerramento-nesta-sexta-feira\/","title":{"rendered":"Retiro do Clero da Diocese de Itabuna tem encerramento nesta sexta-feira"},"content":{"rendered":"<p><img loading=\"lazy\" decoding=\"async\" class=\"size-medium wp-image-73486 alignleft\" src=\"http:\/\/portalcatolico.net\/portal\/wp-content\/uploads\/2021\/09\/4fd862c8-fe8d-4c76-9d16-016939eb2027-300x225.jpg\" alt=\"\" width=\"300\" height=\"225\" srcset=\"http:\/\/portalcatolico.net\/portal\/wp-content\/uploads\/2021\/09\/4fd862c8-fe8d-4c76-9d16-016939eb2027-300x225.jpg 300w, http:\/\/portalcatolico.net\/portal\/wp-content\/uploads\/2021\/09\/4fd862c8-fe8d-4c76-9d16-016939eb2027-768x576.jpg 768w, http:\/\/portalcatolico.net\/portal\/wp-content\/uploads\/2021\/09\/4fd862c8-fe8d-4c76-9d16-016939eb2027-1024x768.jpg 1024w, http:\/\/portalcatolico.net\/portal\/wp-content\/uploads\/2021\/09\/4fd862c8-fe8d-4c76-9d16-016939eb2027.jpg 1280w\" sizes=\"auto, (max-width: 300px) 100vw, 300px\" \/><\/p>\n<p>Do dia 31 at\u00e9 hoje, 03 de Setembro, aconteceu&nbsp; o retiro anual do Clero da Diocese de Itabuna, tendo como pregador do retiro o Bispo Auxiliar da Arquidiocese de Salvador, Dom Dorival Barreto Junior, Bispo rec\u00e9m ordenado.<\/p>\n<div>Nas redes sociais, a Diocese de Itabuna, deixou essa mensagem: &#8220;Pedimos a todos os nossos paroquianos, que possam estar unidos em ora\u00e7\u00e3o pelo nosso Clero Diocesano, e pedir a Deus para que os nossos presb\u00edteros continuem sendo a imagem e semelhan\u00e7a do Cristo Bom Pastor&#8221;.<\/div>\n<p>Na oportunidade, Dom Dorival disse: &#8220;Esse retiro foi uma boa oportunidade para poder encontrar com os irm\u00e3os, presb\u00edteros e di\u00e1conos. Poder anim\u00e1-los e encoraj\u00e1-los nesta miss\u00e3o. O retiro \u00e9 sempre uma oportunidade de parar, rezar, poder se reabastecer e se santificar&#8221;.<\/p>\n<p>Fotos: Pascom\/Diocese de Itabuna(BA)<\/p>\n","protected":false},"excerpt":{"rendered":"<p>Do dia 31 at\u00e9 hoje, 03 de Setembro, aconteceu&nbsp; o retiro anual do Clero da Diocese de Itabuna, tendo como pregador do retiro o Bispo Auxiliar da Arquidiocese de Salvador, Dom Dorival Barreto Junior, Bispo rec\u00e9m ordenado. Nas redes sociais, a Diocese de Itabuna, deixou essa mensagem: &#8220;Pedimos a todos os nossos paroquianos, que possam&nbsp;<\/p>\n<p><a class=\"btn btn-style\" href=\"http:\/\/portalcatolico.net\/portal\/retiro-do-clero-da-diocese-de-itabuna-yem-encerramento-nesta-sexta-feira\/\">Continue Reading<\/a><\/p>\n","protected":false},"author":2,"featured_media":73485,"comment_status":"open","ping_status":"open","sticky":false,"template":"","format":"standard","meta":{"footnotes":""},"categories":[4],"tags":[],"class_list":["post-73482","post","type-post","status-publish","format-standard","has-post-thumbnail","hentry","category-destaques"],"_links":{"self":[{"href":"http:\/\/portalcatolico.net\/portal\/wp-json\/wp\/v2\/posts\/73482","targetHints":{"allow":["GET"]}}],"collection":[{"href":"http:\/\/portalcatolico.net\/portal\/wp-json\/wp\/v2\/posts"}],"about":[{"href":"http:\/\/portalcatolico.net\/portal\/wp-json\/wp\/v2\/types\/post"}],"author":[{"embeddable":true,"href":"http:\/\/portalcatolico.net\/portal\/wp-json\/wp\/v2\/users\/2"}],"replies":[{"embeddable":true,"href":"http:\/\/portalcatolico.net\/portal\/wp-json\/wp\/v2\/comments?post=73482"}],"version-history":[{"count":6,"href":"http:\/\/portalcatolico.net\/portal\/wp-json\/wp\/v2\/posts\/73482\/revisions"}],"predecessor-version":[{"id":73490,"href":"http:\/\/portalcatolico.net\/portal\/wp-json\/wp\/v2\/posts\/73482\/revisions\/73490"}],"wp:featuredmedia":[{"embeddable":true,"href":"http:\/\/portalcatolico.net\/portal\/wp-json\/wp\/v2\/media\/73485"}],"wp:attachment":[{"href":"http:\/\/portalcatolico.net\/portal\/wp-json\/wp\/v2\/media?parent=73482"}],"wp:term":[{"taxonomy":"category","embeddable":true,"href":"http:\/\/portalcatolico.net\/portal\/wp-json\/wp\/v2\/categories?post=73482"},{"taxonomy":"post_tag","embeddable":true,"href":"http:\/\/portalcatolico.net\/portal\/wp-json\/wp\/v2\/tags?post=73482"}],"curies":[{"name":"wp","href":"https:\/\/api.w.org\/{rel}","templated":true}]}}