{"id":73442,"date":"2021-08-31T00:29:58","date_gmt":"2021-08-31T03:29:58","guid":{"rendered":"http:\/\/portalcatolico.net\/portal\/?p=73442"},"modified":"2021-08-30T19:32:06","modified_gmt":"2021-08-30T22:32:06","slug":"diocese-de-eunapolis-celebra-jubileu-de-prata-de-dom-jose-edson","status":"publish","type":"post","link":"http:\/\/portalcatolico.net\/portal\/diocese-de-eunapolis-celebra-jubileu-de-prata-de-dom-jose-edson\/","title":{"rendered":"Diocese de Eun\u00e1polis celebra Jubileu de Prata de Dom Jos\u00e9 Edson"},"content":{"rendered":"<div><img loading=\"lazy\" decoding=\"async\" class=\"alignnone wp-image-73445\" src=\"http:\/\/portalcatolico.net\/portal\/wp-content\/uploads\/2021\/08\/c11cceb4-8bdd-4774-836c-505258ab7f07-300x300.jpg\" alt=\"\" width=\"823\" height=\"823\" srcset=\"http:\/\/portalcatolico.net\/portal\/wp-content\/uploads\/2021\/08\/c11cceb4-8bdd-4774-836c-505258ab7f07-300x300.jpg 300w, http:\/\/portalcatolico.net\/portal\/wp-content\/uploads\/2021\/08\/c11cceb4-8bdd-4774-836c-505258ab7f07-150x150.jpg 150w, http:\/\/portalcatolico.net\/portal\/wp-content\/uploads\/2021\/08\/c11cceb4-8bdd-4774-836c-505258ab7f07.jpg 612w\" sizes=\"auto, (max-width: 823px) 100vw, 823px\" \/>A Diocese de Eun\u00e1polis est\u00e1 em festa! No dia 8 de setembro acontecer\u00e1 a celebra\u00e7\u00e3o em a\u00e7\u00e3o de gra\u00e7as pelos 25 anos de episcopado, \u00e0s 18h, na Catedral Diocesana. A transmiss\u00e3o da Santa Missa Solene ser\u00e1 transmitida, ao vivo, no canal da Diocese no Youtube.<\/div>\n<div>&nbsp;<\/div>\n<div>Dom Jos\u00e9 Edson Santana Oliveira nasceu em Duas Serras, em Antas (BA), no dia 03 de novembro de 1952. Filho de Jos\u00e9 Henrique Oliveira e Iracema Santana Oliveira, \u00e9 Bacharel em Teologia pelo Instituto de Teologia&nbsp; da Universidade Cat\u00f3lica&nbsp; do Salvador-BA e Bacharel em Filosofia com Licenciatura em Psicologia e Hist\u00f3ria pela Faculdade Salesiana de Filosofia, Ci\u00eancias e Letras em Lorena &#8211; SP.&nbsp;<\/div>\n<div>Foi ordenado Di\u00e1cono em 11 de dezembro de 1977 na Catedral de Senhora Santana em Feira de Santana -BA, e Presb\u00edtero em 18 de janeiro de 1978 na Igreja Nossa Senhora da Concei\u00e7\u00e3o em Antas-BA por Dom Silv\u00e9rio Albuquerque. Em 12 de junho de 1996 pela Bula Apostolicum Munus foi criada a Diocese de Eun\u00e1polis &#8211; Costa do descobrimento por S\u00e3o Jo\u00e3o Paulo II nomeando-o na mesma data como seu primeiro Bispo Diocesano. Sua Ordena\u00e7\u00e3o Episcopal se deu no dia 08 de setembro de 1996 na cidade de Feira de Santana-BA pelas m\u00e3os de Dom Itamar Vian e sua Posse Can\u00f4nica na Diocese de Eun\u00e1polis ocorreu aos 12 de Outubro de 1996.&nbsp;<\/div>\n","protected":false},"excerpt":{"rendered":"<p>A Diocese de Eun\u00e1polis est\u00e1 em festa! No dia 8 de setembro acontecer\u00e1 a celebra\u00e7\u00e3o em a\u00e7\u00e3o de gra\u00e7as pelos 25 anos de episcopado, \u00e0s 18h, na Catedral Diocesana. A transmiss\u00e3o da Santa Missa Solene ser\u00e1 transmitida, ao vivo, no canal da Diocese no Youtube. &nbsp; Dom Jos\u00e9 Edson Santana Oliveira nasceu em Duas Serras,&nbsp;<\/p>\n<p><a class=\"btn btn-style\" href=\"http:\/\/portalcatolico.net\/portal\/diocese-de-eunapolis-celebra-jubileu-de-prata-de-dom-jose-edson\/\">Continue Reading<\/a><\/p>\n","protected":false},"author":2,"featured_media":73443,"comment_status":"open","ping_status":"open","sticky":false,"template":"","format":"standard","meta":{"footnotes":""},"categories":[4],"tags":[],"class_list":["post-73442","post","type-post","status-publish","format-standard","has-post-thumbnail","hentry","category-destaques"],"_links":{"self":[{"href":"http:\/\/portalcatolico.net\/portal\/wp-json\/wp\/v2\/posts\/73442","targetHints":{"allow":["GET"]}}],"collection":[{"href":"http:\/\/portalcatolico.net\/portal\/wp-json\/wp\/v2\/posts"}],"about":[{"href":"http:\/\/portalcatolico.net\/portal\/wp-json\/wp\/v2\/types\/post"}],"author":[{"embeddable":true,"href":"http:\/\/portalcatolico.net\/portal\/wp-json\/wp\/v2\/users\/2"}],"replies":[{"embeddable":true,"href":"http:\/\/portalcatolico.net\/portal\/wp-json\/wp\/v2\/comments?post=73442"}],"version-history":[{"count":2,"href":"http:\/\/portalcatolico.net\/portal\/wp-json\/wp\/v2\/posts\/73442\/revisions"}],"predecessor-version":[{"id":73446,"href":"http:\/\/portalcatolico.net\/portal\/wp-json\/wp\/v2\/posts\/73442\/revisions\/73446"}],"wp:featuredmedia":[{"embeddable":true,"href":"http:\/\/portalcatolico.net\/portal\/wp-json\/wp\/v2\/media\/73443"}],"wp:attachment":[{"href":"http:\/\/portalcatolico.net\/portal\/wp-json\/wp\/v2\/media?parent=73442"}],"wp:term":[{"taxonomy":"category","embeddable":true,"href":"http:\/\/portalcatolico.net\/portal\/wp-json\/wp\/v2\/categories?post=73442"},{"taxonomy":"post_tag","embeddable":true,"href":"http:\/\/portalcatolico.net\/portal\/wp-json\/wp\/v2\/tags?post=73442"}],"curies":[{"name":"wp","href":"https:\/\/api.w.org\/{rel}","templated":true}]}}