{"id":73436,"date":"2021-08-30T19:21:47","date_gmt":"2021-08-30T22:21:47","guid":{"rendered":"http:\/\/portalcatolico.net\/portal\/?p=73436"},"modified":"2021-08-30T19:21:47","modified_gmt":"2021-08-30T22:21:47","slug":"papa-francisco-aprova-virtudes-heroicas-de-tres-servos-de-deus","status":"publish","type":"post","link":"http:\/\/portalcatolico.net\/portal\/papa-francisco-aprova-virtudes-heroicas-de-tres-servos-de-deus\/","title":{"rendered":"Papa Francisco aprova virtudes heroicas de tr\u00eas Servos de Deus"},"content":{"rendered":"<p><em>O Papa Francisco autorizou a promulga\u00e7\u00e3o dos decretos relativos \u00e0s virtudes heroicas dos Servos de Deus Enrica Beltrame Quattrocchi, filha do casal beatificado em 2001, do frade franciscano Pl\u00e1cido Cortese, morto nas torturas infligidas pela Gestapo, e da jovem m\u00e3e de Cinisello Balsamo Maria Cristina Cella Mocellin.<\/em><\/p>\n<p>Tr\u00eas figuras marcadas pela entrega ao amor de Deus, confian\u00e7a na sua miseric\u00f3rdia e esperan\u00e7a no seu perd\u00e3o. Estas s\u00e3o as caracter\u00edsticas que marcam os novos Vener\u00e1veis \u200b\u200bServos de Deus. Ap\u00f3s a audi\u00eancia, nesta segunda-feira (30\/08), com o prefeito da Congrega\u00e7\u00e3o das Causas dos Santos, cardeal Marcello Semeraro, o Papa Francisco autorizou o Dicast\u00e9rio a promulgar os Decretos relativos \u00e0s virtudes her\u00f3icas de Enrica Beltrame Quattrocchi, Pl\u00e1cido Cortese e Maria Cristina Cella Mocellin.<\/p>\n<p><strong>&#8220;Ricardo, um presente para n\u00f3s&#8221;<\/strong><\/p>\n<p>A hist\u00f3ria de uma m\u00e3e que recorda a hist\u00f3ria de Gianna Beretta Molla e de Chiara Corbella Petrillo. \u00c9 a vida breve mas fecunda de&nbsp;<strong>Maria Cristina Cella Mocellin<\/strong>, nascida em 18 de agosto de 1969, em Cinisello Balsamo, na prov\u00edncia de Mil\u00e3o. Crescida em par\u00f3quia, iniciou o seu caminho de discernimento vocacional na comunidade das Filhas de Maria Auxiliadora de Dom Bosco durante os anos de col\u00e9gio. O encontro com Carlo aos 16 anos a fez mudar de perspectiva. Sentiu-se chamada ao matrim\u00f4nio. Dois anos depois a descoberta de um sarcoma na perna esquerda. Tratamentos e terapias n\u00e3o a impediram de concluir os estudos do Ensino M\u00e9dio e se casar com Carlo em 1991. O casal teve dois filhos, mas assim que Maria Cristina descobre que est\u00e1 gr\u00e1vida de seu terceiro filho, a doen\u00e7a reaparece.<\/p>\n<p>A escolha \u00e9 dar continuidade \u00e0 gravidez, submetendo-se a tratamentos que n\u00e3o colocariam em risco a vida do beb\u00ea. Numa carta, ela conta aqueles momentos a Riccardo, seu terceiro filho:<\/p>\n<p><em>Me opus com todas as minhas for\u00e7as a desistir de voc\u00ea, tanto que o m\u00e9dico entendeu tudo e n\u00e3o disse nada. Riccardo, voc\u00ea \u00e9 um presente para n\u00f3s. Foi naquela noite, no carro de retorno do hospital, que voc\u00ea se mexeu pela primeira vez. Parecia que estava me dizendo &#8220;Obrigada m\u00e3e por me amar!&#8221;. Como poder\u00edamos n\u00e3o amar voc\u00ea? Voc\u00ea \u00e9 precioso, e quando olho pra voc\u00ea e o vejo t\u00e3o bonito, vivaz e simp\u00e1tico, penso que n\u00e3o h\u00e1 sofrimento no mundo que n\u00e3o valha a pena suportar por um filho.<\/em><\/p>\n<p>Maria Cristina faleceu aos 26 anos, certa do amor do Pai, fiel a Ele em seus des\u00edgnios.<\/p>\n<p><strong>Uma fam\u00edlia amada por Deus<\/strong><\/p>\n<p>Nove anos ap\u00f3s sua morte em Roma, a Igreja reconhece as virtudes heroicas de&nbsp;<strong>Enrica Beltrame Quattrocchi,<\/strong>&nbsp;\u00faltima filha do Beato Luigi Beltrame Quattrocchi e Maria Corsini, falecida aos 98 anos. Uma fam\u00edlia que viveu um caminho de santidade, demonstrando, disse Jo\u00e3o Paulo II que os beatificou em 2001, que \u201c\u00e9 poss\u00edvel, \u00e9 bonito, \u00e9 extraordinariamente fecundo e \u00e9 fundamental para o bem da fam\u00edlia, da Igreja e da sociedade&#8221;.<\/p>\n<p>Enrica estava decidida a seguir os passos de seus irm\u00e3os: padre Tarcisio, irm\u00e3 Cecilia e padre Paolino, mas seu destino era diferente, sua voca\u00e7\u00e3o foi acompanhar seus pais idosos. No trabalho volunt\u00e1rio, nas Damas de S\u00e3o Vicente com as quais ia aos bairros mais dif\u00edceis da capital, na A\u00e7\u00e3o Cat\u00f3lica junto com sua m\u00e3e, dedicou-se ao ensino. A partir de 1976, foi Superintendente do Minist\u00e9rio do Patrim\u00f4nio Cultural e Ambiental. A sua vida foi marcada por v\u00e1rias doen\u00e7as, por dificuldades econ\u00f4micas, mas sobretudo pela ora\u00e7\u00e3o, pela participa\u00e7\u00e3o cotidiana na missa. Nos \u00faltimos anos, passou seu tempo ajudando casais em crise. O amor de Deus foi sua raz\u00e3o de vida.<br \/>\n&nbsp;<\/p>\n<p><img decoding=\"async\" src=\"https:\/\/www.vaticannews.va\/content\/dam\/vaticannews\/multimedia\/2021\/08\/30\/Enrica-Beltrame-Quattrocchi-1.1.jpg\/_jcr_content\/renditions\/cq5dam.thumbnail.cropped.750.422.jpeg\" alt=\"Enrica Beltrame Quattrocchi, filha dos beatos Luigi e Maria\"><br \/>\nEnrica Beltrame Quattrocchi, filha dos beatos Luigi e Maria<\/p>\n<p><strong>O homem da caridade e da palavra<\/strong><\/p>\n<p>A caracter\u00edstica marcante do frade menor&nbsp;<strong>Pl\u00e1cido Cortese<\/strong>&nbsp;foi a capacidade de se entregar totalmente. Paciente, simples, pronto para enfrentar situa\u00e7\u00f5es dif\u00edceis como as que marcaram os \u00faltimos anos de sua vida. Nascido em 7 de mar\u00e7o de 1907 em Cherso (hoje Cro\u00e1cia), em 1930 tornou-se sacerdote, prestou servi\u00e7o na Bas\u00edlica de Santo Ant\u00f4nio em P\u00e1dua e alguns anos depois tornou-se diretor da revista &#8220;O Mensageiro de Santo Ant\u00f4nio&#8221;.<\/p>\n<p>Durante a II Guerra Mundial, em nome do N\u00fancio Apost\u00f3lico na It\u00e1lia, dom Francesco Borgongini Duca, ajudou os croatas e eslovenos nos campos de concentra\u00e7\u00e3o italianos, especialmente em Chiesanuova, perto de P\u00e1dua. Seu compromisso foi incans\u00e1vel, ap\u00f3s o armist\u00edcio de 1943, para facilitar a fuga de ex-prisioneiros aliados, mas tamb\u00e9m de pessoas perseguidas pelos nazistas, incluindo judeus. Uma disponibilidade que foi interpretada pelos alem\u00e3es como atividade pol\u00edtica e que o levou \u00e0 morte. Em 8 de outubro de 1944, por meio de um estratagema, foi atra\u00eddo para fora da Bas\u00edlica de Santo Ant\u00f4nio, que ficava numa \u00e1rea extraterritorial. Foi levado para o quartel das SS em Trieste, onde morreu ap\u00f3s as duras torturas que sofreu.<\/p>\n<p><img decoding=\"async\" src=\"https:\/\/www.vaticannews.va\/content\/dam\/vaticannews\/multimedia\/2021\/08\/30\/Padre-Placido-Cortese-sacerdote-professo-dellOrdine-dei-Frati-Minori-Conventuali.jpg\/_jcr_content\/renditions\/cq5dam.thumbnail.cropped.750.422.jpeg\" alt=\"Padre Pl\u00e1cido Cortese morto em 1944 por seu compromisso de salvar pessoas da persegui\u00e7\u00e3o nazifascista\"><br \/>\nPadre Pl\u00e1cido Cortese morto em 1944 por seu compromisso de salvar pessoas da persegui\u00e7\u00e3o nazifascista<\/p>\n<p>Com Vatican News<br \/>\nFoto: Reprodu\u00e7\u00e3o \/ Vatican News<\/p>\n","protected":false},"excerpt":{"rendered":"<p>O Papa Francisco autorizou a promulga\u00e7\u00e3o dos decretos relativos \u00e0s virtudes heroicas dos Servos de Deus Enrica Beltrame Quattrocchi, filha do casal beatificado em 2001, do frade franciscano Pl\u00e1cido Cortese, morto nas torturas infligidas pela Gestapo, e da jovem m\u00e3e de Cinisello Balsamo Maria Cristina Cella Mocellin. Tr\u00eas figuras marcadas pela entrega ao amor de&nbsp;<\/p>\n<p><a class=\"btn btn-style\" href=\"http:\/\/portalcatolico.net\/portal\/papa-francisco-aprova-virtudes-heroicas-de-tres-servos-de-deus\/\">Continue Reading<\/a><\/p>\n","protected":false},"author":2,"featured_media":73437,"comment_status":"open","ping_status":"open","sticky":false,"template":"","format":"standard","meta":{"footnotes":""},"categories":[5],"tags":[],"class_list":["post-73436","post","type-post","status-publish","format-standard","has-post-thumbnail","hentry","category-igreja_no_mundo"],"_links":{"self":[{"href":"http:\/\/portalcatolico.net\/portal\/wp-json\/wp\/v2\/posts\/73436","targetHints":{"allow":["GET"]}}],"collection":[{"href":"http:\/\/portalcatolico.net\/portal\/wp-json\/wp\/v2\/posts"}],"about":[{"href":"http:\/\/portalcatolico.net\/portal\/wp-json\/wp\/v2\/types\/post"}],"author":[{"embeddable":true,"href":"http:\/\/portalcatolico.net\/portal\/wp-json\/wp\/v2\/users\/2"}],"replies":[{"embeddable":true,"href":"http:\/\/portalcatolico.net\/portal\/wp-json\/wp\/v2\/comments?post=73436"}],"version-history":[{"count":1,"href":"http:\/\/portalcatolico.net\/portal\/wp-json\/wp\/v2\/posts\/73436\/revisions"}],"predecessor-version":[{"id":73438,"href":"http:\/\/portalcatolico.net\/portal\/wp-json\/wp\/v2\/posts\/73436\/revisions\/73438"}],"wp:featuredmedia":[{"embeddable":true,"href":"http:\/\/portalcatolico.net\/portal\/wp-json\/wp\/v2\/media\/73437"}],"wp:attachment":[{"href":"http:\/\/portalcatolico.net\/portal\/wp-json\/wp\/v2\/media?parent=73436"}],"wp:term":[{"taxonomy":"category","embeddable":true,"href":"http:\/\/portalcatolico.net\/portal\/wp-json\/wp\/v2\/categories?post=73436"},{"taxonomy":"post_tag","embeddable":true,"href":"http:\/\/portalcatolico.net\/portal\/wp-json\/wp\/v2\/tags?post=73436"}],"curies":[{"name":"wp","href":"https:\/\/api.w.org\/{rel}","templated":true}]}}