{"id":73433,"date":"2021-08-30T19:19:07","date_gmt":"2021-08-30T22:19:07","guid":{"rendered":"http:\/\/portalcatolico.net\/portal\/?p=73433"},"modified":"2021-08-30T19:19:07","modified_gmt":"2021-08-30T22:19:07","slug":"instituto-sao-francisco-xavier-sera-inaugurado-na-capital-baiana","status":"publish","type":"post","link":"http:\/\/portalcatolico.net\/portal\/instituto-sao-francisco-xavier-sera-inaugurado-na-capital-baiana\/","title":{"rendered":"Instituto S\u00e3o Francisco Xavier ser\u00e1 inaugurado na capital baiana"},"content":{"rendered":"<p><em>O Instituto S\u00e3o Francisco Xavier vai oferecer, a partir do m\u00eas de outubro, aulas gratuitas para crian\u00e7as e jovens do Jardim Nova Esperan\u00e7a e bairros vizinhos como Novo Marotinho, Nova Bras\u00edlia e Sete de Abril<\/em><\/p>\n<p>Promover a\u00e7\u00f5es culturais, educacionais e de cidadania. Esta \u00e9 a miss\u00e3o do Instituto S\u00e3o Francisco Xavier, uma organiza\u00e7\u00e3o n\u00e3o governamental (Ong) de inspira\u00e7\u00e3o cat\u00f3lica consagrada ao padroeiro de Salvador, que ser\u00e1 inaugurada no pr\u00f3ximo dia 10 de setembro no Jardim Nova Esperan\u00e7a.<\/p>\n<p>A inaugura\u00e7\u00e3o do Instituto, marcada para \u00e0s 19:30, ser\u00e1 transmitida por meio do Instagram @institutosaofranciscoxavier.<\/p>\n<p>Diretor do Instituto, o jornalista Jos\u00e9 Falc\u00f3n Lopes explica que a escolha pelo Jardim Nova Esperan\u00e7a deve-se ao fato de existir neste bairro, h\u00e1 33 anos, uma Comunidade Cat\u00f3lica consagrada a S\u00e3o Francisco Xavier.<\/p>\n<p>&#8220;O Instituto \u00e9 formado por amigos cat\u00f3licos leigos e tem o objetivo de dar significado social ao fato de S\u00e3o Francisco Xavier, o Padroeiro das Miss\u00f5es, ser tamb\u00e9m Padroeiro de Salvador. Por isso, mobilizamos devotos mission\u00e1rios que, a exemplo de S\u00e3o Francisco Xavier, saem da zona de conforto e acreditam que \u00e9 poss\u00edvel, sim, fazermos a diferen\u00e7a na vida de quem mais precisa de ajuda na nossa cidade&#8221;, explica Lopes.<\/p>\n<p>A diretoria do Instituto \u00e9 formada ainda por Jo\u00e3o Falc\u00e3o Neto, Alan Almeida, Davi Lemos e Ernesto Falc\u00f3n.<\/p>\n<p><strong>A\u00e7\u00f5es<\/strong><\/p>\n<p>O Instituto S\u00e3o Francisco Xavier vai oferecer, a partir do m\u00eas de outubro, aulas gratuitas para crian\u00e7as e jovens do Jardim Nova Esperan\u00e7a e bairros vizinhos como Novo Marotinho, Nova Bras\u00edlia e Sete de Abril.<\/p>\n<p>As \u00fanicas exig\u00eancias para as matr\u00edculas s\u00e3o que os estudantes sejam oriundos de escolas p\u00fablicas e estejam cursando as aulas regularmente.<\/p>\n<p>&#8220;Vamos oferecer inicialmente refor\u00e7o escolar gratuito de segunda a sexta-feira, na parte da tarde, para 06 estudantes do ensino fundamental. Nos finais de semana, ser\u00e3o ofertadas aulas gratuitas de Reda\u00e7\u00e3o e Ingl\u00eas para estudantes do ensino m\u00e9dio (uma turma de seis alunos pela manh\u00e3 e outra pela tarde) com o objetivo de prepar\u00e1-los para as provas do Enem&#8221;, explica Jo\u00e3o Falc\u00e3o Neto, vice-diretor do Instituto.<\/p>\n<p>Para Davi Lemos, conselheiro do Instituto, &#8220;ao ensinar ingl\u00eas, portugu\u00eas e outras disciplinas e atividades, queremos n\u00e3o somente partilhar conhecimento, mas revelar a estes jovens o caminho para valoriza\u00e7\u00e3o da pr\u00f3pria humanidade. Este foi o impulso que levou S\u00e3o Francisco Xavier \u00e0s periferias do mundo; isto \u00e9 o que desejamos ao ir \u00e0 periferia de Salvador: mostrar ou revelar a tantos a dignidade infinita que, como filhos de Deus, possuem&#8221;.<\/p>\n<p>O Instituto oferecer\u00e1 ainda aos estudantes acesso gratuito \u00e0 internet e uma biblioteca com livros did\u00e1ticos e cl\u00e1ssicos da literatura infantojuvenil.<\/p>\n<p>Al\u00e9m disso, no dia 10 de cada m\u00eas, o Instituto S\u00e3o Francisco Xavier far\u00e1 a distribui\u00e7\u00e3o de cestas b\u00e1sicas para cerca de 50 fam\u00edlias do Jardim Nova Esperan\u00e7a.<\/p>\n<p>Pessoas interessadas em colaborar com o Instituto podem entrar em contato pelo Instagram @institutosaofranciscoxavier ou pelo WhatsApp 71 99192-5342.<\/p>\n<p><strong>Servi\u00e7o:<\/strong><br \/>\nLive de Inaugura\u00e7\u00e3o do Instituto S\u00e3o Francisco Xavier<br \/>\nDia: 10\/09<br \/>\nHora: 19:30<br \/>\nTransmiss\u00e3o pelo perfil do Instagram @institutosaofranciscoxavier<\/p>\n","protected":false},"excerpt":{"rendered":"<p>O Instituto S\u00e3o Francisco Xavier vai oferecer, a partir do m\u00eas de outubro, aulas gratuitas para crian\u00e7as e jovens do Jardim Nova Esperan\u00e7a e bairros vizinhos como Novo Marotinho, Nova Bras\u00edlia e Sete de Abril Promover a\u00e7\u00f5es culturais, educacionais e de cidadania. Esta \u00e9 a miss\u00e3o do Instituto S\u00e3o Francisco Xavier, uma organiza\u00e7\u00e3o n\u00e3o governamental&nbsp;<\/p>\n<p><a class=\"btn btn-style\" href=\"http:\/\/portalcatolico.net\/portal\/instituto-sao-francisco-xavier-sera-inaugurado-na-capital-baiana\/\">Continue Reading<\/a><\/p>\n","protected":false},"author":2,"featured_media":73434,"comment_status":"open","ping_status":"open","sticky":false,"template":"","format":"standard","meta":{"footnotes":""},"categories":[4],"tags":[],"class_list":["post-73433","post","type-post","status-publish","format-standard","has-post-thumbnail","hentry","category-destaques"],"_links":{"self":[{"href":"http:\/\/portalcatolico.net\/portal\/wp-json\/wp\/v2\/posts\/73433","targetHints":{"allow":["GET"]}}],"collection":[{"href":"http:\/\/portalcatolico.net\/portal\/wp-json\/wp\/v2\/posts"}],"about":[{"href":"http:\/\/portalcatolico.net\/portal\/wp-json\/wp\/v2\/types\/post"}],"author":[{"embeddable":true,"href":"http:\/\/portalcatolico.net\/portal\/wp-json\/wp\/v2\/users\/2"}],"replies":[{"embeddable":true,"href":"http:\/\/portalcatolico.net\/portal\/wp-json\/wp\/v2\/comments?post=73433"}],"version-history":[{"count":1,"href":"http:\/\/portalcatolico.net\/portal\/wp-json\/wp\/v2\/posts\/73433\/revisions"}],"predecessor-version":[{"id":73435,"href":"http:\/\/portalcatolico.net\/portal\/wp-json\/wp\/v2\/posts\/73433\/revisions\/73435"}],"wp:featuredmedia":[{"embeddable":true,"href":"http:\/\/portalcatolico.net\/portal\/wp-json\/wp\/v2\/media\/73434"}],"wp:attachment":[{"href":"http:\/\/portalcatolico.net\/portal\/wp-json\/wp\/v2\/media?parent=73433"}],"wp:term":[{"taxonomy":"category","embeddable":true,"href":"http:\/\/portalcatolico.net\/portal\/wp-json\/wp\/v2\/categories?post=73433"},{"taxonomy":"post_tag","embeddable":true,"href":"http:\/\/portalcatolico.net\/portal\/wp-json\/wp\/v2\/tags?post=73433"}],"curies":[{"name":"wp","href":"https:\/\/api.w.org\/{rel}","templated":true}]}}