{"id":73423,"date":"2021-08-28T19:00:54","date_gmt":"2021-08-28T22:00:54","guid":{"rendered":"http:\/\/portalcatolico.net\/portal\/?p=73423"},"modified":"2021-08-28T19:41:30","modified_gmt":"2021-08-28T22:41:30","slug":"em-evento-gratuito-teologos-aprofundam-tema-da-festa-da-padroeira-2021","status":"publish","type":"post","link":"http:\/\/portalcatolico.net\/portal\/em-evento-gratuito-teologos-aprofundam-tema-da-festa-da-padroeira-2021\/","title":{"rendered":"Em evento gratuito, te\u00f3logos aprofundam tema da Festa da Padroeira 2021"},"content":{"rendered":"<p><i>Reflex\u00f5es da Novena e Festa da Padroeira do Brasil s\u00e3o destaques na atividade promovida pela Academia Marial de Aparecida<\/i><\/p>\n<div>\n<p><i>Por Carla Zanon<\/i><\/p>\n<\/div>\n<div>\n<p>A Semana B\u00edblico-Mariol\u00f3gica, promovida pela Academia Marial de Aparecida, tem a sua primeira edi\u00e7\u00e3o realizada neste ano. O evento, que vai acontecer de forma online, conta com a participa\u00e7\u00e3o de mestres e doutores em Teologia.<\/p>\n<p>O encontro vai acontecer de 31 de agosto at\u00e9 o dia 4 de setembro, sempre das 19h30 \u00e0s 21h. O tema geral da Semana B\u00edblico-Mariol\u00f3gica est\u00e1 ligado \u00e0 tem\u00e1tica da Novena e Festa da Padroeira do Brasil deste ano: \u201cCom Maria, ser povo de Deus unido pela alian\u00e7a\u201d.<\/p>\n<p>Inicialmente o evento estava programado para 2020, mas precisou ser adiado. Neste ano, a atividade foi reformulada como conta Diretor da Academia Marial de Aparecida, Padre Jos\u00e9 Ulysses da Silva.<\/p>\n<p><i>\u201cO acontecimento da Semana B\u00edblico-Mariol\u00f3gica era um sonho, inclusive do nosso Arcebispo Dom Orlando Brandes. Porque, para ele, a B\u00edblia tem que fazer parte deste Santu\u00e1rio. Assim, programamos para o ano passado, mas n\u00e3o foi poss\u00edvel. Quer\u00edamos realizar presencialmente este ano, mas como ainda n\u00e3o temos total seguran\u00e7a (por causa da pandemia), veio a ideia de fazer online uma Semana B\u00edblico-Mariol\u00f3gica\u201d, afirma o Padre.<\/i><\/p>\n<p><b>No primeiro dia do evento<\/b>, ser\u00e1 trabalhada a tem\u00e1tica, \u201cCom Maria, da Alian\u00e7a dos Dez Mandamentos \u00e0 Alian\u00e7a das Bem-aventuran\u00e7as\u201d. Quem vai palestrar este encontro, \u00e9 o Doutor em Teologia B\u00edblica, Padre Carlos Frizzo.<\/p>\n<p><i>\u201c\u00c9 como se fiz\u00e9ssemos uma ponte, do \u00caxodo, nos dez mandamentos at\u00e9 Jesus. E Ele n\u00e3o se contenta com os dez mandamentos, ele sobe novamente ao monte, proclama as bem-aventuran\u00e7as, que s\u00e3o as caracter\u00edsticas principais de algu\u00e9m que quer ser crist\u00e3o, que quer se tornar santo\u201d, detalha Padre Jos\u00e9 Ulysses.&nbsp;&nbsp;&nbsp;<\/i><\/p>\n<p><b>No segundo dia da atividade,&nbsp;<\/b>a tem\u00e1tica trabalhada \u00e9 \u201cCom Maria, ser povo de Deus que celebra e vive a Eucaristia\u201d. O palestrante da noite ser\u00e1 o Mestre em Sagrada Liturgia, Padre Rodrigo Jos\u00e9 Arnoso.<\/p>\n<p>\u201c<i>Quando vemos gente de todo o Brasil, reunida ao redor da Eucaristia no Altar do Santu\u00e1rio Nacional conseguimos ver o povo de Deus em torno<\/i>&nbsp;<i>do grande sacramento da Alian\u00e7a. Jesus disse: \u2018Aqui est\u00e1 o c\u00e1lice do meu sangue, da nova e eterna Alian\u00e7a\u2019. E o padre Rodrigo vai refletir que a eucaristia \u00e9 o sacramento que realiza essa beleza, de ser povo de Deus\u201d, conta o Padre.<\/i><\/p>\n<p><b>O terceiro dia da Semana B\u00edblico-Mariol\u00f3gica&nbsp;<\/b>aborda o tema, \u201cCom Maria e Jos\u00e9, o desafio de ser Fam\u00edlia-Alian\u00e7a, Igreja dom\u00e9stica, num mundo atual de fragmenta\u00e7\u00e3o, provisoriedade e polarizado\u201d. O respons\u00e1vel por conduzir do assunto deste dia \u00e9 o Professor mestre em Teologia, Oscar Lopez Maldonado.<\/p>\n<p><i>\u201cA fam\u00edlia seria o primeiro lugar da Alian\u00e7a. E, de repente, se tornou um desafio no mundo moderno, porque se fragmentam com muita facilidade. O professor Oscar, vai nos ajudar refletir um pouco sobre isso, sempre olhando a figura de Maria e Jos\u00e9, aquela fam\u00edlia de Nazar\u00e9\u201d, destacou Padre Jos\u00e9 Ulysses da Silva.<\/i><\/p>\n<p><b>O quarto e \u00faltimo dia da Semana B\u00edblico-Mariol\u00f3gica&nbsp;<\/b>tem como tema, \u201cCom Maria, ser Igreja conforme nos pede o Papa Francisco\u201d. A palestrante deste dia \u00e9 a professora doutora em Teologia, Alzirinha Souza.<\/p>\n<p><i>\u201cO Papa Francisco \u00e9 uma novidade imensa do Esp\u00edrito Santo. N\u00e3o somente para n\u00f3s cat\u00f3licos, mas para o mundo todo. A palavra desse homem \u00e9 inspiradora para todas as pessoas de boa vontade. Ent\u00e3o, a gente vai aprofundar tudo aquilo que vamos rezar e cantar durante a novena\u201d, destacou o diretor da Academia Marial de Aparecida, Padre Jos\u00e9 Ulysses da Silva.<\/i><\/p>\n<p>A Semana B\u00edblico-Mariol\u00f3gica, \u00e9 uma parceria da Academia Marial de Aparecida, com o Instituto S\u00e3o Paulo de Estudos Superiores (ITESP) e o Portal A12, da Rede Aparecida de Comunica\u00e7\u00e3o. As inscri\u00e7\u00f5es do encontro s\u00e3o gratuitas e d\u00e3o direito a um certificado. O cadastro pode ser realizado at\u00e9 o pr\u00f3ximo dia 31, pelo site da Academia Marial, em a12.com\/semanamariologica.<\/p>\n<\/div>\n<p>Foto: Thiago Leon<\/p>\n","protected":false},"excerpt":{"rendered":"<p>Reflex\u00f5es da Novena e Festa da Padroeira do Brasil s\u00e3o destaques na atividade promovida pela Academia Marial de Aparecida Por Carla Zanon A Semana B\u00edblico-Mariol\u00f3gica, promovida pela Academia Marial de Aparecida, tem a sua primeira edi\u00e7\u00e3o realizada neste ano. O evento, que vai acontecer de forma online, conta com a participa\u00e7\u00e3o de mestres e doutores&nbsp;<\/p>\n<p><a class=\"btn btn-style\" href=\"http:\/\/portalcatolico.net\/portal\/em-evento-gratuito-teologos-aprofundam-tema-da-festa-da-padroeira-2021\/\">Continue Reading<\/a><\/p>\n","protected":false},"author":2,"featured_media":73424,"comment_status":"open","ping_status":"open","sticky":false,"template":"","format":"standard","meta":{"footnotes":""},"categories":[3],"tags":[],"class_list":["post-73423","post","type-post","status-publish","format-standard","has-post-thumbnail","hentry","category-noticias_regionais"],"_links":{"self":[{"href":"http:\/\/portalcatolico.net\/portal\/wp-json\/wp\/v2\/posts\/73423","targetHints":{"allow":["GET"]}}],"collection":[{"href":"http:\/\/portalcatolico.net\/portal\/wp-json\/wp\/v2\/posts"}],"about":[{"href":"http:\/\/portalcatolico.net\/portal\/wp-json\/wp\/v2\/types\/post"}],"author":[{"embeddable":true,"href":"http:\/\/portalcatolico.net\/portal\/wp-json\/wp\/v2\/users\/2"}],"replies":[{"embeddable":true,"href":"http:\/\/portalcatolico.net\/portal\/wp-json\/wp\/v2\/comments?post=73423"}],"version-history":[{"count":1,"href":"http:\/\/portalcatolico.net\/portal\/wp-json\/wp\/v2\/posts\/73423\/revisions"}],"predecessor-version":[{"id":73425,"href":"http:\/\/portalcatolico.net\/portal\/wp-json\/wp\/v2\/posts\/73423\/revisions\/73425"}],"wp:featuredmedia":[{"embeddable":true,"href":"http:\/\/portalcatolico.net\/portal\/wp-json\/wp\/v2\/media\/73424"}],"wp:attachment":[{"href":"http:\/\/portalcatolico.net\/portal\/wp-json\/wp\/v2\/media?parent=73423"}],"wp:term":[{"taxonomy":"category","embeddable":true,"href":"http:\/\/portalcatolico.net\/portal\/wp-json\/wp\/v2\/categories?post=73423"},{"taxonomy":"post_tag","embeddable":true,"href":"http:\/\/portalcatolico.net\/portal\/wp-json\/wp\/v2\/tags?post=73423"}],"curies":[{"name":"wp","href":"https:\/\/api.w.org\/{rel}","templated":true}]}}