{"id":73418,"date":"2021-08-28T19:35:32","date_gmt":"2021-08-28T22:35:32","guid":{"rendered":"http:\/\/portalcatolico.net\/portal\/?p=73418"},"modified":"2021-08-28T19:36:07","modified_gmt":"2021-08-28T22:36:07","slug":"fieis-de-porto-seguro-celebram-a-padroeira-nossa-senhora-da-pena","status":"publish","type":"post","link":"http:\/\/portalcatolico.net\/portal\/fieis-de-porto-seguro-celebram-a-padroeira-nossa-senhora-da-pena\/","title":{"rendered":"Fieis de Porto Seguro celebram a padroeira Nossa Senhora da Pena"},"content":{"rendered":"<p class=\"v1Paragraph v1SCXW94297998 v1BCX0\" lang=\"PT-BR\"><span class=\"v1TextRun v1SCXW94297998 v1BCX0\" lang=\"PT-BR\"><span class=\"v1NormalTextRun v1SCXW94297998 v1BCX0\">Na pr\u00f3xima segunda-feira, 30 de agosto, come\u00e7am os preparativos da<\/span><\/span><span class=\"v1LineBreakBlob v1BlobObject v1DragDrop v1SCXW94297998 v1BCX0\"><span class=\"v1SCXW94297998 v1BCX0\">&nbsp;<\/span><\/span><span class=\"v1TextRun v1SCXW94297998 v1BCX0\" lang=\"PT-BR\"><span class=\"v1NormalTextRun v1SCXW94297998 v1BCX0\">festa da padroeira de Porto Seguro, Nossa Senhora da Pena, a Senhora da Esperan\u00e7a!<\/span><\/span><span class=\"v1LineBreakBlob v1BlobObject v1DragDrop v1SCXW94297998 v1BCX0\"><span class=\"v1SCXW94297998 v1BCX0\">&nbsp;<\/span><br class=\"v1SCXW94297998 v1BCX0\"><\/span><span class=\"v1LineBreakBlob v1BlobObject v1DragDrop v1SCXW94297998 v1BCX0\"><span class=\"v1SCXW94297998 v1BCX0\">&nbsp;<\/span><\/span><span class=\"v1TextRun v1SCXW94297998 v1BCX0\" lang=\"PT-BR\"><span class=\"v1NormalTextRun v1SCXW94297998 v1BCX0\">S\u00e3o 486 anos de F\u00e9 e Devo\u00e7\u00e3o do povo de Porto Seguro<\/span><span class=\"v1NormalTextRun v1SCXW94297998 v1BCX0\">,&nbsp;<\/span><span class=\"v1NormalTextRun v1SCXW94297998 v1BCX0\">na&nbsp;<\/span><span class=\"v1NormalTextRun v1SCXW94297998 v1BCX0\">C<\/span><span class=\"v1NormalTextRun v1SCXW94297998 v1BCX0\">osta do<\/span><\/span><span class=\"v1LineBreakBlob v1BlobObject v1DragDrop v1SCXW94297998 v1BCX0\"><span class=\"v1SCXW94297998 v1BCX0\">&nbsp;<\/span><\/span><span class=\"v1TextRun v1SCXW94297998 v1BCX0\" lang=\"PT-BR\"><span class=\"v1NormalTextRun v1SCXW94297998 v1BCX0\">D<\/span><span class=\"v1NormalTextRun v1SCXW94297998 v1BCX0\">escobrimento, no extremo sul da Bahia.<\/span><\/span><span class=\"v1LineBreakBlob v1BlobObject v1DragDrop v1SCXW94297998 v1BCX0\"><span class=\"v1SCXW94297998 v1BCX0\">&nbsp;<\/span><br class=\"v1SCXW94297998 v1BCX0\"><\/span><span class=\"v1TextRun v1SCXW94297998 v1BCX0\" lang=\"PT-BR\"><span class=\"v1NormalTextRun v1SCXW94297998 v1BCX0\">A programa\u00e7\u00e3o conta c<\/span><span class=\"v1NormalTextRun v1SCXW94297998 v1BCX0\">om barracas, missa, novena,&nbsp;<\/span><span class=\"v1NormalTextRun v1SCXW94297998 v1BCX0\">com<\/span><span class=\"v1NormalTextRun v1SCXW94297998 v1BCX0\">&nbsp;transmiss\u00f5es pelas redes sociais da par\u00f3quia<\/span><span class=\"v1NormalTextRun v1SCXW94297998 v1BCX0\">&nbsp;<\/span><span class=\"v1NormalTextRun v1SCXW94297998 v1BCX0\">e da prefeitura de Porto Seguro.<\/span><\/span><span class=\"v1LineBreakBlob v1BlobObject v1DragDrop v1SCXW94297998 v1BCX0\"><span class=\"v1SCXW94297998 v1BCX0\">&nbsp;<\/span><br class=\"v1SCXW94297998 v1BCX0\"><\/span><span class=\"v1TextRun v1SCXW94297998 v1BCX0\" lang=\"PT-BR\"><span class=\"v1NormalTextRun v1SCXW94297998 v1BCX0\">Vale ressaltar que a<\/span><span class=\"v1NormalTextRun v1SCXW94297998 v1BCX0\">&nbsp;par\u00f3quia Nossa Senhora da Pena comp\u00f5e a Diocese de Eun\u00e1polis.<\/span><\/span><span class=\"v1LineBreakBlob v1BlobObject v1DragDrop v1SCXW94297998 v1BCX0\"><span class=\"v1SCXW94297998 v1BCX0\">&nbsp;<\/span><br class=\"v1SCXW94297998 v1BCX0\"><\/span><span class=\"v1TextRun v1SCXW94297998 v1BCX0\" lang=\"PT-BR\"><span class=\"v1NormalTextRun v1SCXW94297998 v1BCX0\">No d<\/span><span class=\"v1NormalTextRun v1SCXW94297998 v1BCX0\">ia 08 de setembro, na solenidade de Nossa Senhora da Pena<\/span><span class=\"v1NormalTextRun v1SCXW94297998 v1BCX0\">, ter\u00e3o<\/span><span class=\"v1NormalTextRun v1SCXW94297998 v1BCX0\">&nbsp;quatro<\/span><\/span><span class=\"v1LineBreakBlob v1BlobObject v1DragDrop v1SCXW94297998 v1BCX0\"><span class=\"v1SCXW94297998 v1BCX0\">&nbsp;<\/span><\/span><span class=\"v1TextRun v1SCXW94297998 v1BCX0\" lang=\"PT-BR\"><span class=\"v1NormalTextRun v1SCXW94297998 v1BCX0\">missas<\/span><span class=\"v1NormalTextRun v1SCXW94297998 v1BCX0\">:<\/span><\/span><span class=\"v1LineBreakBlob v1BlobObject v1DragDrop v1SCXW94297998 v1BCX0\"><span class=\"v1SCXW94297998 v1BCX0\">&nbsp;<\/span><br class=\"v1SCXW94297998 v1BCX0\"><\/span><span class=\"v1TextRun v1SCXW94297998 v1BCX0\" lang=\"PT-BR\"><span class=\"v1NormalTextRun v1SCXW94297998 v1BCX0\">5h<\/span><span class=\"v1NormalTextRun v1SCXW94297998 v1BCX0\">&#8211;<\/span><span class=\"v1NormalTextRun v1SCXW94297998 v1BCX0\">&nbsp;Alvorada<\/span><\/span><span class=\"v1LineBreakBlob v1BlobObject v1DragDrop v1SCXW94297998 v1BCX0\"><span class=\"v1SCXW94297998 v1BCX0\">&nbsp;<\/span><br class=\"v1SCXW94297998 v1BCX0\"><\/span><span class=\"v1TextRun v1SCXW94297998 v1BCX0\" lang=\"PT-BR\"><span class=\"v1NormalTextRun v1SCXW94297998 v1BCX0\">6<\/span><span class=\"v1NormalTextRun v1SCXW94297998 v1BCX0\">h<\/span><span class=\"v1NormalTextRun v1SCXW94297998 v1BCX0\">30<\/span><span class=\"v1NormalTextRun v1SCXW94297998 v1BCX0\">&#8211;<\/span><span class=\"v1NormalTextRun v1SCXW94297998 v1BCX0\">&nbsp;Missa dos Romeiros<\/span><\/span><span class=\"v1LineBreakBlob v1BlobObject v1DragDrop v1SCXW94297998 v1BCX0\"><span class=\"v1SCXW94297998 v1BCX0\">&nbsp;<\/span><br class=\"v1SCXW94297998 v1BCX0\"><\/span><span class=\"v1TextRun v1SCXW94297998 v1BCX0\" lang=\"PT-BR\"><span class=\"v1NormalTextRun v1SCXW94297998 v1BCX0\">8h<\/span><span class=\"v1NormalTextRun v1SCXW94297998 v1BCX0\">&#8211;<\/span><span class=\"v1NormalTextRun v1SCXW94297998 v1BCX0\">&nbsp;Santo Of<\/span><span class=\"v1NormalTextRun v1SCXW94297998 v1BCX0\">\u00ed<\/span><span class=\"v1NormalTextRun v1SCXW94297998 v1BCX0\">cio e Santo Ter\u00e7o<\/span><\/span><span class=\"v1LineBreakBlob v1BlobObject v1DragDrop v1SCXW94297998 v1BCX0\"><span class=\"v1SCXW94297998 v1BCX0\">&nbsp;<\/span><br class=\"v1SCXW94297998 v1BCX0\"><\/span><span class=\"v1TextRun v1SCXW94297998 v1BCX0\" lang=\"PT-BR\"><span class=\"v1NormalTextRun v1SCXW94297998 v1BCX0\">9h<\/span><span class=\"v1NormalTextRun v1SCXW94297998 v1BCX0\">&nbsp;&#8211;&nbsp;<\/span><span class=\"v1NormalTextRun v1SCXW94297998 v1BCX0\">Missa Solene<\/span><\/span><span class=\"v1LineBreakBlob v1BlobObject v1DragDrop v1SCXW94297998 v1BCX0\"><span class=\"v1SCXW94297998 v1BCX0\">&nbsp;<\/span><br class=\"v1SCXW94297998 v1BCX0\"><\/span><span class=\"v1TextRun v1SCXW94297998 v1BCX0\" lang=\"PT-BR\"><span class=\"v1NormalTextRun v1SCXW94297998 v1BCX0\">13<\/span><span class=\"v1NormalTextRun v1SCXW94297998 v1BCX0\">h<\/span><span class=\"v1NormalTextRun v1SCXW94297998 v1BCX0\">30h<\/span><span class=\"v1NormalTextRun v1SCXW94297998 v1BCX0\">&nbsp;&#8211;&nbsp;<\/span><span class=\"v1NormalTextRun v1SCXW94297998 v1BCX0\">Missa dos Romeiros<\/span><\/span><span class=\"v1LineBreakBlob v1BlobObject v1DragDrop v1SCXW94297998 v1BCX0\"><span class=\"v1SCXW94297998 v1BCX0\">&nbsp;<\/span><br class=\"v1SCXW94297998 v1BCX0\"><\/span><span class=\"v1TextRun v1SCXW94297998 v1BCX0\" lang=\"PT-BR\"><span class=\"v1NormalTextRun v1SCXW94297998 v1BCX0\">15h<\/span><span class=\"v1NormalTextRun v1SCXW94297998 v1BCX0\">&nbsp;&#8211;&nbsp;<\/span><span class=\"v1NormalTextRun v1SCXW94297998 v1BCX0\">Carreata com a imagem de Nossa Senhora da Pena pelas ruas da cidade<\/span><\/span><span class=\"v1LineBreakBlob v1BlobObject v1DragDrop v1SCXW94297998 v1BCX0\"><span class=\"v1SCXW94297998 v1BCX0\">&nbsp;<\/span><br class=\"v1SCXW94297998 v1BCX0\"><\/span><span class=\"v1TextRun v1SCXW94297998 v1BCX0\" lang=\"PT-BR\"><span class=\"v1NormalTextRun v1SCXW94297998 v1BCX0\">18<\/span><span class=\"v1NormalTextRun v1SCXW94297998 v1BCX0\">h<\/span><span class=\"v1NormalTextRun v1SCXW94297998 v1BCX0\">30<\/span><span class=\"v1NormalTextRun v1SCXW94297998 v1BCX0\">&nbsp;&#8211;<\/span><span class=\"v1NormalTextRun v1SCXW94297998 v1BCX0\">&nbsp;Cerim\u00f4nia de enceramento e b\u00ean\u00e7\u00e3o do Sant\u00edssimo Sacramento<\/span><\/span><span class=\"v1LineBreakBlob v1BlobObject v1DragDrop v1SCXW94297998 v1BCX0\"><span class=\"v1SCXW94297998 v1BCX0\">&nbsp;<\/span><br class=\"v1SCXW94297998 v1BCX0\"><\/span><span class=\"v1TextRun v1SCXW94297998 v1BCX0\" lang=\"PT-BR\"><span class=\"v1NormalTextRun v1SCXW94297998 v1BCX0\">19h<\/span><span class=\"v1NormalTextRun v1SCXW94297998 v1BCX0\">&nbsp;&#8211;&nbsp;<\/span><span class=\"v1NormalTextRun v1SCXW94297998 v1BCX0\">Show pirot\u00e9cnico<\/span><\/span><span class=\"v1LineBreakBlob v1BlobObject v1DragDrop v1SCXW94297998 v1BCX0\"><span class=\"v1SCXW94297998 v1BCX0\">&nbsp;<\/span><\/span><\/p>\n<p class=\"v1Paragraph v1SCXW94297998 v1BCX0\" lang=\"PT-BR\"><span class=\"v1TextRun v1SCXW94297998 v1BCX0\" lang=\"PT-BR\"><span class=\"v1NormalTextRun v1SCXW94297998 v1BCX0\">Acompanhe<\/span><span class=\"v1NormalTextRun v1SCXW94297998 v1BCX0\">,<\/span><span class=\"v1NormalTextRun v1SCXW94297998 v1BCX0\">&nbsp;nas redes sociais<\/span><span class=\"v1NormalTextRun v1SCXW94297998 v1BCX0\">,<\/span><span class=\"v1NormalTextRun v1SCXW94297998 v1BCX0\">&nbsp;outras informa\u00e7\u00f5es<\/span><span class=\"v1NormalTextRun v1SCXW94297998 v1BCX0\">&nbsp;e confira a programa\u00e7\u00e3o completa<\/span><\/span><span class=\"v1LineBreakBlob v1BlobObject v1DragDrop v1SCXW94297998 v1BCX0\"><span class=\"v1SCXW94297998 v1BCX0\">&nbsp;<\/span><br class=\"v1SCXW94297998 v1BCX0\"><\/span><a class=\"v1Hyperlink v1SCXW94297998 v1BCX0\" href=\"https:\/\/www.facebook.com\/PNSP.PORTOSEGURO\/\" target=\"_blank\" rel=\"noopener noreferrer\"><span class=\"v1TextRun v1Underlined v1SCXW94297998 v1BCX0\" lang=\"PT-BR\"><span class=\"v1NormalTextRun v1SCXW94297998 v1BCX0\">https:\/\/www.facebook.com\/PNSP.PORTOSEGURO\/<\/span><\/span><\/a><span class=\"v1EOP v1SCXW94297998 v1BCX0\">&nbsp;<\/span><\/p>\n<p lang=\"PT-BR\"><img loading=\"lazy\" decoding=\"async\" class=\"alignnone wp-image-73420\" src=\"http:\/\/portalcatolico.net\/portal\/wp-content\/uploads\/2021\/08\/240526967_2126435467495271_117275605852424157_n-300x215.jpg\" alt=\"\" width=\"820\" height=\"588\" srcset=\"http:\/\/portalcatolico.net\/portal\/wp-content\/uploads\/2021\/08\/240526967_2126435467495271_117275605852424157_n-300x215.jpg 300w, http:\/\/portalcatolico.net\/portal\/wp-content\/uploads\/2021\/08\/240526967_2126435467495271_117275605852424157_n-768x550.jpg 768w, http:\/\/portalcatolico.net\/portal\/wp-content\/uploads\/2021\/08\/240526967_2126435467495271_117275605852424157_n-1024x733.jpg 1024w, http:\/\/portalcatolico.net\/portal\/wp-content\/uploads\/2021\/08\/240526967_2126435467495271_117275605852424157_n.jpg 1280w\" sizes=\"auto, (max-width: 820px) 100vw, 820px\" \/><\/p>\n<p lang=\"PT-BR\">&nbsp;<\/p>\n","protected":false},"excerpt":{"rendered":"<p>Na pr\u00f3xima segunda-feira, 30 de agosto, come\u00e7am os preparativos da&nbsp;festa da padroeira de Porto Seguro, Nossa Senhora da Pena, a Senhora da Esperan\u00e7a!&nbsp;&nbsp;S\u00e3o 486 anos de F\u00e9 e Devo\u00e7\u00e3o do povo de Porto Seguro,&nbsp;na&nbsp;Costa do&nbsp;Descobrimento, no extremo sul da Bahia.&nbsp;A programa\u00e7\u00e3o conta com barracas, missa, novena,&nbsp;com&nbsp;transmiss\u00f5es pelas redes sociais da par\u00f3quia&nbsp;e da prefeitura de Porto&nbsp;<\/p>\n<p><a class=\"btn btn-style\" href=\"http:\/\/portalcatolico.net\/portal\/fieis-de-porto-seguro-celebram-a-padroeira-nossa-senhora-da-pena\/\">Continue Reading<\/a><\/p>\n","protected":false},"author":2,"featured_media":73419,"comment_status":"open","ping_status":"open","sticky":false,"template":"","format":"standard","meta":{"footnotes":""},"categories":[4],"tags":[],"class_list":["post-73418","post","type-post","status-publish","format-standard","has-post-thumbnail","hentry","category-destaques"],"_links":{"self":[{"href":"http:\/\/portalcatolico.net\/portal\/wp-json\/wp\/v2\/posts\/73418","targetHints":{"allow":["GET"]}}],"collection":[{"href":"http:\/\/portalcatolico.net\/portal\/wp-json\/wp\/v2\/posts"}],"about":[{"href":"http:\/\/portalcatolico.net\/portal\/wp-json\/wp\/v2\/types\/post"}],"author":[{"embeddable":true,"href":"http:\/\/portalcatolico.net\/portal\/wp-json\/wp\/v2\/users\/2"}],"replies":[{"embeddable":true,"href":"http:\/\/portalcatolico.net\/portal\/wp-json\/wp\/v2\/comments?post=73418"}],"version-history":[{"count":2,"href":"http:\/\/portalcatolico.net\/portal\/wp-json\/wp\/v2\/posts\/73418\/revisions"}],"predecessor-version":[{"id":73422,"href":"http:\/\/portalcatolico.net\/portal\/wp-json\/wp\/v2\/posts\/73418\/revisions\/73422"}],"wp:featuredmedia":[{"embeddable":true,"href":"http:\/\/portalcatolico.net\/portal\/wp-json\/wp\/v2\/media\/73419"}],"wp:attachment":[{"href":"http:\/\/portalcatolico.net\/portal\/wp-json\/wp\/v2\/media?parent=73418"}],"wp:term":[{"taxonomy":"category","embeddable":true,"href":"http:\/\/portalcatolico.net\/portal\/wp-json\/wp\/v2\/categories?post=73418"},{"taxonomy":"post_tag","embeddable":true,"href":"http:\/\/portalcatolico.net\/portal\/wp-json\/wp\/v2\/tags?post=73418"}],"curies":[{"name":"wp","href":"https:\/\/api.w.org\/{rel}","templated":true}]}}