{"id":73145,"date":"2021-07-31T19:08:52","date_gmt":"2021-07-31T22:08:52","guid":{"rendered":"http:\/\/portalcatolico.net\/portal\/?p=73145"},"modified":"2021-07-31T19:15:07","modified_gmt":"2021-07-31T22:15:07","slug":"acompanhe-como-esta-sendo-o-novenario-de-bom-jesus-da-lapa","status":"publish","type":"post","link":"http:\/\/portalcatolico.net\/portal\/acompanhe-como-esta-sendo-o-novenario-de-bom-jesus-da-lapa\/","title":{"rendered":"Acompanhe como est\u00e1 sendo o noven\u00e1rio de Bom Jesus da Lapa"},"content":{"rendered":"<div class=\"v1PlainText\">Com o tema central: &#8220;Bom Jesus, o filho de Jos\u00e9: comunh\u00e3o, di\u00e1logo e miss\u00e3o&#8221; e o lema &#8220;Que todos sejam um&#8221; (Jo 17, 21), os festejos dos 330 anos do Santu\u00e1rio de Pedra e Luz s\u00e3o recordados na Romaria do Bom Jesus da Lapa, no Oeste Baiano.<br \/>\nO noven\u00e1rio e festa em honra ao Bom Jesus da Lapa teve in\u00edcio na \u00faltima quarta-feira, 28, e segue at\u00e9 o dia 4 de agosto.&nbsp;<\/div>\n<div class=\"v1PlainText\" dir=\"auto\">Durante o per\u00edodo, os 330 anos de hist\u00f3ria do Santu\u00e1rio de Pedra e Luz tamb\u00e9m s\u00e3o celebrados.<br \/>\nNeste ano novamente, por causa da pandemia do novo coronav\u00edrus (COVID-19), a tradicional romaria, que movimenta milhares de peregrinos de todo o Brasil e do exterior, ser\u00e1 pela segunda vez, no formato virtual, a fim de preservar a devo\u00e7\u00e3o popular e garantir a seguran\u00e7a dos participantes.<br \/>\nTodas as ser\u00e3o transmitidas ao vivo pelas m\u00eddias sociais do Santu\u00e1rio de Bom Jesus e outras r\u00e1dios e TVs Cat\u00f3lica do Brasil, a exemplo da TV Aparecida, Pai Eterno, entre outras.<\/div>\n<div class=\"v1PlainText\" dir=\"auto\">Neste link do Canal do Youtube do Santu\u00e1rio, voc\u00ea acompanha tudo que est\u00e1 acontecendo ao vivo:<br \/>\n<a href=\"https:\/\/www.youtube.com\/channel\/UCQSQDeCeNmWnAEzGmZrAxhg\" target=\"_blank\" rel=\"noopener noreferrer\">https:\/\/www.youtube.com\/channel\/UCQSQDeCeNmWnAEzGmZrAxhg<\/a><\/div>\n<div dir=\"auto\">&nbsp;<\/div>\n","protected":false},"excerpt":{"rendered":"<p>Com o tema central: &#8220;Bom Jesus, o filho de Jos\u00e9: comunh\u00e3o, di\u00e1logo e miss\u00e3o&#8221; e o lema &#8220;Que todos sejam um&#8221; (Jo 17, 21), os festejos dos 330 anos do Santu\u00e1rio de Pedra e Luz s\u00e3o recordados na Romaria do Bom Jesus da Lapa, no Oeste Baiano. O noven\u00e1rio e festa em honra ao Bom&nbsp;<\/p>\n<p><a class=\"btn btn-style\" href=\"http:\/\/portalcatolico.net\/portal\/acompanhe-como-esta-sendo-o-novenario-de-bom-jesus-da-lapa\/\">Continue Reading<\/a><\/p>\n","protected":false},"author":2,"featured_media":73147,"comment_status":"open","ping_status":"open","sticky":false,"template":"","format":"standard","meta":{"footnotes":""},"categories":[4],"tags":[],"class_list":["post-73145","post","type-post","status-publish","format-standard","has-post-thumbnail","hentry","category-destaques"],"_links":{"self":[{"href":"http:\/\/portalcatolico.net\/portal\/wp-json\/wp\/v2\/posts\/73145","targetHints":{"allow":["GET"]}}],"collection":[{"href":"http:\/\/portalcatolico.net\/portal\/wp-json\/wp\/v2\/posts"}],"about":[{"href":"http:\/\/portalcatolico.net\/portal\/wp-json\/wp\/v2\/types\/post"}],"author":[{"embeddable":true,"href":"http:\/\/portalcatolico.net\/portal\/wp-json\/wp\/v2\/users\/2"}],"replies":[{"embeddable":true,"href":"http:\/\/portalcatolico.net\/portal\/wp-json\/wp\/v2\/comments?post=73145"}],"version-history":[{"count":2,"href":"http:\/\/portalcatolico.net\/portal\/wp-json\/wp\/v2\/posts\/73145\/revisions"}],"predecessor-version":[{"id":73148,"href":"http:\/\/portalcatolico.net\/portal\/wp-json\/wp\/v2\/posts\/73145\/revisions\/73148"}],"wp:featuredmedia":[{"embeddable":true,"href":"http:\/\/portalcatolico.net\/portal\/wp-json\/wp\/v2\/media\/73147"}],"wp:attachment":[{"href":"http:\/\/portalcatolico.net\/portal\/wp-json\/wp\/v2\/media?parent=73145"}],"wp:term":[{"taxonomy":"category","embeddable":true,"href":"http:\/\/portalcatolico.net\/portal\/wp-json\/wp\/v2\/categories?post=73145"},{"taxonomy":"post_tag","embeddable":true,"href":"http:\/\/portalcatolico.net\/portal\/wp-json\/wp\/v2\/tags?post=73145"}],"curies":[{"name":"wp","href":"https:\/\/api.w.org\/{rel}","templated":true}]}}