{"id":73142,"date":"2021-07-31T19:05:58","date_gmt":"2021-07-31T22:05:58","guid":{"rendered":"http:\/\/portalcatolico.net\/portal\/?p=73142"},"modified":"2021-07-31T19:05:58","modified_gmt":"2021-07-31T22:05:58","slug":"falta-pouco-para-as-festividades-em-honra-a-nossa-senhora-da-pena-em-porto-seguro","status":"publish","type":"post","link":"http:\/\/portalcatolico.net\/portal\/falta-pouco-para-as-festividades-em-honra-a-nossa-senhora-da-pena-em-porto-seguro\/","title":{"rendered":"Falta pouco para as festividades em honra \u00e0 Nossa Senhora da Pena em Porto Seguro!"},"content":{"rendered":"<p>Faltam 30 dias para mais uma edic\u0327a\u0303o da festa anual de Nossa Senhora da Pena, Padroeira de Porto Seguro e da Par\u00f3quia Nossa Senhora da Pena, que pertence \u00e0 Diocese de Eun\u00e1polis(BA).<\/p>\n<div>S\u00e3o 486 anos de F\u00e9 e Devo\u00e7\u00e3o do povo de Porto Seguro e dos diversos Romeiros e Peregrinos que acorrem ao Centro Hist\u00f3rico todos os anos. Uma festa secular que retrata os primeiros marcos da f\u00e9 desta cidade e desta na\u00e7\u00e3o.<\/div>\n<div dir=\"auto\">A quermesse vai acontecer de 29 de agosto a 8 de setembro, com o tema: &#8220;Em tempo de pandemia, supliquemos a intercess\u00e3o da Virgem da Pena, Senhora da esperan\u00e7a&#8221;.&nbsp;<\/div>\n<p>Foto:CliC101<\/p>\n","protected":false},"excerpt":{"rendered":"<p>Faltam 30 dias para mais uma edic\u0327a\u0303o da festa anual de Nossa Senhora da Pena, Padroeira de Porto Seguro e da Par\u00f3quia Nossa Senhora da Pena, que pertence \u00e0 Diocese de Eun\u00e1polis(BA). S\u00e3o 486 anos de F\u00e9 e Devo\u00e7\u00e3o do povo de Porto Seguro e dos diversos Romeiros e Peregrinos que acorrem ao Centro Hist\u00f3rico&nbsp;<\/p>\n<p><a class=\"btn btn-style\" href=\"http:\/\/portalcatolico.net\/portal\/falta-pouco-para-as-festividades-em-honra-a-nossa-senhora-da-pena-em-porto-seguro\/\">Continue Reading<\/a><\/p>\n","protected":false},"author":2,"featured_media":73143,"comment_status":"open","ping_status":"open","sticky":false,"template":"","format":"standard","meta":{"footnotes":""},"categories":[1],"tags":[],"class_list":["post-73142","post","type-post","status-publish","format-standard","has-post-thumbnail","hentry","category-agenda"],"_links":{"self":[{"href":"http:\/\/portalcatolico.net\/portal\/wp-json\/wp\/v2\/posts\/73142","targetHints":{"allow":["GET"]}}],"collection":[{"href":"http:\/\/portalcatolico.net\/portal\/wp-json\/wp\/v2\/posts"}],"about":[{"href":"http:\/\/portalcatolico.net\/portal\/wp-json\/wp\/v2\/types\/post"}],"author":[{"embeddable":true,"href":"http:\/\/portalcatolico.net\/portal\/wp-json\/wp\/v2\/users\/2"}],"replies":[{"embeddable":true,"href":"http:\/\/portalcatolico.net\/portal\/wp-json\/wp\/v2\/comments?post=73142"}],"version-history":[{"count":1,"href":"http:\/\/portalcatolico.net\/portal\/wp-json\/wp\/v2\/posts\/73142\/revisions"}],"predecessor-version":[{"id":73144,"href":"http:\/\/portalcatolico.net\/portal\/wp-json\/wp\/v2\/posts\/73142\/revisions\/73144"}],"wp:featuredmedia":[{"embeddable":true,"href":"http:\/\/portalcatolico.net\/portal\/wp-json\/wp\/v2\/media\/73143"}],"wp:attachment":[{"href":"http:\/\/portalcatolico.net\/portal\/wp-json\/wp\/v2\/media?parent=73142"}],"wp:term":[{"taxonomy":"category","embeddable":true,"href":"http:\/\/portalcatolico.net\/portal\/wp-json\/wp\/v2\/categories?post=73142"},{"taxonomy":"post_tag","embeddable":true,"href":"http:\/\/portalcatolico.net\/portal\/wp-json\/wp\/v2\/tags?post=73142"}],"curies":[{"name":"wp","href":"https:\/\/api.w.org\/{rel}","templated":true}]}}