{"id":72938,"date":"2021-07-19T18:33:08","date_gmt":"2021-07-19T21:33:08","guid":{"rendered":"http:\/\/portalcatolico.net\/portal\/?p=72938"},"modified":"2021-07-19T18:33:08","modified_gmt":"2021-07-19T21:33:08","slug":"diocese-de-jequie-ba-tera-dois-novos-padres","status":"publish","type":"post","link":"http:\/\/portalcatolico.net\/portal\/diocese-de-jequie-ba-tera-dois-novos-padres\/","title":{"rendered":"Diocese de Jequi\u00e9 (BA) ter\u00e1 dois novos padres"},"content":{"rendered":"<p>A Diocese de Jequi\u00e9 (BA) ter\u00e1 dois novos padres. As Ordena\u00e7\u00f5es Sacerdotais que estavam previstas para este m\u00eas foram adiadas considerando o tratamento de reabilita\u00e7\u00e3o integral, p\u00f3s COVID, do Bispo Diocesano, Dom Tommaso Cascianelli.&nbsp;<em>As Ordena\u00e7\u00f5es Sacerdotais acontecer\u00e3o no m\u00eas de outubro.<\/em><\/p>\n<p>Sendo assim, o Di\u00e1cono Adetino ser\u00e1 ordenado Sacerdote no dia 2 de outubro deste ano; o&nbsp;Di\u00e1cono Domingos ser\u00e1 ordenado Sacerdote no dia 9 de outubro.<\/p>\n<p>Com informa\u00e7\u00f5es: Diocese de Jequi\u00e9&nbsp;<br \/>\nFoto: Reprodu\u00e7\u00e3o \/ Diocese de Jequi\u00e9&nbsp;<\/p>\n","protected":false},"excerpt":{"rendered":"<p>A Diocese de Jequi\u00e9 (BA) ter\u00e1 dois novos padres. As Ordena\u00e7\u00f5es Sacerdotais que estavam previstas para este m\u00eas foram adiadas considerando o tratamento de reabilita\u00e7\u00e3o integral, p\u00f3s COVID, do Bispo Diocesano, Dom Tommaso Cascianelli.&nbsp;As Ordena\u00e7\u00f5es Sacerdotais acontecer\u00e3o no m\u00eas de outubro. Sendo assim, o Di\u00e1cono Adetino ser\u00e1 ordenado Sacerdote no dia 2 de outubro deste&nbsp;<\/p>\n<p><a class=\"btn btn-style\" href=\"http:\/\/portalcatolico.net\/portal\/diocese-de-jequie-ba-tera-dois-novos-padres\/\">Continue Reading<\/a><\/p>\n","protected":false},"author":2,"featured_media":72939,"comment_status":"open","ping_status":"open","sticky":false,"template":"","format":"standard","meta":{"footnotes":""},"categories":[1],"tags":[],"class_list":["post-72938","post","type-post","status-publish","format-standard","has-post-thumbnail","hentry","category-agenda"],"_links":{"self":[{"href":"http:\/\/portalcatolico.net\/portal\/wp-json\/wp\/v2\/posts\/72938","targetHints":{"allow":["GET"]}}],"collection":[{"href":"http:\/\/portalcatolico.net\/portal\/wp-json\/wp\/v2\/posts"}],"about":[{"href":"http:\/\/portalcatolico.net\/portal\/wp-json\/wp\/v2\/types\/post"}],"author":[{"embeddable":true,"href":"http:\/\/portalcatolico.net\/portal\/wp-json\/wp\/v2\/users\/2"}],"replies":[{"embeddable":true,"href":"http:\/\/portalcatolico.net\/portal\/wp-json\/wp\/v2\/comments?post=72938"}],"version-history":[{"count":1,"href":"http:\/\/portalcatolico.net\/portal\/wp-json\/wp\/v2\/posts\/72938\/revisions"}],"predecessor-version":[{"id":72940,"href":"http:\/\/portalcatolico.net\/portal\/wp-json\/wp\/v2\/posts\/72938\/revisions\/72940"}],"wp:featuredmedia":[{"embeddable":true,"href":"http:\/\/portalcatolico.net\/portal\/wp-json\/wp\/v2\/media\/72939"}],"wp:attachment":[{"href":"http:\/\/portalcatolico.net\/portal\/wp-json\/wp\/v2\/media?parent=72938"}],"wp:term":[{"taxonomy":"category","embeddable":true,"href":"http:\/\/portalcatolico.net\/portal\/wp-json\/wp\/v2\/categories?post=72938"},{"taxonomy":"post_tag","embeddable":true,"href":"http:\/\/portalcatolico.net\/portal\/wp-json\/wp\/v2\/tags?post=72938"}],"curies":[{"name":"wp","href":"https:\/\/api.w.org\/{rel}","templated":true}]}}