{"id":72935,"date":"2021-07-19T00:37:23","date_gmt":"2021-07-19T03:37:23","guid":{"rendered":"http:\/\/portalcatolico.net\/portal\/?p=72935"},"modified":"2021-07-18T18:37:40","modified_gmt":"2021-07-18T21:37:40","slug":"dom-joao-francisco-salm-fala-sobre-processo-de-escolha-do-tema-para-o-ano-vocacional-2023","status":"publish","type":"post","link":"http:\/\/portalcatolico.net\/portal\/dom-joao-francisco-salm-fala-sobre-processo-de-escolha-do-tema-para-o-ano-vocacional-2023\/","title":{"rendered":"Dom Jo\u00e3o Francisco Salm fala sobre processo de escolha do tema para o Ano Vocacional 2023"},"content":{"rendered":"<p><em>A&nbsp;iniciativa comemora os 40 anos do primeiro ano tem\u00e1tico dedicado \u00e0 reflex\u00e3o, ora\u00e7\u00e3o e promo\u00e7\u00e3o das voca\u00e7\u00f5es no pa\u00eds.<\/em><\/p>\n<p>Em abril deste ano, por unanimidade, a 58\u00aa Assembleia Geral da Confer\u00eancia Nacional dos Bispos do Brasil (CNBB) aprovou a realiza\u00e7\u00e3o do terceiro Ano Vocacional da Igreja no Brasil em 2023, que dever\u00e1 ser celebrado de 20 de novembro de 2022 a 26 de novembro de 2023. A&nbsp;iniciativa comemora os 40 anos do primeiro ano tem\u00e1tico dedicado \u00e0 reflex\u00e3o, ora\u00e7\u00e3o e promo\u00e7\u00e3o das voca\u00e7\u00f5es no pa\u00eds. A proposta foi apresentada pela Comiss\u00e3o Episcopal Pastoral para os Minist\u00e9rios Ordenados e a Vida Consagrada da CNBB.<\/p>\n<p>O Ano Vocacional de 2023 dar\u00e1 continuidade a um processo iniciado em 1983, quando foi celebrado o primeiro Ano Vocacional do Brasil. Inspirado no Documento Final do S\u00ednodo dos Bispos sobre&nbsp;<strong>\u201c<\/strong><em><strong>Os jovens, a f\u00e9 e o discernimento vocacional\u201d<\/strong><\/em>, a Comiss\u00e3o Central do Ano Vocacional de 2023 escolheu o tema&nbsp;<strong>\u201cVoca\u00e7\u00e3o: Gra\u00e7a e Miss\u00e3o\u201d&nbsp;<\/strong>e o lema&nbsp;<strong>\u201cCora\u00e7\u00f5es ardentes, p\u00e9s a caminho\u201d (<em>cf. Lc 24, 32-33<\/em>).&nbsp;<\/strong><\/p>\n<blockquote><p>\u201cQue Maria, m\u00e3e da Igreja nos ajude a vivenciar esse Ano Vocacional como um tempo da gra\u00e7a do Senhor\u201d, afirma dom Jo\u00e3o Francisco Salm, presidente da Comiss\u00e3o para os Minist\u00e9rios Ordenados e a Vida Consagrada da CNBB.<\/p><\/blockquote>\n<p>Confira o depoimento de dom Jo\u00e3o Francisco Salm sobre o Ano Vocacional 2023 e o processo de escolha do tema central:<\/p>\n<p><strong><a href=\"https:\/\/www.youtube.com\/watch?v=6yo-hyI4YOA\">https:\/\/www.youtube.com\/watch?v=6yo-hyI4YOA<\/a><\/strong><\/p>\n<p>&nbsp;<br \/>\nCom CNBB<br \/>\nFoto: Reprodu\u00e7\u00e3o \/ CNBB<\/p>\n","protected":false},"excerpt":{"rendered":"<p>A&nbsp;iniciativa comemora os 40 anos do primeiro ano tem\u00e1tico dedicado \u00e0 reflex\u00e3o, ora\u00e7\u00e3o e promo\u00e7\u00e3o das voca\u00e7\u00f5es no pa\u00eds. Em abril deste ano, por unanimidade, a 58\u00aa Assembleia Geral da Confer\u00eancia Nacional dos Bispos do Brasil (CNBB) aprovou a realiza\u00e7\u00e3o do terceiro Ano Vocacional da Igreja no Brasil em 2023, que dever\u00e1 ser celebrado de&nbsp;<\/p>\n<p><a class=\"btn btn-style\" href=\"http:\/\/portalcatolico.net\/portal\/dom-joao-francisco-salm-fala-sobre-processo-de-escolha-do-tema-para-o-ano-vocacional-2023\/\">Continue Reading<\/a><\/p>\n","protected":false},"author":2,"featured_media":72936,"comment_status":"open","ping_status":"open","sticky":false,"template":"","format":"standard","meta":{"footnotes":""},"categories":[4],"tags":[],"class_list":["post-72935","post","type-post","status-publish","format-standard","has-post-thumbnail","hentry","category-destaques"],"_links":{"self":[{"href":"http:\/\/portalcatolico.net\/portal\/wp-json\/wp\/v2\/posts\/72935","targetHints":{"allow":["GET"]}}],"collection":[{"href":"http:\/\/portalcatolico.net\/portal\/wp-json\/wp\/v2\/posts"}],"about":[{"href":"http:\/\/portalcatolico.net\/portal\/wp-json\/wp\/v2\/types\/post"}],"author":[{"embeddable":true,"href":"http:\/\/portalcatolico.net\/portal\/wp-json\/wp\/v2\/users\/2"}],"replies":[{"embeddable":true,"href":"http:\/\/portalcatolico.net\/portal\/wp-json\/wp\/v2\/comments?post=72935"}],"version-history":[{"count":1,"href":"http:\/\/portalcatolico.net\/portal\/wp-json\/wp\/v2\/posts\/72935\/revisions"}],"predecessor-version":[{"id":72937,"href":"http:\/\/portalcatolico.net\/portal\/wp-json\/wp\/v2\/posts\/72935\/revisions\/72937"}],"wp:featuredmedia":[{"embeddable":true,"href":"http:\/\/portalcatolico.net\/portal\/wp-json\/wp\/v2\/media\/72936"}],"wp:attachment":[{"href":"http:\/\/portalcatolico.net\/portal\/wp-json\/wp\/v2\/media?parent=72935"}],"wp:term":[{"taxonomy":"category","embeddable":true,"href":"http:\/\/portalcatolico.net\/portal\/wp-json\/wp\/v2\/categories?post=72935"},{"taxonomy":"post_tag","embeddable":true,"href":"http:\/\/portalcatolico.net\/portal\/wp-json\/wp\/v2\/tags?post=72935"}],"curies":[{"name":"wp","href":"https:\/\/api.w.org\/{rel}","templated":true}]}}