{"id":72932,"date":"2021-07-18T11:30:08","date_gmt":"2021-07-18T14:30:08","guid":{"rendered":"http:\/\/portalcatolico.net\/portal\/?p=72932"},"modified":"2021-07-18T18:30:22","modified_gmt":"2021-07-18T21:30:22","slug":"morre-frei-juvenal-leahy","status":"publish","type":"post","link":"http:\/\/portalcatolico.net\/portal\/morre-frei-juvenal-leahy\/","title":{"rendered":"Morre Frei Juvenal Leahy."},"content":{"rendered":"<p>Faleceu na tarde deste s\u00e1bado, 17, Frei Juvenal Leahy, aos 96 anos, no Convento S\u00e3o Francisco de Assis, em An\u00e1polis.&nbsp;O religioso nos \u00faltimos anos vivia sob os cuidados m\u00e9dicos devido \u00e0 idade avan\u00e7ada, mas sempre com uma mente v\u00edvida e produtiva.&nbsp;<\/p>\n<p>Nascido em Buffalo, EUA, John Edward Leahy, serviu por quase dois anos e seis meses a Marinha dos EUA (1943 \u00e0 12\/12\/1945.&nbsp;<\/p>\n<p>Iniciou seu minist\u00e9rio em 1951, no noviciado, tendo a ordena\u00e7\u00e3o presbiteral no ano de 1958, chegando ao Brasil em 1960.<\/p>\n<p>Em nota, a Ordem Franciscana do Sant\u00edssimo Nome de Jesus no Brasil, destacou Frei Juvenal como &#8220;Forte, gentil, dedicado, orante qualidades de um grande mission\u00e1rio chamado por Deus para, depois de servir sua p\u00e1tria como marinheiro, servir ao Brasil agora como sacerdote&#8221;.<\/p>\n<p>Chegou a ser confessor na Igreja S\u00e3o Francisco, em NY, EUA e Vig\u00e1rio Paroquial na Par\u00f3quia Nossa Senhora da Assun\u00e7\u00e3o, em Wood-Redge, NY.<\/p>\n<div>\n<div>Ap\u00f3s sua chegada ao pa\u00eds, serviu \u00e0 ordem Franciscana em An\u00e1polis, Ceres, Araguacema\/TO, Goi\u00e2nia, Pires do Rio, S\u00e3o Miguel do Araguaia.<\/div>\n<\/div>\n<p>O Vel\u00f3rio foi na Matriz S\u00e3o Francisco de Assis \u2013 An\u00e1polis, a partir das 21h.<br \/>\nE a Missa de corpo presente, aconteceu na tarde deste domingo, 18\/07\/2021, na Igreja Matriz de S\u00e3o Francisco.<\/p>\n<p>Foto:Reprodu\u00e7\u00e3o<\/p>\n","protected":false},"excerpt":{"rendered":"<p>Faleceu na tarde deste s\u00e1bado, 17, Frei Juvenal Leahy, aos 96 anos, no Convento S\u00e3o Francisco de Assis, em An\u00e1polis.&nbsp;O religioso nos \u00faltimos anos vivia sob os cuidados m\u00e9dicos devido \u00e0 idade avan\u00e7ada, mas sempre com uma mente v\u00edvida e produtiva.&nbsp; Nascido em Buffalo, EUA, John Edward Leahy, serviu por quase dois anos e seis&nbsp;<\/p>\n<p><a class=\"btn btn-style\" href=\"http:\/\/portalcatolico.net\/portal\/morre-frei-juvenal-leahy\/\">Continue Reading<\/a><\/p>\n","protected":false},"author":2,"featured_media":72933,"comment_status":"open","ping_status":"open","sticky":false,"template":"","format":"standard","meta":{"footnotes":""},"categories":[5],"tags":[],"class_list":["post-72932","post","type-post","status-publish","format-standard","has-post-thumbnail","hentry","category-igreja_no_mundo"],"_links":{"self":[{"href":"http:\/\/portalcatolico.net\/portal\/wp-json\/wp\/v2\/posts\/72932","targetHints":{"allow":["GET"]}}],"collection":[{"href":"http:\/\/portalcatolico.net\/portal\/wp-json\/wp\/v2\/posts"}],"about":[{"href":"http:\/\/portalcatolico.net\/portal\/wp-json\/wp\/v2\/types\/post"}],"author":[{"embeddable":true,"href":"http:\/\/portalcatolico.net\/portal\/wp-json\/wp\/v2\/users\/2"}],"replies":[{"embeddable":true,"href":"http:\/\/portalcatolico.net\/portal\/wp-json\/wp\/v2\/comments?post=72932"}],"version-history":[{"count":1,"href":"http:\/\/portalcatolico.net\/portal\/wp-json\/wp\/v2\/posts\/72932\/revisions"}],"predecessor-version":[{"id":72934,"href":"http:\/\/portalcatolico.net\/portal\/wp-json\/wp\/v2\/posts\/72932\/revisions\/72934"}],"wp:featuredmedia":[{"embeddable":true,"href":"http:\/\/portalcatolico.net\/portal\/wp-json\/wp\/v2\/media\/72933"}],"wp:attachment":[{"href":"http:\/\/portalcatolico.net\/portal\/wp-json\/wp\/v2\/media?parent=72932"}],"wp:term":[{"taxonomy":"category","embeddable":true,"href":"http:\/\/portalcatolico.net\/portal\/wp-json\/wp\/v2\/categories?post=72932"},{"taxonomy":"post_tag","embeddable":true,"href":"http:\/\/portalcatolico.net\/portal\/wp-json\/wp\/v2\/tags?post=72932"}],"curies":[{"name":"wp","href":"https:\/\/api.w.org\/{rel}","templated":true}]}}