{"id":72926,"date":"2021-07-18T18:26:20","date_gmt":"2021-07-18T21:26:20","guid":{"rendered":"http:\/\/portalcatolico.net\/portal\/?p=72926"},"modified":"2021-07-18T18:27:42","modified_gmt":"2021-07-18T21:27:42","slug":"encontro-diocesano-de-formacao-e-realizado-online","status":"publish","type":"post","link":"http:\/\/portalcatolico.net\/portal\/encontro-diocesano-de-formacao-e-realizado-online\/","title":{"rendered":"Encontro Diocesano de Forma\u00e7\u00e3o \u00e9 realizado online!"},"content":{"rendered":"<div><img loading=\"lazy\" decoding=\"async\" class=\"wp-image-72929 aligncenter\" src=\"http:\/\/portalcatolico.net\/portal\/wp-content\/uploads\/2021\/07\/rcc1-300x166.png\" alt=\"\" width=\"833\" height=\"461\" srcset=\"http:\/\/portalcatolico.net\/portal\/wp-content\/uploads\/2021\/07\/rcc1-300x166.png 300w, http:\/\/portalcatolico.net\/portal\/wp-content\/uploads\/2021\/07\/rcc1-768x426.png 768w, http:\/\/portalcatolico.net\/portal\/wp-content\/uploads\/2021\/07\/rcc1.png 805w\" sizes=\"auto, (max-width: 833px) 100vw, 833px\" \/>A Renova\u00e7\u00e3o Carism\u00e1tica Cat\u00f3lica &#8220;RCC&#8221; da diocese de Itabuna, no sul da&nbsp;Bahia, realizou a nona edi\u00e7\u00e3o do Encontro Diocesano de Forma\u00e7\u00e3o. Devido a pandemia, o evento foi virtual, nos dias 16 e 17 de julho, das 19 \u00e0s&nbsp;21h.&nbsp;<\/div>\n<div>Os palestrantes foram: Beatriz Vargas Coordenadora Nacional da&nbsp;Comiss\u00e3o de Forma\u00e7\u00e3o da RCC Brasil e Grazieli Tessarolo Pianizoli Presidente Diocesana RCC da Diocese de Eun\u00e1polis, no extremo sul da&nbsp;Bahia.&nbsp;<\/div>\n<div>O Minist\u00e9rio de M\u00fasica da RCC alegrou os internautas carism\u00e1ticos&nbsp;em suas resid\u00eancias.&nbsp;<\/div>\n<div>Um dos momentos mais&nbsp;esperado pelos carism\u00e1ticos foi a&nbsp; Adora\u00e7\u00e3o e b\u00ean\u00e7\u00e3o ao Sant\u00edssimo Sacramento.&nbsp;&nbsp;<\/div>\n<div>O EDF foi conduzindo por Amistron Lira,&nbsp;coordenador Diocesano da Diocese de Itabuna (BA). E contou com a presen\u00e7a do Padre Ezequias Gon\u00e7alves (Assistente eclesi\u00e1stico da RCC de Itabuna).<\/div>\n<div>\n<div class=\"v1_Entity v1_EType_OWALinkPreview v1_EId_OWALinkPreview v1_EReadonly_1\">&nbsp;<\/div>\n<\/div>\n","protected":false},"excerpt":{"rendered":"<p>A Renova\u00e7\u00e3o Carism\u00e1tica Cat\u00f3lica &#8220;RCC&#8221; da diocese de Itabuna, no sul da&nbsp;Bahia, realizou a nona edi\u00e7\u00e3o do Encontro Diocesano de Forma\u00e7\u00e3o. Devido a pandemia, o evento foi virtual, nos dias 16 e 17 de julho, das 19 \u00e0s&nbsp;21h.&nbsp; Os palestrantes foram: Beatriz Vargas Coordenadora Nacional da&nbsp;Comiss\u00e3o de Forma\u00e7\u00e3o da RCC Brasil e Grazieli Tessarolo Pianizoli&nbsp;<\/p>\n<p><a class=\"btn btn-style\" href=\"http:\/\/portalcatolico.net\/portal\/encontro-diocesano-de-formacao-e-realizado-online\/\">Continue Reading<\/a><\/p>\n","protected":false},"author":2,"featured_media":72927,"comment_status":"open","ping_status":"open","sticky":false,"template":"","format":"standard","meta":{"footnotes":""},"categories":[4],"tags":[],"class_list":["post-72926","post","type-post","status-publish","format-standard","has-post-thumbnail","hentry","category-destaques"],"_links":{"self":[{"href":"http:\/\/portalcatolico.net\/portal\/wp-json\/wp\/v2\/posts\/72926","targetHints":{"allow":["GET"]}}],"collection":[{"href":"http:\/\/portalcatolico.net\/portal\/wp-json\/wp\/v2\/posts"}],"about":[{"href":"http:\/\/portalcatolico.net\/portal\/wp-json\/wp\/v2\/types\/post"}],"author":[{"embeddable":true,"href":"http:\/\/portalcatolico.net\/portal\/wp-json\/wp\/v2\/users\/2"}],"replies":[{"embeddable":true,"href":"http:\/\/portalcatolico.net\/portal\/wp-json\/wp\/v2\/comments?post=72926"}],"version-history":[{"count":3,"href":"http:\/\/portalcatolico.net\/portal\/wp-json\/wp\/v2\/posts\/72926\/revisions"}],"predecessor-version":[{"id":72931,"href":"http:\/\/portalcatolico.net\/portal\/wp-json\/wp\/v2\/posts\/72926\/revisions\/72931"}],"wp:featuredmedia":[{"embeddable":true,"href":"http:\/\/portalcatolico.net\/portal\/wp-json\/wp\/v2\/media\/72927"}],"wp:attachment":[{"href":"http:\/\/portalcatolico.net\/portal\/wp-json\/wp\/v2\/media?parent=72926"}],"wp:term":[{"taxonomy":"category","embeddable":true,"href":"http:\/\/portalcatolico.net\/portal\/wp-json\/wp\/v2\/categories?post=72926"},{"taxonomy":"post_tag","embeddable":true,"href":"http:\/\/portalcatolico.net\/portal\/wp-json\/wp\/v2\/tags?post=72926"}],"curies":[{"name":"wp","href":"https:\/\/api.w.org\/{rel}","templated":true}]}}