{"id":72923,"date":"2021-07-18T18:23:11","date_gmt":"2021-07-18T21:23:11","guid":{"rendered":"http:\/\/portalcatolico.net\/portal\/?p=72923"},"modified":"2021-07-18T18:23:11","modified_gmt":"2021-07-18T21:23:11","slug":"aconteceu-hoje-a-celebracao-de-abertura-do-ano-jubilar-dos-60-anos-da-diocese-de-teixeira-de-freitas-caravelas","status":"publish","type":"post","link":"http:\/\/portalcatolico.net\/portal\/aconteceu-hoje-a-celebracao-de-abertura-do-ano-jubilar-dos-60-anos-da-diocese-de-teixeira-de-freitas-caravelas\/","title":{"rendered":"Aconteceu hoje, a Celebra\u00e7\u00e3o  de Abertura do Ano Jubilar dos 60 anos da Diocese de Teixeira de Freitas\/Caravelas"},"content":{"rendered":"<p>A Diocese de Teixeira de Freitas\/Caravelas e Dom Jailton de Oliveira Lino, bispo diocesano, convidam toda a comunidade diocesana para participarem da Santa Missa de Abertura do Ano Jubilar dos sessenta anos de cria\u00e7\u00e3o da Diocese no extremo sul da Bahia. A Celebra\u00e7\u00e3o Eucar\u00edstica presidida pelo bispo, aconteceu neste&nbsp;<strong>domingo<\/strong>, \u00e0s 9h30, na<strong>&nbsp;Igreja Matriz de S\u00e3o Jos\u00e9 Oper\u00e1rio em Teixeira de Freita<\/strong>s e conta&nbsp; com a participa\u00e7\u00e3o de todo o clero, religiosos(as), consagrados(as) e fi\u00e9is.<\/p>\n<p>A celebra\u00e7\u00e3o e a data marcam o in\u00edcio de um per\u00edodo de um ano de atividades que acontecem em comemora\u00e7\u00e3o a cria\u00e7\u00e3o da diocese. Teremos um ano de intensas e alegres celebra\u00e7\u00f5es. Segundo o bispo Dom Jailton, &#8220;<em>O Jubileu arranca-nos da rotina, impulsiona-nos a sair da zona de conforto, do comodismo, da falta de f\u00e9 para abra\u00e7ar uma verdadeira transforma\u00e7\u00e3o de vida, com coragem e confian\u00e7a no Senhor<\/em>&#8220;, disse.<\/p>\n<p>A Diocese de Caravelas foi criada pela Bula Pontif\u00edcia &#8220;<em>Omnium Eclesiarum<\/em>&#8220;, datada em 21 de julho de 1962, tendo como primeira sede, o munic\u00edpio de Caravelas,&nbsp; posteriormente denominada Diocese de Teixeira de Freitas-Caravelas pelo Decreto da &#8220;<em>Sacra Congregatio Pro Episcopis<\/em>&#8221; de 18 de abril de 1983. A Diocese est\u00e1 confiada ao Bispo Dom Jailton de Oliveira Lino, sendo ele seu quarto bispo, localizada no Extremo Sul baiano e pertencente a regi\u00e3o nordeste III do Brasil, fazendo divisa com os estados de Minas Gerais e Esp\u00edrito Santo. Pertencente \u00e0 Prov\u00edncia Eclesi\u00e1stica de S\u00e3o Salvador da Bahia. \u00c9 composta por 13 Munic\u00edpios: Alcoba\u00e7a, Caravelas, Prado, Itamaraju, Jucuru\u00e7u, Nova Vi\u00e7osa, Mucuri, Medeiros Neto, Itanh\u00e9m, Ibirapu\u00e3, Vereda, Lajed\u00e3o e Teixeira de Freitas (sede)<\/p>\n<p>Foto: Captura do Youtube&nbsp;<\/p>\n","protected":false},"excerpt":{"rendered":"<p>A Diocese de Teixeira de Freitas\/Caravelas e Dom Jailton de Oliveira Lino, bispo diocesano, convidam toda a comunidade diocesana para participarem da Santa Missa de Abertura do Ano Jubilar dos sessenta anos de cria\u00e7\u00e3o da Diocese no extremo sul da Bahia. A Celebra\u00e7\u00e3o Eucar\u00edstica presidida pelo bispo, aconteceu neste&nbsp;domingo, \u00e0s 9h30, na&nbsp;Igreja Matriz de S\u00e3o&nbsp;<\/p>\n<p><a class=\"btn btn-style\" href=\"http:\/\/portalcatolico.net\/portal\/aconteceu-hoje-a-celebracao-de-abertura-do-ano-jubilar-dos-60-anos-da-diocese-de-teixeira-de-freitas-caravelas\/\">Continue Reading<\/a><\/p>\n","protected":false},"author":2,"featured_media":72924,"comment_status":"open","ping_status":"open","sticky":false,"template":"","format":"standard","meta":{"footnotes":""},"categories":[68],"tags":[],"class_list":["post-72923","post","type-post","status-publish","format-standard","has-post-thumbnail","hentry","category-homilias"],"_links":{"self":[{"href":"http:\/\/portalcatolico.net\/portal\/wp-json\/wp\/v2\/posts\/72923","targetHints":{"allow":["GET"]}}],"collection":[{"href":"http:\/\/portalcatolico.net\/portal\/wp-json\/wp\/v2\/posts"}],"about":[{"href":"http:\/\/portalcatolico.net\/portal\/wp-json\/wp\/v2\/types\/post"}],"author":[{"embeddable":true,"href":"http:\/\/portalcatolico.net\/portal\/wp-json\/wp\/v2\/users\/2"}],"replies":[{"embeddable":true,"href":"http:\/\/portalcatolico.net\/portal\/wp-json\/wp\/v2\/comments?post=72923"}],"version-history":[{"count":1,"href":"http:\/\/portalcatolico.net\/portal\/wp-json\/wp\/v2\/posts\/72923\/revisions"}],"predecessor-version":[{"id":72925,"href":"http:\/\/portalcatolico.net\/portal\/wp-json\/wp\/v2\/posts\/72923\/revisions\/72925"}],"wp:featuredmedia":[{"embeddable":true,"href":"http:\/\/portalcatolico.net\/portal\/wp-json\/wp\/v2\/media\/72924"}],"wp:attachment":[{"href":"http:\/\/portalcatolico.net\/portal\/wp-json\/wp\/v2\/media?parent=72923"}],"wp:term":[{"taxonomy":"category","embeddable":true,"href":"http:\/\/portalcatolico.net\/portal\/wp-json\/wp\/v2\/categories?post=72923"},{"taxonomy":"post_tag","embeddable":true,"href":"http:\/\/portalcatolico.net\/portal\/wp-json\/wp\/v2\/tags?post=72923"}],"curies":[{"name":"wp","href":"https:\/\/api.w.org\/{rel}","templated":true}]}}