{"id":72896,"date":"2021-07-15T19:01:29","date_gmt":"2021-07-15T22:01:29","guid":{"rendered":"http:\/\/portalcatolico.net\/portal\/?p=72896"},"modified":"2021-07-15T19:14:41","modified_gmt":"2021-07-15T22:14:41","slug":"ajude-no-projeto-de-restauracao-do-museu-da-paroquia-sao-miguel-arcanjo-de-itacare","status":"publish","type":"post","link":"http:\/\/portalcatolico.net\/portal\/ajude-no-projeto-de-restauracao-do-museu-da-paroquia-sao-miguel-arcanjo-de-itacare\/","title":{"rendered":"Ajude no projeto de restaura\u00e7\u00e3o do museu da par\u00f3quia S\u00e3o Miguel Arcanjo de Itacar\u00e9!"},"content":{"rendered":"<div class=\"v1OutlineElement v1Ltr v1BCX0 v1SCXW58696288\">\n<p class=\"v1Paragraph v1SCXW58696288 v1BCX0\" lang=\"PT-BR\"><span class=\"v1TextRun v1SCXW58696288 v1BCX0\" lang=\"PT-BR\"><span class=\"v1NormalTextRun v1SCXW58696288 v1BCX0\">A par\u00f3quia&nbsp;S\u00e3o&nbsp;Miguel&nbsp;Arcanjo&nbsp;situada na cidade de Itacar\u00e9 (BA), pertencente \u00e0 Diocese de Ilh\u00e9us, foi&nbsp;fundada em 1723 pelos Jesu\u00edtas. A igreja matriz \u00e9 umas das mais antigas da regi\u00e3o (com quase 300 anos) e tem como p\u00e1roco, o&nbsp;<\/span><\/span><span class=\"v1TextRun v1SCXW58696288 v1BCX0\" lang=\"PT-BR\"><span class=\"v1NormalTextRun v1SCXW58696288 v1BCX0\">Padre Ubirajara Ramos.&nbsp;<\/span><\/span><span class=\"v1TextRun v1SCXW58696288 v1BCX0\" lang=\"PT-BR\"><span class=\"v1NormalTextRun v1SCXW58696288 v1BCX0\">Por possuir tanta riqueza hist\u00f3rica, foi lan\u00e7ada a campanha &#8220;Multiplica\u00e7\u00e3o em Itacar\u00e9&#8221; que visa construir um Museu Hist\u00f3rico e Art\u00edstico.&nbsp;<\/span><span class=\"v1NormalTextRun v1SCXW58696288 v1BCX0\">Voc\u00ea doa dez reais e o projeto recebe cinquenta reais. A meta da campanha \u00e9 chegar a cento e vinte e cinco mil reais, que ser\u00e3o usados na m\u00e3o de obra.&nbsp;<\/span><\/span><span class=\"v1EOP v1SCXW58696288 v1BCX0\">&nbsp;<\/span><\/p>\n<\/div>\n<div class=\"v1OutlineElement v1Ltr v1BCX0 v1SCXW58696288\">\n<p class=\"v1Paragraph v1SCXW58696288 v1BCX0\" lang=\"PT-BR\"><span class=\"v1TextRun v1SCXW58696288 v1BCX0\" lang=\"PT-BR\"><span class=\"v1NormalTextRun v1SCXW58696288 v1BCX0\">A&nbsp;<\/span><span class=\"v1NormalTextRun v1SCXW58696288 v1BCX0\">p<\/span><span class=\"v1NormalTextRun v1SCXW58696288 v1BCX0\">roposta \u00e9 exibir todo acervo restaurado e protegido. Metas: Galeria com fotos e hist\u00f3ria da cidade desde sua funda\u00e7\u00e3o; Mem\u00f3ria: galeria com fotos e\/ou nomes dos padres que guardaram o patrim\u00f4nio desde sua constru\u00e7\u00e3o; exposi\u00e7\u00e3o do acervo sacro; espa\u00e7o para as crian\u00e7as que acompanham os pais, expositor com fotos do processo de restauro da igreja; lojinha de lembran\u00e7as. &nbsp;<\/span><\/span><span class=\"v1EOP v1SCXW58696288 v1BCX0\">&nbsp;<\/span><\/p>\n<\/div>\n<div class=\"v1OutlineElement v1Ltr v1BCX0 v1SCXW58696288\">\n<p class=\"v1Paragraph v1SCXW58696288 v1BCX0\" lang=\"PT-BR\"><span class=\"v1TextRun v1SCXW58696288 v1BCX0\" lang=\"PT-BR\"><span class=\"v1NormalTextRun v1SCXW58696288 v1BCX0\">A cidade de Itacar\u00e9 n\u00e3o possui Cinema, Teatro, Biblioteca e Museu, e isso contribui para os baixos \u00edndices de pr\u00e1ticas culturais por sua popula\u00e7\u00e3o. Por ser um bem cultural, se justifica a conserva\u00e7\u00e3o, se faz necess\u00e1ria uma a\u00e7\u00e3o restaurativa desse acervo e exposi\u00e7\u00e3o atrav\u00e9s do Museu, um Equipamento Cultural com espa\u00e7os planejados para conserva\u00e7\u00e3o da arte e hist\u00f3ria.&nbsp;<\/span><\/span><span class=\"v1EOP v1SCXW58696288 v1BCX0\">&nbsp;<\/span><\/p>\n<\/div>\n<div class=\"v1OutlineElement v1Ltr v1BCX0 v1SCXW58696288\">\n<p class=\"v1Paragraph v1SCXW58696288 v1BCX0\" lang=\"PT-BR\"><span class=\"v1TextRun v1SCXW58696288 v1BCX0\" lang=\"PT-BR\"><span class=\"v1NormalTextRun v1SCXW58696288 v1BCX0\">Para conhecer melhor o projeto e a hist\u00f3ria da igreja matriz, basta acessar o site:&nbsp;<\/span><\/span><a class=\"v1Hyperlink v1SCXW58696288 v1BCX0\" href=\"http:\/\/www.paroquiasaomiguelitacare.com.br\/\" target=\"_blank\" rel=\"noopener noreferrer\"><span class=\"v1TextRun v1Underlined v1SCXW58696288 v1BCX0\" lang=\"PT-BR\"><span class=\"v1NormalTextRun v1SCXW58696288 v1BCX0\">www.paroquiasaomiguelitacare.com.br<\/span><\/span><\/a><span class=\"v1TextRun v1SCXW58696288 v1BCX0\" lang=\"PT-BR\"><span class=\"v1NormalTextRun v1SCXW58696288 v1BCX0\">&nbsp;. &nbsp;<\/span><\/span><span class=\"v1EOP v1SCXW58696288 v1BCX0\">&nbsp;<\/span><\/p>\n<\/div>\n<div class=\"v1OutlineElement v1Ltr v1BCX0 v1SCXW58696288\">\n<p class=\"v1Paragraph v1SCXW58696288 v1BCX0\" lang=\"PT-BR\"><span class=\"v1TextRun v1SCXW58696288 v1BCX0\" lang=\"PT-BR\"><span class=\"v1NormalTextRun v1SCXW58696288 v1BCX0\">As doa\u00e7\u00f5es podem ser feitas na secretaria da par\u00f3quia, que fica na&nbsp;<\/span><\/span><span class=\"v1TextRun v1SCXW58696288 v1BCX0\" lang=\"PT-BR\"><span class=\"v1NormalTextRun v1SCXW58696288 v1BCX0\">Rua Plinio Soares, s\/n \u2013 Centro&nbsp;<\/span><\/span><span class=\"v1TextRun v1SCXW58696288 v1BCX0\" lang=\"PT-BR\"><span class=\"v1NormalTextRun v1SCXW58696288 v1BCX0\">de Itacar\u00e9&nbsp;<\/span><\/span><span class=\"v1TextRun v1SCXW58696288 v1BCX0\" lang=\"PT-BR\"><span class=\"v1NormalTextRun v1SCXW58696288 v1BCX0\">ou por meio de dep\u00f3sito na conta corrente do Banco do Brasil: 7034-3, Ag\u00eancia 4105-x<\/span><span class=\"v1NormalTextRun v1SCXW58696288 v1BCX0\">, ou PIX \u2013 CNPJ 13.628.433\/0016-14<\/span><span class=\"v1NormalTextRun v1SCXW58696288 v1BCX0\">. Para maiores informa\u00e7\u00f5es, entre em contato com o telefone (<\/span><span class=\"v1NormalTextRun v1SpellingErrorV2 v1SCXW58696288 v1BCX0\">whatsapp<\/span><span class=\"v1NormalTextRun v1SCXW58696288 v1BCX0\">):&nbsp;<\/span><\/span><span class=\"v1TextRun v1SCXW58696288 v1BCX0\" lang=\"PT-BR\"><span class=\"v1NormalTextRun v1SCXW58696288 v1BCX0\">73 99821-9228<\/span><\/span><span class=\"v1TextRun v1SCXW58696288 v1BCX0\" lang=\"PT-BR\"><span class=\"v1NormalTextRun v1SCXW58696288 v1BCX0\">.<\/span><\/span><span class=\"v1EOP v1SCXW58696288 v1BCX0\">&nbsp;<\/span><\/p>\n<\/div>\n","protected":false},"excerpt":{"rendered":"<p>A par\u00f3quia&nbsp;S\u00e3o&nbsp;Miguel&nbsp;Arcanjo&nbsp;situada na cidade de Itacar\u00e9 (BA), pertencente \u00e0 Diocese de Ilh\u00e9us, foi&nbsp;fundada em 1723 pelos Jesu\u00edtas. A igreja matriz \u00e9 umas das mais antigas da regi\u00e3o (com quase 300 anos) e tem como p\u00e1roco, o&nbsp;Padre Ubirajara Ramos.&nbsp;Por possuir tanta riqueza hist\u00f3rica, foi lan\u00e7ada a campanha &#8220;Multiplica\u00e7\u00e3o em Itacar\u00e9&#8221; que visa construir um Museu Hist\u00f3rico&nbsp;<\/p>\n<p><a class=\"btn btn-style\" href=\"http:\/\/portalcatolico.net\/portal\/ajude-no-projeto-de-restauracao-do-museu-da-paroquia-sao-miguel-arcanjo-de-itacare\/\">Continue Reading<\/a><\/p>\n","protected":false},"author":2,"featured_media":72899,"comment_status":"open","ping_status":"open","sticky":false,"template":"","format":"standard","meta":{"footnotes":""},"categories":[4],"tags":[],"class_list":["post-72896","post","type-post","status-publish","format-standard","has-post-thumbnail","hentry","category-destaques"],"_links":{"self":[{"href":"http:\/\/portalcatolico.net\/portal\/wp-json\/wp\/v2\/posts\/72896","targetHints":{"allow":["GET"]}}],"collection":[{"href":"http:\/\/portalcatolico.net\/portal\/wp-json\/wp\/v2\/posts"}],"about":[{"href":"http:\/\/portalcatolico.net\/portal\/wp-json\/wp\/v2\/types\/post"}],"author":[{"embeddable":true,"href":"http:\/\/portalcatolico.net\/portal\/wp-json\/wp\/v2\/users\/2"}],"replies":[{"embeddable":true,"href":"http:\/\/portalcatolico.net\/portal\/wp-json\/wp\/v2\/comments?post=72896"}],"version-history":[{"count":2,"href":"http:\/\/portalcatolico.net\/portal\/wp-json\/wp\/v2\/posts\/72896\/revisions"}],"predecessor-version":[{"id":72898,"href":"http:\/\/portalcatolico.net\/portal\/wp-json\/wp\/v2\/posts\/72896\/revisions\/72898"}],"wp:featuredmedia":[{"embeddable":true,"href":"http:\/\/portalcatolico.net\/portal\/wp-json\/wp\/v2\/media\/72899"}],"wp:attachment":[{"href":"http:\/\/portalcatolico.net\/portal\/wp-json\/wp\/v2\/media?parent=72896"}],"wp:term":[{"taxonomy":"category","embeddable":true,"href":"http:\/\/portalcatolico.net\/portal\/wp-json\/wp\/v2\/categories?post=72896"},{"taxonomy":"post_tag","embeddable":true,"href":"http:\/\/portalcatolico.net\/portal\/wp-json\/wp\/v2\/tags?post=72896"}],"curies":[{"name":"wp","href":"https:\/\/api.w.org\/{rel}","templated":true}]}}