{"id":72497,"date":"2021-06-11T00:09:16","date_gmt":"2021-06-11T03:09:16","guid":{"rendered":"http:\/\/portalcatolico.net\/portal\/?p=72497"},"modified":"2021-06-10T19:09:34","modified_gmt":"2021-06-10T22:09:34","slug":"paroquianos-da-diocese-de-eunapolis-estao-em-festa","status":"publish","type":"post","link":"http:\/\/portalcatolico.net\/portal\/paroquianos-da-diocese-de-eunapolis-estao-em-festa\/","title":{"rendered":"Paroquianos da Diocese de Eun\u00e1polis est\u00e3o em festa!"},"content":{"rendered":"<p><span class=\"v1TextRun v1SCXW37998256 v1BCX0\" lang=\"PT-BR\"><span class=\"v1NormalTextRun v1SCXW37998256 v1BCX0\">A Par\u00f3quia de Porto Seguro, no litoral do extremo Sul da Bahia, est\u00e1<\/span><\/span><span class=\"v1LineBreakBlob v1BlobObject v1DragDrop v1SCXW37998256 v1BCX0\"><span class=\"v1SCXW37998256 v1BCX0\">&nbsp;<\/span><\/span><span class=\"v1TextRun v1SCXW37998256 v1BCX0\" lang=\"PT-BR\"><span class=\"v1NormalTextRun v1SCXW37998256 v1BCX0\">celebrando o Jubileu dos 25 anos Diocese de Eun\u00e1polis.&nbsp;<\/span><\/span><span class=\"v1TextRun v1SCXW37998256 v1BCX0\" lang=\"PT-BR\"><span class=\"v1NormalTextRun v1SCXW37998256 v1BCX0\">Faz parte dessa comemora\u00e7\u00e3o, a<\/span><\/span><span class=\"v1TextRun v1SCXW37998256 v1BCX0\" lang=\"PT-BR\"><span class=\"v1NormalTextRun v1SCXW37998256 v1BCX0\">s celebra\u00e7\u00f5es<\/span><\/span><span class=\"v1TextRun v1SCXW37998256 v1BCX0\" lang=\"PT-BR\"><span class=\"v1NormalTextRun v1SCXW37998256 v1BCX0\">&nbsp;do&nbsp;<\/span><\/span><span class=\"v1TextRun v1SCXW37998256 v1BCX0\" lang=\"PT-BR\"><span class=\"v1NormalTextRun v1SpellingErrorV2 v1SCXW37998256 v1BCX0\">trezen\u00e1rio<\/span><\/span><span class=\"v1TextRun v1SCXW37998256 v1BCX0\" lang=\"PT-BR\"><span class=\"v1NormalTextRun v1SCXW37998256 v1BCX0\">&nbsp;de Santo Ant\u00f4nio na Par\u00f3quia Nossa Senhora da Sa\u00fade, que tiveram in\u00edcio no&nbsp;<\/span><\/span><span class=\"v1TextRun v1SCXW37998256 v1BCX0\" lang=\"PT-BR\"><span class=\"v1NormalTextRun v1SCXW37998256 v1BCX0\">&nbsp;<\/span><\/span><span class=\"v1TextRun v1SCXW37998256 v1BCX0\" lang=\"PT-BR\"><span class=\"v1NormalTextRun v1SCXW37998256 v1BCX0\">&nbsp;<\/span><\/span><span class=\"v1TextRun v1SCXW37998256 v1BCX0\" lang=\"PT-BR\"><span class=\"v1NormalTextRun v1SCXW37998256 v1BCX0\">dia 31\/05 e v\u00e3o at\u00e9 o dia 13\/06.<\/span><\/span><span class=\"v1LineBreakBlob v1BlobObject v1DragDrop v1SCXW37998256 v1BCX0\"><span class=\"v1SCXW37998256 v1BCX0\">&nbsp;<\/span><br class=\"v1SCXW37998256 v1BCX0\"><\/span><span class=\"v1TextRun v1SCXW37998256 v1BCX0\" lang=\"PT-BR\"><span class=\"v1NormalTextRun v1SCXW37998256 v1BCX0\">Confira a<\/span><\/span><span class=\"v1TextRun v1SCXW37998256 v1BCX0\" lang=\"PT-BR\"><span class=\"v1NormalTextRun v1SCXW37998256 v1BCX0\">&nbsp;<\/span><\/span><span class=\"v1TextRun v1SCXW37998256 v1BCX0\" lang=\"PT-BR\"><span class=\"v1NormalTextRun v1SCXW37998256 v1BCX0\">programa\u00e7\u00e3o da festividade e participe&nbsp;pelas m\u00eddias socia<\/span><\/span><span class=\"v1TextRun v1SCXW37998256 v1BCX0\" lang=\"PT-BR\"><span class=\"v1NormalTextRun v1SCXW37998256 v1BCX0\">i<\/span><\/span><span class=\"v1TextRun v1SCXW37998256 v1BCX0\" lang=\"PT-BR\"><span class=\"v1NormalTextRun v1SCXW37998256 v1BCX0\">s<\/span><\/span><span class=\"v1LineBreakBlob v1BlobObject v1DragDrop v1SCXW37998256 v1BCX0\"><span class=\"v1SCXW37998256 v1BCX0\">&nbsp;&nbsp;<\/span><\/span><span class=\"v1TextRun v1SCXW37998256 v1BCX0\" lang=\"PT-BR\"><span class=\"v1NormalTextRun v1SCXW37998256 v1BCX0\">da&nbsp; par<\/span><\/span><span class=\"v1TextRun v1SCXW37998256 v1BCX0\" lang=\"PT-BR\"><span class=\"v1NormalTextRun v1SCXW37998256 v1BCX0\">\u00f3<\/span><\/span><span class=\"v1TextRun v1SCXW37998256 v1BCX0\" lang=\"PT-BR\"><span class=\"v1NormalTextRun v1SCXW37998256 v1BCX0\">quia<\/span><\/span><span class=\"v1TextRun v1SCXW37998256 v1BCX0\" lang=\"PT-BR\"><span class=\"v1NormalTextRun v1SCXW37998256 v1BCX0\">:&nbsp;<\/span><\/span><\/p>\n<p><a class=\"v1Hyperlink v1SCXW37998256 v1BCX0\" href=\"https:\/\/www.diocesedeeunapolis.org\/post\/de-31-05-a-13-06-acontece-o-trezen%C3%A1rio-de-santo-ant%C3%B4nio-na-par%C3%B3quia-nossa-senhora-da-sa%C3%BAde\" target=\"_blank\" rel=\"noopener noreferrer\"><span class=\"v1TextRun v1Underlined v1SCXW37998256 v1BCX0\" lang=\"PT-BR\"><span class=\"v1NormalTextRun v1SCXW37998256 v1BCX0\">https:\/\/www.diocesedeeunapolis.org\/post\/de-31-05-a-13-06-acontece-o-trezen%C3%A1rio-de-santo-ant%C3%B4nio-na-par%C3%B3quia-nossa-senhora-da-sa%C3%BAde<\/span><\/span><\/a><span class=\"v1EOP v1SCXW37998256 v1BCX0\">&nbsp;<\/span><\/p>\n","protected":false},"excerpt":{"rendered":"<p>A Par\u00f3quia de Porto Seguro, no litoral do extremo Sul da Bahia, est\u00e1&nbsp;celebrando o Jubileu dos 25 anos Diocese de Eun\u00e1polis.&nbsp;Faz parte dessa comemora\u00e7\u00e3o, as celebra\u00e7\u00f5es&nbsp;do&nbsp;trezen\u00e1rio&nbsp;de Santo Ant\u00f4nio na Par\u00f3quia Nossa Senhora da Sa\u00fade, que tiveram in\u00edcio no&nbsp;&nbsp;&nbsp;dia 31\/05 e v\u00e3o at\u00e9 o dia 13\/06.&nbsp;Confira a&nbsp;programa\u00e7\u00e3o da festividade e participe&nbsp;pelas m\u00eddias sociais&nbsp;&nbsp;da&nbsp; par\u00f3quia:&nbsp; https:\/\/www.diocesedeeunapolis.org\/post\/de-31-05-a-13-06-acontece-o-trezen%C3%A1rio-de-santo-ant%C3%B4nio-na-par%C3%B3quia-nossa-senhora-da-sa%C3%BAde&nbsp;<\/p>\n","protected":false},"author":2,"featured_media":72498,"comment_status":"open","ping_status":"open","sticky":false,"template":"","format":"standard","meta":{"footnotes":""},"categories":[4],"tags":[],"class_list":["post-72497","post","type-post","status-publish","format-standard","has-post-thumbnail","hentry","category-destaques"],"_links":{"self":[{"href":"http:\/\/portalcatolico.net\/portal\/wp-json\/wp\/v2\/posts\/72497","targetHints":{"allow":["GET"]}}],"collection":[{"href":"http:\/\/portalcatolico.net\/portal\/wp-json\/wp\/v2\/posts"}],"about":[{"href":"http:\/\/portalcatolico.net\/portal\/wp-json\/wp\/v2\/types\/post"}],"author":[{"embeddable":true,"href":"http:\/\/portalcatolico.net\/portal\/wp-json\/wp\/v2\/users\/2"}],"replies":[{"embeddable":true,"href":"http:\/\/portalcatolico.net\/portal\/wp-json\/wp\/v2\/comments?post=72497"}],"version-history":[{"count":1,"href":"http:\/\/portalcatolico.net\/portal\/wp-json\/wp\/v2\/posts\/72497\/revisions"}],"predecessor-version":[{"id":72499,"href":"http:\/\/portalcatolico.net\/portal\/wp-json\/wp\/v2\/posts\/72497\/revisions\/72499"}],"wp:featuredmedia":[{"embeddable":true,"href":"http:\/\/portalcatolico.net\/portal\/wp-json\/wp\/v2\/media\/72498"}],"wp:attachment":[{"href":"http:\/\/portalcatolico.net\/portal\/wp-json\/wp\/v2\/media?parent=72497"}],"wp:term":[{"taxonomy":"category","embeddable":true,"href":"http:\/\/portalcatolico.net\/portal\/wp-json\/wp\/v2\/categories?post=72497"},{"taxonomy":"post_tag","embeddable":true,"href":"http:\/\/portalcatolico.net\/portal\/wp-json\/wp\/v2\/tags?post=72497"}],"curies":[{"name":"wp","href":"https:\/\/api.w.org\/{rel}","templated":true}]}}