{"id":72494,"date":"2021-06-10T19:05:54","date_gmt":"2021-06-10T22:05:54","guid":{"rendered":"http:\/\/portalcatolico.net\/portal\/?p=72494"},"modified":"2021-06-10T19:05:54","modified_gmt":"2021-06-10T22:05:54","slug":"dia-oracional-celebra-festa-dos-coracoes-de-jesus-e-maria","status":"publish","type":"post","link":"http:\/\/portalcatolico.net\/portal\/dia-oracional-celebra-festa-dos-coracoes-de-jesus-e-maria\/","title":{"rendered":"Dia Oracional celebra festa dos cora\u00e7\u00f5es de Jesus e Maria"},"content":{"rendered":"<p><strong><i>Marcando comemora\u00e7\u00f5es, cerim\u00f4nia vai entregar capelinhas com a imagem de Nossa Senhora Aparecida para devotos<\/i><\/strong><\/p>\n<div>\n<p><i>Por Victor Hugo Barros<\/i><\/p>\n<\/div>\n<div>\n<p>Como forma de preparar os devotos para as celebra\u00e7\u00f5es da Festa da Padroeira, o Santu\u00e1rio Nacional de Aparecida (SP) realiza, no dia 12 de cada m\u00eas, o Dia Oracional Mariano. No s\u00e1bado&nbsp;(12), as cerim\u00f4nias&nbsp;da data v\u00e3o recordar a devo\u00e7\u00e3o ao Sagrado Cora\u00e7\u00e3o de Jesus e ao Imaculado Cora\u00e7\u00e3o de Maria, comemoradas no calend\u00e1rio cat\u00f3lico no pr\u00f3ximo fim de semana.<\/p>\n<p>A celebra\u00e7\u00e3o Aparecida pelo Brasil, considerada a principal do dia, acontece \u00e0s 9h no Altar Central da Bas\u00edlica. Durante a cerim\u00f4nia, capelinhas com a imagem fac-s\u00edmile de Nossa Senhora Aparecida ser\u00e3o entregues \u00e0 devotos que levam para suas casas, auxiliando na evangeliza\u00e7\u00e3o em suas par\u00f3quias e comunidades.<\/p>\n<p>\u201cH\u00e1 muitas pessoas que n\u00e3o conseguem vir ao Santu\u00e1rio de Aparecida por v\u00e1rios motivos. Mas Aparecida vai at\u00e9 a casa dos devotos. Essa \u00e9 a ideia principal do projeto Aparecida pelo Brasil. \u00c9 a presen\u00e7a da M\u00e3e de Deus na vida e na hist\u00f3ria daqueles que amam Nossa Senhora, na vida e na hist\u00f3ria daqueles que amam Aparecida\u201d, explica o reitor do Santu\u00e1rio Nacional, padre Eduardo Catalfo.<\/p>\n<p>Os peregrinos que estiverem no Santu\u00e1rio poder\u00e3o participar da celebra\u00e7\u00e3o Aparecida pelo Brasil. A entrada para a missa&nbsp;acontece na Esplanada S\u00e3o Jo\u00e3o Paulo II, pr\u00f3ximo \u00e0 Capela da Ressurrei\u00e7\u00e3o. No local, acontece uma triagem sanit\u00e1ria, com aferi\u00e7\u00e3o de temperatura corporal e higieniza\u00e7\u00e3o das m\u00e3os.<\/p>\n<p>Os fi\u00e9is que n\u00e3o puderem participar presencialmente da celebra\u00e7\u00e3o Aparecida pelo Brasil, poder\u00e3o acompanhar o&nbsp;ritual&nbsp;pelas redes sociais do Santu\u00e1rio Nacional (Facebook e Youtube) ou pela Rede Aparecida de Comunica\u00e7\u00e3o. Mesmo \u00e0 dist\u00e2ncia, os devotos podem enviar seus pedidos de inten\u00e7\u00e3o para o Dia Oracional pelo site www.a12.com\/intencao ou pelo telefone 0300 2 10 12 10.<\/p>\n<p><b>Origem da devo\u00e7\u00e3o \u2013<\/b>&nbsp;As festas do Sagrado Cora\u00e7\u00e3o de Jesus e do Imaculado Cora\u00e7\u00e3o de Maria s\u00e3o datas m\u00f3veis. As comemora\u00e7\u00f5es s\u00e3o celebradas habitualmente no m\u00eas de junho, no segundo fim de semana ap\u00f3s a solenidade de Corpus Christi.<\/p>\n<p>A solenidade do Cora\u00e7\u00e3o de Jesus \u00e9 baseada nas vis\u00f5es de Santa Margarida Maria Alacoque. De acordo com a Igreja, a partir de 1673, a religiosa francesa come\u00e7ou a ter vis\u00f5es de&nbsp;Cristo, que lhe pedia para ter uma devo\u00e7\u00e3o particular ao seu Cora\u00e7\u00e3o. Em 1889, o&nbsp;papa Le\u00e3o XIII consagrou o mundo ao Sagrado Cora\u00e7\u00e3o de Jesus. Cerca de 50 anos depois, o&nbsp;papa Pio XII recomendou esta&nbsp;devo\u00e7\u00e3o para toda a Igreja, inspirada na festa que os&nbsp;franciscanos&nbsp;j\u00e1 celebravam h\u00e1 algum tempo, desde 1856, com o papa Pio IX.<\/p>\n<p>J\u00e1 a festa do Imaculado Cora\u00e7\u00e3o de Maria nasce na Idade M\u00e9dia, baseadas nas devo\u00e7\u00f5es de m\u00edsticos, te\u00f3logos e ascetas. A comemora\u00e7\u00e3o foi promovida por S\u00e3o Jo\u00e3o de Eudes, que em 1648 a tornou lit\u00fargica. Por\u00e9m, apenas em 1917, com as apari\u00e7\u00f5es de Nossa Senhora de F\u00e1tima, o Cora\u00e7\u00e3o de Maria passou a ser venerado com maior ardor pelos fi\u00e9is. Em 4 de maio de 1944, o Papa Pio XII ordenou que esta festa fosse observada em toda Igreja. No dia 25 de mar\u00e7o de 1984, o ent\u00e3o Papa Jo\u00e3o Paulo II realizou na Bas\u00edlica de S\u00e3o Pedro a solene consagra\u00e7\u00e3o do mundo ao Imaculado Cora\u00e7\u00e3o de Maria em uni\u00e3o espiritual com os bispos do mundo inteiro.<\/p>\n<\/div>\n","protected":false},"excerpt":{"rendered":"<p>Marcando comemora\u00e7\u00f5es, cerim\u00f4nia vai entregar capelinhas com a imagem de Nossa Senhora Aparecida para devotos Por Victor Hugo Barros Como forma de preparar os devotos para as celebra\u00e7\u00f5es da Festa da Padroeira, o Santu\u00e1rio Nacional de Aparecida (SP) realiza, no dia 12 de cada m\u00eas, o Dia Oracional Mariano. No s\u00e1bado&nbsp;(12), as cerim\u00f4nias&nbsp;da data v\u00e3o&nbsp;<\/p>\n<p><a class=\"btn btn-style\" href=\"http:\/\/portalcatolico.net\/portal\/dia-oracional-celebra-festa-dos-coracoes-de-jesus-e-maria\/\">Continue Reading<\/a><\/p>\n","protected":false},"author":2,"featured_media":72495,"comment_status":"open","ping_status":"open","sticky":false,"template":"","format":"standard","meta":{"footnotes":""},"categories":[69],"tags":[],"class_list":["post-72494","post","type-post","status-publish","format-standard","has-post-thumbnail","hentry","category-artigos"],"_links":{"self":[{"href":"http:\/\/portalcatolico.net\/portal\/wp-json\/wp\/v2\/posts\/72494","targetHints":{"allow":["GET"]}}],"collection":[{"href":"http:\/\/portalcatolico.net\/portal\/wp-json\/wp\/v2\/posts"}],"about":[{"href":"http:\/\/portalcatolico.net\/portal\/wp-json\/wp\/v2\/types\/post"}],"author":[{"embeddable":true,"href":"http:\/\/portalcatolico.net\/portal\/wp-json\/wp\/v2\/users\/2"}],"replies":[{"embeddable":true,"href":"http:\/\/portalcatolico.net\/portal\/wp-json\/wp\/v2\/comments?post=72494"}],"version-history":[{"count":1,"href":"http:\/\/portalcatolico.net\/portal\/wp-json\/wp\/v2\/posts\/72494\/revisions"}],"predecessor-version":[{"id":72496,"href":"http:\/\/portalcatolico.net\/portal\/wp-json\/wp\/v2\/posts\/72494\/revisions\/72496"}],"wp:featuredmedia":[{"embeddable":true,"href":"http:\/\/portalcatolico.net\/portal\/wp-json\/wp\/v2\/media\/72495"}],"wp:attachment":[{"href":"http:\/\/portalcatolico.net\/portal\/wp-json\/wp\/v2\/media?parent=72494"}],"wp:term":[{"taxonomy":"category","embeddable":true,"href":"http:\/\/portalcatolico.net\/portal\/wp-json\/wp\/v2\/categories?post=72494"},{"taxonomy":"post_tag","embeddable":true,"href":"http:\/\/portalcatolico.net\/portal\/wp-json\/wp\/v2\/tags?post=72494"}],"curies":[{"name":"wp","href":"https:\/\/api.w.org\/{rel}","templated":true}]}}