{"id":72472,"date":"2021-06-08T22:18:59","date_gmt":"2021-06-09T01:18:59","guid":{"rendered":"http:\/\/portalcatolico.net\/portal\/?p=72472"},"modified":"2021-06-08T22:18:59","modified_gmt":"2021-06-09T01:18:59","slug":"sao-jose-de-anchieta-inspira-estudos-sobre-a-virgem-maria-em-aparecida","status":"publish","type":"post","link":"http:\/\/portalcatolico.net\/portal\/sao-jose-de-anchieta-inspira-estudos-sobre-a-virgem-maria-em-aparecida\/","title":{"rendered":"S\u00e3o Jos\u00e9 de Anchieta inspira estudos sobre a Virgem Maria em Aparecida"},"content":{"rendered":"<p><i>Reconhecida internacionalmente, Academia Marial re\u00fane estudiosos e promove catequese popular sobre a M\u00e3e de Jesus<\/i><\/p>\n<div>\n<p><i>Por Victor Hugo Barros<\/i><\/p>\n<\/div>\n<div>\n<p>Personalidade da Igreja Cat\u00f3lica e da hist\u00f3ria do Brasil, S\u00e3o Jos\u00e9 de Anchieta ser\u00e1 celebrado pelos fi\u00e9is cat\u00f3licos na pr\u00f3xima quarta-feira (09). O santo, canonizado em abril de 2014, \u00e9 considerado o primeiro Mari\u00f3logo do Brasil.<\/p>\n<p>\u201cAl\u00e9m de devoto, ele sabia muito sobre Maria. Ele consegue apresent\u00e1-la aos \u00edndios com muita propriedade. Em um de seus textos, a Virgem \u00e9 colocada como mulher tupinamb\u00e1, se aproveitando da cultura matriarcal ind\u00edgena para explicar quem \u00e9 a M\u00e3e de Jesus. No s\u00e9culo XVI, uma Mariologia neste porte \u00e9 algo muito novo\u201d, conta o padre Felipe Soriano, estudioso da Mariologia Tupi de S\u00e3o Jos\u00e9 de Anchieta.<\/p>\n<p>O trabalho realizado pelo santo inspira hoje a Academia Marial de Aparecida. A institui\u00e7\u00e3o, fundada em 1985 e sediada no Santu\u00e1rio Nacional, tem S\u00e3o Jos\u00e9 de Anchieta como seu patrono e se baseia no legado do jesu\u00edta para cultivar o desenvolvimento te\u00f3rico e pr\u00e1tico da devo\u00e7\u00e3o \u00e0 Padroeira do Brasil.<\/p>\n<p>\u201cAprofundar o&nbsp;conhecimento sobre Nossa Senhora \u00e9 coloc\u00e1-la dentro do mist\u00e9rio e da miss\u00e3o de Nosso Senhor Jesus Cristo. Os dois est\u00e3o interligados, e \u00e9 importante que essa liga\u00e7\u00e3o seja explicitada em nossa f\u00e9 mariana, em nossa devo\u00e7\u00e3o e em nossa piedade\u201d, detalha o diretor da Academia Marial de Aparecida, padre Jos\u00e9 Ulysses da Silva.<\/p>\n<p>Inspirada pelo \u201cAp\u00f3stolo do Brasil\u201d, a Academia realiza diversos eventos ao longo do ano, traduzindo a linguagem acad\u00eamica em catequese popular. Entre eles est\u00e1 a Escola de Maria, como \u00e9 chamado um momento de forma\u00e7\u00e3o oferecido aos peregrinos em Aparecida durante os fins de semana. Atividades como o Caf\u00e9 Mariol\u00f3gico e a Semana Mariol\u00f3gica tamb\u00e9m integram o calend\u00e1rio.<\/p>\n<p>Al\u00e9m dos eventos populares, a institui\u00e7\u00e3o, \u00fanica no Brasil reconhecida pela Pontif\u00edcia Academia Mariana Internacional (PAMI), tamb\u00e9m realiza encontros acad\u00eamicos. O principal deles, chamado de Congresso Mariol\u00f3gico, re\u00fane pesquisadores de renome nacional e internacional.<\/p>\n<p>Com a pandemia do novo coronav\u00edrus, o calend\u00e1rio de atividades foi alterado. Mas, assim como seu patrono, a Academia soube se reinventar e ingressou de vez nas redes sociais, com transmiss\u00f5es formativas gratuitas que alcan\u00e7am milhares de pessoas.<\/p>\n<p>\u201cTivemos que cancelar diversas atividades presenciais, mas o formato online nos permitiu alcan\u00e7ar muita gente. Ficamos muito impressionados com a quantidade de espectadores de diversas localidades que nos acompanham pelas redes sociais\u201d, destaca padre Ulysses.<\/p>\n<p>A Academia \u00e9 aberta \u00e0 participa\u00e7\u00e3o de todas as pessoas que exercem alguma atividade na dimens\u00e3o mariana ou simplesmente desejam aprofundar o conhecimento teol\u00f3gico-mariano.&nbsp;Para tornar-se associado, basta entrar em contato pelo telefone (12) 3104-1549, pelo e-mail academia@santuarionacional.com ou no site oficial da institui\u00e7\u00e3o <a href=\"http:\/\/www.a12.com\/academia.\">www.a12.com\/academia.<\/a><\/p>\n<\/div>\n","protected":false},"excerpt":{"rendered":"<p>Reconhecida internacionalmente, Academia Marial re\u00fane estudiosos e promove catequese popular sobre a M\u00e3e de Jesus Por Victor Hugo Barros Personalidade da Igreja Cat\u00f3lica e da hist\u00f3ria do Brasil, S\u00e3o Jos\u00e9 de Anchieta ser\u00e1 celebrado pelos fi\u00e9is cat\u00f3licos na pr\u00f3xima quarta-feira (09). O santo, canonizado em abril de 2014, \u00e9 considerado o primeiro Mari\u00f3logo do Brasil.&nbsp;<\/p>\n<p><a class=\"btn btn-style\" href=\"http:\/\/portalcatolico.net\/portal\/sao-jose-de-anchieta-inspira-estudos-sobre-a-virgem-maria-em-aparecida\/\">Continue Reading<\/a><\/p>\n","protected":false},"author":2,"featured_media":72473,"comment_status":"open","ping_status":"open","sticky":false,"template":"","format":"standard","meta":{"footnotes":""},"categories":[4],"tags":[],"class_list":["post-72472","post","type-post","status-publish","format-standard","has-post-thumbnail","hentry","category-destaques"],"_links":{"self":[{"href":"http:\/\/portalcatolico.net\/portal\/wp-json\/wp\/v2\/posts\/72472","targetHints":{"allow":["GET"]}}],"collection":[{"href":"http:\/\/portalcatolico.net\/portal\/wp-json\/wp\/v2\/posts"}],"about":[{"href":"http:\/\/portalcatolico.net\/portal\/wp-json\/wp\/v2\/types\/post"}],"author":[{"embeddable":true,"href":"http:\/\/portalcatolico.net\/portal\/wp-json\/wp\/v2\/users\/2"}],"replies":[{"embeddable":true,"href":"http:\/\/portalcatolico.net\/portal\/wp-json\/wp\/v2\/comments?post=72472"}],"version-history":[{"count":1,"href":"http:\/\/portalcatolico.net\/portal\/wp-json\/wp\/v2\/posts\/72472\/revisions"}],"predecessor-version":[{"id":72474,"href":"http:\/\/portalcatolico.net\/portal\/wp-json\/wp\/v2\/posts\/72472\/revisions\/72474"}],"wp:featuredmedia":[{"embeddable":true,"href":"http:\/\/portalcatolico.net\/portal\/wp-json\/wp\/v2\/media\/72473"}],"wp:attachment":[{"href":"http:\/\/portalcatolico.net\/portal\/wp-json\/wp\/v2\/media?parent=72472"}],"wp:term":[{"taxonomy":"category","embeddable":true,"href":"http:\/\/portalcatolico.net\/portal\/wp-json\/wp\/v2\/categories?post=72472"},{"taxonomy":"post_tag","embeddable":true,"href":"http:\/\/portalcatolico.net\/portal\/wp-json\/wp\/v2\/tags?post=72472"}],"curies":[{"name":"wp","href":"https:\/\/api.w.org\/{rel}","templated":true}]}}