{"id":72469,"date":"2021-06-08T00:51:01","date_gmt":"2021-06-08T03:51:01","guid":{"rendered":"http:\/\/portalcatolico.net\/portal\/?p=72469"},"modified":"2021-06-07T19:51:17","modified_gmt":"2021-06-07T22:51:17","slug":"divino-pai-eterno-festa-sera-celebrada-virtual","status":"publish","type":"post","link":"http:\/\/portalcatolico.net\/portal\/divino-pai-eterno-festa-sera-celebrada-virtual\/","title":{"rendered":"Divino Pai Eterno festa ser\u00e1 celebrada virtual"},"content":{"rendered":"<p><em>Festejos ser\u00e3o online por conta da pandemia do novo coronav\u00edrus<\/em><\/p>\n<p>De 25 de junho at\u00e9 4 de julho, a tradicional Festa do Divino Pai Eterno, em Trindade, na Regi\u00e3o Metropolitana de Goi\u00e2nia, acontecer\u00e1 de forma virtual sem a presen\u00e7a f\u00edsica dos fi\u00e9is para evitar aglomera\u00e7\u00f5es e aumento dos casos de Covid-19. O evento ser\u00e1 transmitido pelas redes sociais, TVs e r\u00e1dios.<\/p>\n<p>Com o tema: \u201cPai Eterno, diante de v\u00f3s somos todos irm\u00e3os\u201d, a festa virtual de 2021, segundo o Santu\u00e1rio Bas\u00edlica de Trindade, \u00e9 uma forma especial de possibilitar a manuten\u00e7\u00e3o da f\u00e9 e esperan\u00e7a que move tantos cora\u00e7\u00f5es a vivenciar essa devo\u00e7\u00e3o que tem sua origem em Trindade. Em 2020, a festa foi cancelada devido \u00e0 pandemia da covid-19 e houve apenas a transmiss\u00e3o pelos meios de comunica\u00e7\u00e3o.<\/p>\n<p><strong>Sem Romarias<\/strong><\/p>\n<p>Durante os 10 dias de festividades, Romarias a Trindade est\u00e3o proibidas. A Prefeitura Municipal vai instalar barreiras sanit\u00e1rias e educativas e vai contar com o apoio das Secretarias de Seguran\u00e7a P\u00fablica e da Sa\u00fade do Estado de Goi\u00e1s para orienta\u00e7\u00e3o e fiscaliza\u00e7\u00e3o.<\/p>\n<p>Segundo a Prefeitura, est\u00e1 proibido o com\u00e9rcio tradicional da festa, como as barraquinhas e ambulantes, assim como qualquer tipo de evento aberto ao p\u00fablico. Fica proibido tamb\u00e9m a comercializa\u00e7\u00e3o de pacotes de turismo e o recebimento de visitantes durante as celebra\u00e7\u00f5es.<\/p>\n<p>De acordo com Cristiano Galindo, presidente do Gabinete de Opera\u00e7\u00f5es de Emerg\u00eancia e Sa\u00fade (GOE-Covid-19), a proibi\u00e7\u00e3o se d\u00e1 em cumprimento \u00e0s medidas sanit\u00e1rias de conten\u00e7\u00e3o da pandemia e leva em considera\u00e7\u00e3o dados e estudos feitos sobre o atual momento.<\/p>\n<p>A Romaria de Trindade atualmente \u00e9 considerada o maior evento religioso do Centro-Oeste, o segundo do Brasil, e a maior Festa do mundo dedicada ao Divino Pai Eterno. De acordo com o Santu\u00e1rio, antes da pandemia, a cidade chegava a receber cerca de 6 milh\u00f5es de romeiros por ano. Em 2019, passaram por Trindade cerca de 3,2 milh\u00f5es de pessoas nos 10 dias de festividades.<\/p>\n<p><strong>Hist\u00f3ria da devo\u00e7\u00e3o<\/strong><\/p>\n<p>Com mais de 180 anos, a devo\u00e7\u00e3o ao Divino Pai Eterno, em Trindade, teve in\u00edcio por volta de 1840. A hist\u00f3ria narra que o casal Constantino e Ana Rosa Xavier encontrou, enquanto trabalhava na lavoura, um Medalh\u00e3o de barro de aproximadamente 8 cm com a estampa da Sant\u00edssima Trindade \u2013 Pai, Filho e o Esp\u00edrito Santo \u2013 coroando Nossa Senhora.<\/p>\n<p>Eles beijaram a Imagem, levaram-na para casa e a colocaram em um altar. Com isso, deram in\u00edcio \u00e0 ora\u00e7\u00e3o do ter\u00e7o em fam\u00edlia e depois tamb\u00e9m com os vizinhos. A not\u00edcia rapidamente se espalhou, juntamente com uma sucess\u00e3o de milagres.<\/p>\n<p>A transmiss\u00e3o da Festa do Divino Pai Eterno ser\u00e1 pelos meios de comunica\u00e7\u00e3o e redes sociais do Santu\u00e1rio Bras\u00edlia Pai Eterno:&nbsp;<strong><a href=\"http:\/\/paieterno.com.br\/\">paieterno.com.br<\/a><\/strong><\/p>\n<p>Fonte: CNBB<br \/>\nFoto: Afipe<\/p>\n","protected":false},"excerpt":{"rendered":"<p>Festejos ser\u00e3o online por conta da pandemia do novo coronav\u00edrus De 25 de junho at\u00e9 4 de julho, a tradicional Festa do Divino Pai Eterno, em Trindade, na Regi\u00e3o Metropolitana de Goi\u00e2nia, acontecer\u00e1 de forma virtual sem a presen\u00e7a f\u00edsica dos fi\u00e9is para evitar aglomera\u00e7\u00f5es e aumento dos casos de Covid-19. O evento ser\u00e1 transmitido&nbsp;<\/p>\n<p><a class=\"btn btn-style\" href=\"http:\/\/portalcatolico.net\/portal\/divino-pai-eterno-festa-sera-celebrada-virtual\/\">Continue Reading<\/a><\/p>\n","protected":false},"author":2,"featured_media":72470,"comment_status":"open","ping_status":"open","sticky":false,"template":"","format":"standard","meta":{"footnotes":""},"categories":[4],"tags":[],"class_list":["post-72469","post","type-post","status-publish","format-standard","has-post-thumbnail","hentry","category-destaques"],"_links":{"self":[{"href":"http:\/\/portalcatolico.net\/portal\/wp-json\/wp\/v2\/posts\/72469","targetHints":{"allow":["GET"]}}],"collection":[{"href":"http:\/\/portalcatolico.net\/portal\/wp-json\/wp\/v2\/posts"}],"about":[{"href":"http:\/\/portalcatolico.net\/portal\/wp-json\/wp\/v2\/types\/post"}],"author":[{"embeddable":true,"href":"http:\/\/portalcatolico.net\/portal\/wp-json\/wp\/v2\/users\/2"}],"replies":[{"embeddable":true,"href":"http:\/\/portalcatolico.net\/portal\/wp-json\/wp\/v2\/comments?post=72469"}],"version-history":[{"count":1,"href":"http:\/\/portalcatolico.net\/portal\/wp-json\/wp\/v2\/posts\/72469\/revisions"}],"predecessor-version":[{"id":72471,"href":"http:\/\/portalcatolico.net\/portal\/wp-json\/wp\/v2\/posts\/72469\/revisions\/72471"}],"wp:featuredmedia":[{"embeddable":true,"href":"http:\/\/portalcatolico.net\/portal\/wp-json\/wp\/v2\/media\/72470"}],"wp:attachment":[{"href":"http:\/\/portalcatolico.net\/portal\/wp-json\/wp\/v2\/media?parent=72469"}],"wp:term":[{"taxonomy":"category","embeddable":true,"href":"http:\/\/portalcatolico.net\/portal\/wp-json\/wp\/v2\/categories?post=72469"},{"taxonomy":"post_tag","embeddable":true,"href":"http:\/\/portalcatolico.net\/portal\/wp-json\/wp\/v2\/tags?post=72469"}],"curies":[{"name":"wp","href":"https:\/\/api.w.org\/{rel}","templated":true}]}}