{"id":72463,"date":"2021-06-07T19:37:30","date_gmt":"2021-06-07T22:37:30","guid":{"rendered":"http:\/\/portalcatolico.net\/portal\/?p=72463"},"modified":"2021-06-07T19:37:30","modified_gmt":"2021-06-07T22:37:30","slug":"participe-das-celebracoes-em-honra-ao-sagrado-coracao-de-jesus","status":"publish","type":"post","link":"http:\/\/portalcatolico.net\/portal\/participe-das-celebracoes-em-honra-ao-sagrado-coracao-de-jesus\/","title":{"rendered":"Participe das celebra\u00e7\u00f5es em honra ao Sagrado Cora\u00e7\u00e3o de Jesus"},"content":{"rendered":"<div class=\"v1OutlineElement v1Ltr  v1BCX0 v1SCXW242323888\">\n<p class=\"v1Paragraph v1SCXW242323888 v1BCX0\" lang=\"PT-BR\"><span class=\"v1TextRun v1SCXW242323888 v1BCX0\" lang=\"PT-BR\"><span class=\"v1NormalTextRun v1SCXW242323888 v1BCX0\">A Par\u00f3quia Catedral de S\u00e3o Jos\u00e9 tem a alegria de convidar paroquianos,<\/span><\/span><span class=\"v1LineBreakBlob v1BlobObject v1DragDrop v1SCXW242323888 v1BCX0\"><span class=\"v1SCXW242323888 v1BCX0\">&nbsp;&nbsp;<\/span><\/span><span class=\"v1TextRun v1SCXW242323888 v1BCX0\" lang=\"PT-BR\"><span class=\"v1NormalTextRun v1SCXW242323888 v1BCX0\">visitantes e devotos de S\u00e3o Jos\u00e9, para participar do Tr\u00edduo em<\/span><\/span><span class=\"v1LineBreakBlob v1BlobObject v1DragDrop v1SCXW242323888 v1BCX0\"><span class=\"v1SCXW242323888 v1BCX0\">&nbsp;&nbsp;<\/span><\/span><span class=\"v1TextRun v1SCXW242323888 v1BCX0\" lang=\"PT-BR\"><span class=\"v1NormalTextRun v1SCXW242323888 v1BCX0\">prepara\u00e7\u00e3o \u00e0 festa do Sagrado Cora\u00e7\u00e3o de Jesus de 08 a 11 de&nbsp;<\/span><\/span><span class=\"v1TextRun v1SCXW242323888 v1BCX0\" lang=\"PT-BR\"><span class=\"v1NormalTextRun v1ContextualSpellingAndGrammarErrorV2 v1SCXW242323888 v1BCX0\">Junho<\/span><\/span><span class=\"v1TextRun v1SCXW242323888 v1BCX0\" lang=\"PT-BR\"><span class=\"v1NormalTextRun v1SCXW242323888 v1BCX0\">.<\/span><\/span><span class=\"v1LineBreakBlob v1BlobObject v1DragDrop v1SCXW242323888 v1BCX0\"><span class=\"v1SCXW242323888 v1BCX0\">&nbsp;<\/span><br class=\"v1SCXW242323888 v1BCX0\"><\/span><span class=\"v1TextRun v1SCXW242323888 v1BCX0\" lang=\"PT-BR\"><span class=\"v1NormalTextRun v1SCXW242323888 v1BCX0\">As celebra\u00e7\u00f5es ser\u00e3o&nbsp;<\/span><\/span><span class=\"v1TextRun v1SCXW242323888 v1BCX0\" lang=\"PT-BR\"><span class=\"v1NormalTextRun v1SCXW242323888 v1BCX0\">inicia<\/span><\/span><span class=\"v1TextRun v1SCXW242323888 v1BCX0\" lang=\"PT-BR\"><span class=\"v1NormalTextRun v1SCXW242323888 v1BCX0\">das<\/span><\/span><span class=\"v1TextRun v1SCXW242323888 v1BCX0\" lang=\"PT-BR\"><span class=\"v1NormalTextRun v1SCXW242323888 v1BCX0\">&nbsp;com a Adora\u00e7\u00e3o ao Sant\u00edssimo<\/span><\/span><span class=\"v1TextRun v1SCXW242323888 v1BCX0\" lang=\"PT-BR\"><span class=\"v1NormalTextRun v1SCXW242323888 v1BCX0\">,<\/span><\/span><span class=\"v1TextRun v1SCXW242323888 v1BCX0\" lang=\"PT-BR\"><span class=\"v1NormalTextRun v1SCXW242323888 v1BCX0\">&nbsp;\u00e0s 17h<\/span><\/span><span class=\"v1TextRun v1SCXW242323888 v1BCX0\" lang=\"PT-BR\"><span class=\"v1NormalTextRun v1SCXW242323888 v1BCX0\">. Em seguida, \u00e0s 18h, acontece a celebra\u00e7\u00e3o da&nbsp;<\/span><\/span><span class=\"v1TextRun v1SCXW242323888 v1BCX0\" lang=\"PT-BR\"><span class=\"v1NormalTextRun v1SCXW242323888 v1BCX0\">Santa Missa.<\/span><\/span><span class=\"v1LineBreakBlob v1BlobObject v1DragDrop v1SCXW242323888 v1BCX0\"><span class=\"v1SCXW242323888 v1BCX0\">&nbsp;<\/span><br class=\"v1SCXW242323888 v1BCX0\"><\/span><span class=\"v1TextRun v1SCXW242323888 v1BCX0\" lang=\"PT-BR\"><span class=\"v1NormalTextRun v1SCXW242323888 v1BCX0\">O t<\/span><\/span><span class=\"v1TextRun v1SCXW242323888 v1BCX0\" lang=\"PT-BR\"><span class=\"v1NormalTextRun v1SCXW242323888 v1BCX0\">ema do Tr<\/span><\/span><span class=\"v1TextRun v1SCXW242323888 v1BCX0\" lang=\"PT-BR\"><span class=\"v1NormalTextRun v1SCXW242323888 v1BCX0\">\u00ed<\/span><\/span><span class=\"v1TextRun v1SCXW242323888 v1BCX0\" lang=\"PT-BR\"><span class=\"v1NormalTextRun v1SCXW242323888 v1BCX0\">duo<\/span><\/span><span class=\"v1TextRun v1SCXW242323888 v1BCX0\" lang=\"PT-BR\"><span class=\"v1NormalTextRun v1SCXW242323888 v1BCX0\">&nbsp;\u00e9:<\/span><\/span><span class=\"v1TextRun v1SCXW242323888 v1BCX0\" lang=\"PT-BR\"><span class=\"v1NormalTextRun v1SCXW242323888 v1BCX0\">&nbsp;<\/span><\/span><span class=\"v1TextRun v1SCXW242323888 v1BCX0\" lang=\"PT-BR\"><span class=\"v1NormalTextRun v1SCXW242323888 v1BCX0\">&#8220;Sagrado Cora\u00e7\u00e3o de Jesus, ensinai-vos a amar e a servir&#8221;.<\/span><\/span><span class=\"v1LineBreakBlob v1BlobObject v1DragDrop v1SCXW242323888 v1BCX0\"><span class=\"v1SCXW242323888 v1BCX0\">&nbsp;&nbsp;<\/span><\/span><span class=\"v1TextRun v1SCXW242323888 v1BCX0\" lang=\"PT-BR\"><span class=\"v1NormalTextRun v1SCXW242323888 v1BCX0\">E os lemas:<\/span><\/span><span class=\"v1EOP v1SCXW242323888 v1BCX0\">&nbsp;<\/span><\/p>\n<\/div>\n<div class=\"v1OutlineElement v1Ltr  v1BCX0 v1SCXW242323888\">\n<p class=\"v1Paragraph v1SCXW242323888 v1BCX0\" lang=\"PT-BR\"><span class=\"v1TextRun v1SCXW242323888 v1BCX0\" lang=\"PT-BR\"><span class=\"v1NormalTextRun v1SCXW242323888 v1BCX0\">08\/06 &#8211;&nbsp;<\/span><\/span><span class=\"v1TextRun v1SCXW242323888 v1BCX0\" lang=\"PT-BR\"><span class=\"v1NormalTextRun v1SCXW242323888 v1BCX0\">&#8220;<\/span><\/span><span class=\"v1TextRun v1SCXW242323888 v1BCX0\" lang=\"PT-BR\"><span class=\"v1NormalTextRun v1SCXW242323888 v1BCX0\">Um&nbsp;<\/span><\/span><span class=\"v1TextRun v1SCXW242323888 v1BCX0\" lang=\"PT-BR\"><span class=\"v1NormalTextRun v1ContextualSpellingAndGrammarErrorV2 v1SCXW242323888 v1BCX0\">s\u00f3&nbsp; cora\u00e7\u00e3o<\/span><\/span><span class=\"v1TextRun v1SCXW242323888 v1BCX0\" lang=\"PT-BR\"><span class=\"v1NormalTextRun v1SCXW242323888 v1BCX0\">&nbsp;e uma s\u00f3 alma. Um s\u00f3 pastor e um s\u00f3 rebanho<\/span><\/span><span class=\"v1TextRun v1SCXW242323888 v1BCX0\" lang=\"PT-BR\"><span class=\"v1NormalTextRun v1SCXW242323888 v1BCX0\">&#8220;:<\/span><\/span><span class=\"v1LineBreakBlob v1BlobObject v1DragDrop v1SCXW242323888 v1BCX0\"><span class=\"v1SCXW242323888 v1BCX0\">&nbsp;&nbsp;<\/span><\/span><span class=\"v1TextRun v1SCXW242323888 v1BCX0\" lang=\"PT-BR\"><span class=\"v1NormalTextRun v1SCXW242323888 v1BCX0\">celebra\u00e7\u00e3o ser\u00e1 presidida por Padre Gilvan com reflex\u00e3o do Di\u00e1cono<\/span><\/span><span class=\"v1LineBreakBlob v1BlobObject v1DragDrop v1SCXW242323888 v1BCX0\"><span class=\"v1SCXW242323888 v1BCX0\">&nbsp;<\/span><\/span><span class=\"v1TextRun v1SCXW242323888 v1BCX0\" lang=\"PT-BR\"><span class=\"v1NormalTextRun v1SCXW242323888 v1BCX0\">Othon.<\/span><\/span><span class=\"v1LineBreakBlob v1BlobObject v1DragDrop v1SCXW242323888 v1BCX0\"><span class=\"v1SCXW242323888 v1BCX0\">&nbsp;<\/span><br class=\"v1SCXW242323888 v1BCX0\"><\/span><span class=\"v1TextRun v1SCXW242323888 v1BCX0\" lang=\"PT-BR\"><span class=\"v1NormalTextRun v1SCXW242323888 v1BCX0\">09\/06 &#8211;&nbsp;<\/span><\/span><span class=\"v1TextRun v1SCXW242323888 v1BCX0\" lang=\"PT-BR\"><span class=\"v1NormalTextRun v1SCXW242323888 v1BCX0\">&#8220;<\/span><\/span><span class=\"v1TextRun v1SCXW242323888 v1BCX0\" lang=\"PT-BR\"><span class=\"v1NormalTextRun v1SCXW242323888 v1BCX0\">Vida eterna \u00e9 cumprir os mandamentos<\/span><\/span><span class=\"v1TextRun v1SCXW242323888 v1BCX0\" lang=\"PT-BR\"><span class=\"v1NormalTextRun v1SCXW242323888 v1BCX0\">&#8220;:&nbsp;<\/span><\/span><span class=\"v1TextRun v1SCXW242323888 v1BCX0\" lang=\"PT-BR\"><span class=\"v1NormalTextRun v1SCXW242323888 v1BCX0\">&nbsp;<\/span><\/span><span class=\"v1TextRun v1SCXW242323888 v1BCX0\" lang=\"PT-BR\"><span class=\"v1NormalTextRun v1SCXW242323888 v1BCX0\">c<\/span><\/span><span class=\"v1TextRun v1SCXW242323888 v1BCX0\" lang=\"PT-BR\"><span class=\"v1NormalTextRun v1SCXW242323888 v1BCX0\">elebra\u00e7\u00e3o presidida por<\/span><\/span><span class=\"v1LineBreakBlob v1BlobObject v1DragDrop v1SCXW242323888 v1BCX0\"><span class=\"v1SCXW242323888 v1BCX0\">&nbsp;<\/span><\/span><span class=\"v1TextRun v1SCXW242323888 v1BCX0\" lang=\"PT-BR\"><span class=\"v1NormalTextRun v1SCXW242323888 v1BCX0\">Padre Gilvan Oliveira e p\u00e1roco da&nbsp;<\/span><\/span><span class=\"v1TextRun v1SCXW242323888 v1BCX0\" lang=\"PT-BR\"><span class=\"v1NormalTextRun v1SCXW242323888 v1BCX0\">C<\/span><\/span><span class=\"v1TextRun v1SCXW242323888 v1BCX0\" lang=\"PT-BR\"><span class=\"v1NormalTextRun v1SCXW242323888 v1BCX0\">atedral de&nbsp;<\/span><\/span><span class=\"v1TextRun v1SCXW242323888 v1BCX0\" lang=\"PT-BR\"><span class=\"v1NormalTextRun v1SCXW242323888 v1BCX0\">S<\/span><\/span><span class=\"v1TextRun v1SCXW242323888 v1BCX0\" lang=\"PT-BR\"><span class=\"v1NormalTextRun v1SCXW242323888 v1BCX0\">\u00e3o Jos\u00e9.<\/span><\/span><span class=\"v1LineBreakBlob v1BlobObject v1DragDrop v1SCXW242323888 v1BCX0\"><span class=\"v1SCXW242323888 v1BCX0\">&nbsp;<\/span><br class=\"v1SCXW242323888 v1BCX0\"><\/span><span class=\"v1TextRun v1SCXW242323888 v1BCX0\" lang=\"PT-BR\"><span class=\"v1NormalTextRun v1SCXW242323888 v1BCX0\">10\/06 &#8211;&nbsp;<\/span><\/span><span class=\"v1TextRun v1SCXW242323888 v1BCX0\" lang=\"PT-BR\"><span class=\"v1NormalTextRun v1SCXW242323888 v1BCX0\">&#8220;<\/span><\/span><span class=\"v1TextRun v1SCXW242323888 v1BCX0\" lang=\"PT-BR\"><span class=\"v1NormalTextRun v1SCXW242323888 v1BCX0\">Cora\u00e7\u00e3o de Jesus Nossa Paz e reconcilia\u00e7\u00e3o<\/span><\/span><span class=\"v1TextRun v1SCXW242323888 v1BCX0\" lang=\"PT-BR\"><span class=\"v1NormalTextRun v1SCXW242323888 v1BCX0\">&#8220;:&nbsp;<\/span><\/span><span class=\"v1TextRun v1SCXW242323888 v1BCX0\" lang=\"PT-BR\"><span class=\"v1NormalTextRun v1SCXW242323888 v1BCX0\">&nbsp;<\/span><\/span><span class=\"v1TextRun v1SCXW242323888 v1BCX0\" lang=\"PT-BR\"><span class=\"v1NormalTextRun v1SCXW242323888 v1BCX0\">c<\/span><\/span><span class=\"v1TextRun v1SCXW242323888 v1BCX0\" lang=\"PT-BR\"><span class=\"v1NormalTextRun v1SCXW242323888 v1BCX0\">elebra\u00e7\u00e3o presidida<\/span><\/span><span class=\"v1LineBreakBlob v1BlobObject v1DragDrop v1SCXW242323888 v1BCX0\"><span class=\"v1SCXW242323888 v1BCX0\">&nbsp;<\/span><\/span><span class=\"v1TextRun v1SCXW242323888 v1BCX0\" lang=\"PT-BR\"><span class=\"v1NormalTextRun v1SCXW242323888 v1BCX0\">por Padre Edvaldo Borges.<\/span><\/span><span class=\"v1LineBreakBlob v1BlobObject v1DragDrop v1SCXW242323888 v1BCX0\"><span class=\"v1SCXW242323888 v1BCX0\">&nbsp;<\/span><br class=\"v1SCXW242323888 v1BCX0\"><\/span><span class=\"v1TextRun v1SCXW242323888 v1BCX0\" lang=\"PT-BR\"><span class=\"v1NormalTextRun v1SCXW242323888 v1BCX0\">11\/06 &#8211;&nbsp;<\/span><\/span><span class=\"v1TextRun v1SCXW242323888 v1BCX0\" lang=\"PT-BR\"><span class=\"v1NormalTextRun v1SCXW242323888 v1BCX0\">Grande Festa do Sagrado Cora\u00e7\u00e3o de Jesus com a celebra\u00e7\u00e3o<\/span><\/span><span class=\"v1LineBreakBlob v1BlobObject v1DragDrop v1SCXW242323888 v1BCX0\"><span class=\"v1SCXW242323888 v1BCX0\">&nbsp;<\/span><\/span><span class=\"v1TextRun v1SCXW242323888 v1BCX0\" lang=\"PT-BR\"><span class=\"v1NormalTextRun v1SCXW242323888 v1BCX0\">presidida por Padre Gilvan Oliveira.<\/span><\/span><span class=\"v1LineBreakBlob v1BlobObject v1DragDrop v1SCXW242323888 v1BCX0\"><span class=\"v1SCXW242323888 v1BCX0\">&nbsp;<\/span><br class=\"v1SCXW242323888 v1BCX0\"><\/span><span class=\"v1TextRun v1SCXW242323888 v1BCX0\" lang=\"PT-BR\"><span class=\"v1NormalTextRun v1SCXW242323888 v1BCX0\">Participe!<\/span><\/span><span class=\"v1LineBreakBlob v1BlobObject v1DragDrop v1SCXW242323888 v1BCX0\"><span class=\"v1SCXW242323888 v1BCX0\">&nbsp;<\/span><\/span><\/p>\n<\/div>\n","protected":false},"excerpt":{"rendered":"<p>A Par\u00f3quia Catedral de S\u00e3o Jos\u00e9 tem a alegria de convidar paroquianos,&nbsp;&nbsp;visitantes e devotos de S\u00e3o Jos\u00e9, para participar do Tr\u00edduo em&nbsp;&nbsp;prepara\u00e7\u00e3o \u00e0 festa do Sagrado Cora\u00e7\u00e3o de Jesus de 08 a 11 de&nbsp;Junho.&nbsp;As celebra\u00e7\u00f5es ser\u00e3o&nbsp;iniciadas&nbsp;com a Adora\u00e7\u00e3o ao Sant\u00edssimo,&nbsp;\u00e0s 17h. Em seguida, \u00e0s 18h, acontece a celebra\u00e7\u00e3o da&nbsp;Santa Missa.&nbsp;O tema do Tr\u00edduo&nbsp;\u00e9:&nbsp;&#8220;Sagrado Cora\u00e7\u00e3o de&nbsp;<\/p>\n<p><a class=\"btn btn-style\" href=\"http:\/\/portalcatolico.net\/portal\/participe-das-celebracoes-em-honra-ao-sagrado-coracao-de-jesus\/\">Continue Reading<\/a><\/p>\n","protected":false},"author":2,"featured_media":72464,"comment_status":"open","ping_status":"open","sticky":false,"template":"","format":"standard","meta":{"footnotes":""},"categories":[4],"tags":[],"class_list":["post-72463","post","type-post","status-publish","format-standard","has-post-thumbnail","hentry","category-destaques"],"_links":{"self":[{"href":"http:\/\/portalcatolico.net\/portal\/wp-json\/wp\/v2\/posts\/72463","targetHints":{"allow":["GET"]}}],"collection":[{"href":"http:\/\/portalcatolico.net\/portal\/wp-json\/wp\/v2\/posts"}],"about":[{"href":"http:\/\/portalcatolico.net\/portal\/wp-json\/wp\/v2\/types\/post"}],"author":[{"embeddable":true,"href":"http:\/\/portalcatolico.net\/portal\/wp-json\/wp\/v2\/users\/2"}],"replies":[{"embeddable":true,"href":"http:\/\/portalcatolico.net\/portal\/wp-json\/wp\/v2\/comments?post=72463"}],"version-history":[{"count":1,"href":"http:\/\/portalcatolico.net\/portal\/wp-json\/wp\/v2\/posts\/72463\/revisions"}],"predecessor-version":[{"id":72465,"href":"http:\/\/portalcatolico.net\/portal\/wp-json\/wp\/v2\/posts\/72463\/revisions\/72465"}],"wp:featuredmedia":[{"embeddable":true,"href":"http:\/\/portalcatolico.net\/portal\/wp-json\/wp\/v2\/media\/72464"}],"wp:attachment":[{"href":"http:\/\/portalcatolico.net\/portal\/wp-json\/wp\/v2\/media?parent=72463"}],"wp:term":[{"taxonomy":"category","embeddable":true,"href":"http:\/\/portalcatolico.net\/portal\/wp-json\/wp\/v2\/categories?post=72463"},{"taxonomy":"post_tag","embeddable":true,"href":"http:\/\/portalcatolico.net\/portal\/wp-json\/wp\/v2\/tags?post=72463"}],"curies":[{"name":"wp","href":"https:\/\/api.w.org\/{rel}","templated":true}]}}