{"id":72455,"date":"2021-06-07T19:28:14","date_gmt":"2021-06-07T22:28:14","guid":{"rendered":"http:\/\/portalcatolico.net\/portal\/?p=72455"},"modified":"2021-06-07T19:32:08","modified_gmt":"2021-06-07T22:32:08","slug":"bispo-da-diocese-de-guarabira-continua-internado-com-covid-19","status":"publish","type":"post","link":"http:\/\/portalcatolico.net\/portal\/bispo-da-diocese-de-guarabira-continua-internado-com-covid-19\/","title":{"rendered":"Bispo da Diocese de Guarabira continua internado com Covid-19."},"content":{"rendered":"<div dir=\"auto\">\n<div>Querido pela popula\u00e7\u00e3o ilheense, o Bispo Aldemiro Sena dos Santos (Bispo Miro), da Diocese de Guarabira-PB, foi diagnosticado com a Covid-19. A informa\u00e7\u00e3o foi divulgada neste domingo (06) pela assessoria de imprensa da Diocese, no perfil do Instagram.&nbsp;<\/div>\n<div>De acordo com o \u00faltimo boletim m\u00e9dico, Bispo Miro est\u00e1 internado no Hospital Unimed com quadro de febre persistente, 30% do pulm\u00e3o comprometido, sendo necess\u00e1rio uso de cateter nasal e ventila\u00e7\u00e3o-n\u00e3o invasiva, sem previs\u00e3o de alta m\u00e9dica.&nbsp;<\/div>\n<p>Antes de ser nomeado Bispo Diocesano, o l\u00edder eclesi\u00e1stico foi ordenado sacerdote em 1992, na Catedral de S\u00e3o Sebasti\u00e3o, em Ilh\u00e9us. Como presb\u00edtero exerceu, entre os anos de 1993 a 1996, o posto de reitor do Semin\u00e1rio Menor S\u00e3o Domingos S\u00e1vio. Tamb\u00e9m foi p\u00e1roco da Par\u00f3quia Nossa Senhora da Escada, em Oliven\u00e7a, Ilh\u00e9us. De 1996 a 1998, exerceu o sacerd\u00f3cio na Par\u00f3quia Nossa Senhora da Concei\u00e7\u00e3o, em Barro Preto, diocese de Ilh\u00e9us(BA).<\/p>\n<\/div>\n<div dir=\"auto\">A equipe deste Portal deseja melhoras ao Bispo e pede ora\u00e7\u00f5es pela sa\u00fade do religioso.<\/div>\n","protected":false},"excerpt":{"rendered":"<p>Querido pela popula\u00e7\u00e3o ilheense, o Bispo Aldemiro Sena dos Santos (Bispo Miro), da Diocese de Guarabira-PB, foi diagnosticado com a Covid-19. A informa\u00e7\u00e3o foi divulgada neste domingo (06) pela assessoria de imprensa da Diocese, no perfil do Instagram.&nbsp; De acordo com o \u00faltimo boletim m\u00e9dico, Bispo Miro est\u00e1 internado no Hospital Unimed com quadro de&nbsp;<\/p>\n<p><a class=\"btn btn-style\" href=\"http:\/\/portalcatolico.net\/portal\/bispo-da-diocese-de-guarabira-continua-internado-com-covid-19\/\">Continue Reading<\/a><\/p>\n","protected":false},"author":2,"featured_media":42841,"comment_status":"open","ping_status":"open","sticky":false,"template":"","format":"standard","meta":{"footnotes":""},"categories":[3],"tags":[],"class_list":["post-72455","post","type-post","status-publish","format-standard","has-post-thumbnail","hentry","category-noticias_regionais"],"_links":{"self":[{"href":"http:\/\/portalcatolico.net\/portal\/wp-json\/wp\/v2\/posts\/72455","targetHints":{"allow":["GET"]}}],"collection":[{"href":"http:\/\/portalcatolico.net\/portal\/wp-json\/wp\/v2\/posts"}],"about":[{"href":"http:\/\/portalcatolico.net\/portal\/wp-json\/wp\/v2\/types\/post"}],"author":[{"embeddable":true,"href":"http:\/\/portalcatolico.net\/portal\/wp-json\/wp\/v2\/users\/2"}],"replies":[{"embeddable":true,"href":"http:\/\/portalcatolico.net\/portal\/wp-json\/wp\/v2\/comments?post=72455"}],"version-history":[{"count":2,"href":"http:\/\/portalcatolico.net\/portal\/wp-json\/wp\/v2\/posts\/72455\/revisions"}],"predecessor-version":[{"id":72458,"href":"http:\/\/portalcatolico.net\/portal\/wp-json\/wp\/v2\/posts\/72455\/revisions\/72458"}],"wp:featuredmedia":[{"embeddable":true,"href":"http:\/\/portalcatolico.net\/portal\/wp-json\/wp\/v2\/media\/42841"}],"wp:attachment":[{"href":"http:\/\/portalcatolico.net\/portal\/wp-json\/wp\/v2\/media?parent=72455"}],"wp:term":[{"taxonomy":"category","embeddable":true,"href":"http:\/\/portalcatolico.net\/portal\/wp-json\/wp\/v2\/categories?post=72455"},{"taxonomy":"post_tag","embeddable":true,"href":"http:\/\/portalcatolico.net\/portal\/wp-json\/wp\/v2\/tags?post=72455"}],"curies":[{"name":"wp","href":"https:\/\/api.w.org\/{rel}","templated":true}]}}