{"id":72385,"date":"2021-06-01T19:04:27","date_gmt":"2021-06-01T22:04:27","guid":{"rendered":"http:\/\/portalcatolico.net\/portal\/?p=72385"},"modified":"2021-06-02T20:21:49","modified_gmt":"2021-06-02T23:21:49","slug":"confira-a-programacao-da-solenidade-de-corpus-christi-em-itabuna","status":"publish","type":"post","link":"http:\/\/portalcatolico.net\/portal\/confira-a-programacao-da-solenidade-de-corpus-christi-em-itabuna\/","title":{"rendered":"Confira a programa\u00e7\u00e3o da Solenidade de Corpus Christi em Itabuna"},"content":{"rendered":"<div dir=\"auto\">\n<div>As santas missas v\u00e3o acontecer no dia 03\/06, \u00e0s 07h, na Comunidade Paroquial da Diocese de Itabuna. \u00c0s 12h, acontece a missa da miseric\u00f3rdia. E \u00e0s 15h, acontece a missa solene de Corpus Christi. Essa solenidade ser\u00e1 presidida pelo bispo diocesano Dom Carlos Alberto dos Santos. Logo ap\u00f3s a santa missa, haver\u00e1 carreata com o Sant\u00edssimo Sacramento.<\/div>\n<div>&nbsp;<\/div>\n<div>Vale ressaltar que as adora\u00e7\u00f5es ao Sant\u00edssimo Sacramento ser\u00e3o feitas em revezamentos com os grupos paroquias, nos seguintes hor\u00e1rios: 8h \u00e0s 11h45 e de 13h \u00e0s 14h45.<\/div>\n<div>&nbsp;<\/div>\n<div>Na par\u00f3quia de Santa Rita de C\u00e1ssia, situada no bairro S\u00e3o Caetano, acontecer\u00e3o duas missas (uma \u00e0s 7h, e outra \u00e0s 9h), com exposi\u00e7\u00e3o do Sant\u00edssimo Sacramento.<\/div>\n<div>&nbsp;<\/div>\n<p>Participe, seguindo todos os protocolos recomendados pelos \u00d3rg\u00e3o de Sa\u00fade: use de \u00e1lcool em gel, m\u00e1scara e distanciamento social.<\/p>\n<\/div>\n<div id=\"v1ms-outlook-mobile-signature\">&nbsp;<\/div>\n","protected":false},"excerpt":{"rendered":"<p>As santas missas v\u00e3o acontecer no dia 03\/06, \u00e0s 07h, na Comunidade Paroquial da Diocese de Itabuna. \u00c0s 12h, acontece a missa da miseric\u00f3rdia. E \u00e0s 15h, acontece a missa solene de Corpus Christi. Essa solenidade ser\u00e1 presidida pelo bispo diocesano Dom Carlos Alberto dos Santos. Logo ap\u00f3s a santa missa, haver\u00e1 carreata com o&nbsp;<\/p>\n<p><a class=\"btn btn-style\" href=\"http:\/\/portalcatolico.net\/portal\/confira-a-programacao-da-solenidade-de-corpus-christi-em-itabuna\/\">Continue Reading<\/a><\/p>\n","protected":false},"author":2,"featured_media":72386,"comment_status":"open","ping_status":"open","sticky":false,"template":"","format":"standard","meta":{"footnotes":""},"categories":[4],"tags":[],"class_list":["post-72385","post","type-post","status-publish","format-standard","has-post-thumbnail","hentry","category-destaques"],"_links":{"self":[{"href":"http:\/\/portalcatolico.net\/portal\/wp-json\/wp\/v2\/posts\/72385","targetHints":{"allow":["GET"]}}],"collection":[{"href":"http:\/\/portalcatolico.net\/portal\/wp-json\/wp\/v2\/posts"}],"about":[{"href":"http:\/\/portalcatolico.net\/portal\/wp-json\/wp\/v2\/types\/post"}],"author":[{"embeddable":true,"href":"http:\/\/portalcatolico.net\/portal\/wp-json\/wp\/v2\/users\/2"}],"replies":[{"embeddable":true,"href":"http:\/\/portalcatolico.net\/portal\/wp-json\/wp\/v2\/comments?post=72385"}],"version-history":[{"count":2,"href":"http:\/\/portalcatolico.net\/portal\/wp-json\/wp\/v2\/posts\/72385\/revisions"}],"predecessor-version":[{"id":72409,"href":"http:\/\/portalcatolico.net\/portal\/wp-json\/wp\/v2\/posts\/72385\/revisions\/72409"}],"wp:featuredmedia":[{"embeddable":true,"href":"http:\/\/portalcatolico.net\/portal\/wp-json\/wp\/v2\/media\/72386"}],"wp:attachment":[{"href":"http:\/\/portalcatolico.net\/portal\/wp-json\/wp\/v2\/media?parent=72385"}],"wp:term":[{"taxonomy":"category","embeddable":true,"href":"http:\/\/portalcatolico.net\/portal\/wp-json\/wp\/v2\/categories?post=72385"},{"taxonomy":"post_tag","embeddable":true,"href":"http:\/\/portalcatolico.net\/portal\/wp-json\/wp\/v2\/tags?post=72385"}],"curies":[{"name":"wp","href":"https:\/\/api.w.org\/{rel}","templated":true}]}}