{"id":72369,"date":"2021-05-31T20:31:08","date_gmt":"2021-05-31T23:31:08","guid":{"rendered":"http:\/\/portalcatolico.net\/portal\/?p=72369"},"modified":"2021-05-31T20:31:08","modified_gmt":"2021-05-31T23:31:08","slug":"padre-ezequias-sofre-acidente-em-estrada-da-zona-rural","status":"publish","type":"post","link":"http:\/\/portalcatolico.net\/portal\/padre-ezequias-sofre-acidente-em-estrada-da-zona-rural\/","title":{"rendered":"PADRE EZEQUIAS SOFRE ACIDENTE EM ESTRADA DA ZONA RURAL"},"content":{"rendered":"<p>O padre Ezequias Gon\u00e7alves dos Santos, p\u00e1roco da igreja de Nossa Senhora Aparecida no bairro Calif\u00f3rnia em Itabuna, sofreu um acidente automobil\u00edstico no final do \u00faltimo s\u00e1bado (29) em uma estrada da zona rural que liga os munic\u00edpios de Itaju do Col\u00f4nia e Santa Cruz. O padre estava indo celebrar uma missa no munic\u00edpio de Itaju, quando houve o acidente.<\/p>\n<p>O ve\u00edculo capotou e ficou virado no matagal. O padre n\u00e3o sofreu ferimentos graves e ainda, em v\u00eddeo, registrou a cena do acidente. \u201cN\u00e3o sofri nenhum corte f\u00edsico, aqui \u00e9 a m\u00e3o de Deus, porque onde o carro tombou e como ele tombou n\u00e3o era pra ficar vida humana nenhuma. Mas Deus na sua infinita miseric\u00f3rdia me poupou\u201d, disse o padre.(Ipolitica)<\/p>\n<p><a href=\"https:\/\/ipolitica.blog.br\/itabuna-padre-ezequias-sofre-acidente-em-estrada-da-zona-rural\/\"><strong>Veja o v\u00eddeo registrado por ele:&nbsp;<\/strong><\/a><\/p>\n","protected":false},"excerpt":{"rendered":"<p>O padre Ezequias Gon\u00e7alves dos Santos, p\u00e1roco da igreja de Nossa Senhora Aparecida no bairro Calif\u00f3rnia em Itabuna, sofreu um acidente automobil\u00edstico no final do \u00faltimo s\u00e1bado (29) em uma estrada da zona rural que liga os munic\u00edpios de Itaju do Col\u00f4nia e Santa Cruz. O padre estava indo celebrar uma missa no munic\u00edpio de&nbsp;<\/p>\n<p><a class=\"btn btn-style\" href=\"http:\/\/portalcatolico.net\/portal\/padre-ezequias-sofre-acidente-em-estrada-da-zona-rural\/\">Continue Reading<\/a><\/p>\n","protected":false},"author":2,"featured_media":72370,"comment_status":"open","ping_status":"open","sticky":false,"template":"","format":"standard","meta":{"footnotes":""},"categories":[4],"tags":[],"class_list":["post-72369","post","type-post","status-publish","format-standard","has-post-thumbnail","hentry","category-destaques"],"_links":{"self":[{"href":"http:\/\/portalcatolico.net\/portal\/wp-json\/wp\/v2\/posts\/72369","targetHints":{"allow":["GET"]}}],"collection":[{"href":"http:\/\/portalcatolico.net\/portal\/wp-json\/wp\/v2\/posts"}],"about":[{"href":"http:\/\/portalcatolico.net\/portal\/wp-json\/wp\/v2\/types\/post"}],"author":[{"embeddable":true,"href":"http:\/\/portalcatolico.net\/portal\/wp-json\/wp\/v2\/users\/2"}],"replies":[{"embeddable":true,"href":"http:\/\/portalcatolico.net\/portal\/wp-json\/wp\/v2\/comments?post=72369"}],"version-history":[{"count":1,"href":"http:\/\/portalcatolico.net\/portal\/wp-json\/wp\/v2\/posts\/72369\/revisions"}],"predecessor-version":[{"id":72371,"href":"http:\/\/portalcatolico.net\/portal\/wp-json\/wp\/v2\/posts\/72369\/revisions\/72371"}],"wp:featuredmedia":[{"embeddable":true,"href":"http:\/\/portalcatolico.net\/portal\/wp-json\/wp\/v2\/media\/72370"}],"wp:attachment":[{"href":"http:\/\/portalcatolico.net\/portal\/wp-json\/wp\/v2\/media?parent=72369"}],"wp:term":[{"taxonomy":"category","embeddable":true,"href":"http:\/\/portalcatolico.net\/portal\/wp-json\/wp\/v2\/categories?post=72369"},{"taxonomy":"post_tag","embeddable":true,"href":"http:\/\/portalcatolico.net\/portal\/wp-json\/wp\/v2\/tags?post=72369"}],"curies":[{"name":"wp","href":"https:\/\/api.w.org\/{rel}","templated":true}]}}