{"id":72364,"date":"2021-05-30T11:10:16","date_gmt":"2021-05-30T14:10:16","guid":{"rendered":"http:\/\/portalcatolico.net\/portal\/?p=72364"},"modified":"2021-05-30T11:18:06","modified_gmt":"2021-05-30T14:18:06","slug":"diocese-de-eunapolis-prepara-festividades-do-sagrado-coracao-de-jesus","status":"publish","type":"post","link":"http:\/\/portalcatolico.net\/portal\/diocese-de-eunapolis-prepara-festividades-do-sagrado-coracao-de-jesus\/","title":{"rendered":"Diocese de Eun\u00e1polis prepara festividades do Sagrado Cora\u00e7\u00e3o de Jesus"},"content":{"rendered":"<div class=\"v1PlainText\" dir=\"auto\">A Festa do Sagrado Cora\u00e7\u00e3o de Jesus no Brasil ser\u00e1 celebrada em centenas de par\u00f3quias por todo o territ\u00f3rio nacional. Na Diocese de Eun\u00e1polis, no Extremo Sul da Bahia, n\u00e3o ser\u00e1 diferente. Este ano, a diocese est\u00e1 em festa, em comemora\u00e7\u00e3o dos 25 anos de evangeliza\u00e7\u00e3o, em toda a Costa do Descobrimento. S\u00e3o v\u00e1rios momentos festivos em comemora\u00e7\u00e3o do ano Jubilar.<\/div>\n<div class=\"v1PlainText\" dir=\"auto\">&nbsp;No Decreto do Bispo Diocesano, dom Jos\u00e9 Edson Santana Oliveira, a abertura do Jubileu Diocesano tem validade em todo o territ\u00f3rio da Diocese e tem sua dura\u00e7\u00e3o prevista de 12 de junho de 2020 at\u00e9 12 de junho de 2021, anivers\u00e1rio de 25 anos da cria\u00e7\u00e3o da Diocese.<br \/>\nO tema central da festa \u00e9: &#8220;No cora\u00e7\u00e3o de Jesus, somos todos irm\u00e3os&#8221;.&nbsp;<br \/>\nS\u00e3o v\u00e1rios padres celebrantes e voc\u00ea pode conferir na programa\u00e7\u00e3o.<br \/>\nNo dia festivo, na solenidade do Sagrado Cora\u00e7\u00e3o, ter\u00e3o duas missas: \u00e0s 10h e \u00e0s 19h, com presid\u00eancia do bispo Dom Jos\u00e9 Edson Santana Oliveira.&nbsp;<br \/>\nDevido a pandemia da Covid-19, os organizadores pedem aos paroquianos, devotos e visitantes que usem a m\u00e1scara, o \u00e1lcool em gel e mantenham o distanciamento social.<br \/>\nA par\u00f3quia dedicada ao Sagrado Cora\u00e7\u00e3o de Jesus, fica situada na Rua S\u00e3o Jos\u00e9, 59, no bairro Rosa Neto na cidade de Eun\u00e1polis(BA).<\/div>\n<div dir=\"auto\">Foto: Divulga\u00e7\u00e3o\/Internet<\/div>\n<p class=\"v1PlainText\" dir=\"auto\"><strong>Confira a programa\u00e7\u00e3o neste link: <a href=\"https:\/\/www.diocesedeeunapolis.org\/post\/festa-do-sagrado-cora%C3%A7%C3%A3o-de-jesus\">https:\/\/www.diocesedeeunapolis.org\/post\/festa-do-sagrado-cora%C3%A7%C3%A3o-de-jesus<\/a><\/strong><\/p>\n<p dir=\"auto\">&nbsp;<\/p>\n<p dir=\"auto\">&nbsp;<\/p>\n","protected":false},"excerpt":{"rendered":"<p>A Festa do Sagrado Cora\u00e7\u00e3o de Jesus no Brasil ser\u00e1 celebrada em centenas de par\u00f3quias por todo o territ\u00f3rio nacional. Na Diocese de Eun\u00e1polis, no Extremo Sul da Bahia, n\u00e3o ser\u00e1 diferente. Este ano, a diocese est\u00e1 em festa, em comemora\u00e7\u00e3o dos 25 anos de evangeliza\u00e7\u00e3o, em toda a Costa do Descobrimento. S\u00e3o v\u00e1rios momentos&nbsp;<\/p>\n<p><a class=\"btn btn-style\" href=\"http:\/\/portalcatolico.net\/portal\/diocese-de-eunapolis-prepara-festividades-do-sagrado-coracao-de-jesus\/\">Continue Reading<\/a><\/p>\n","protected":false},"author":2,"featured_media":72367,"comment_status":"open","ping_status":"open","sticky":false,"template":"","format":"standard","meta":{"footnotes":""},"categories":[1],"tags":[],"class_list":["post-72364","post","type-post","status-publish","format-standard","has-post-thumbnail","hentry","category-agenda"],"_links":{"self":[{"href":"http:\/\/portalcatolico.net\/portal\/wp-json\/wp\/v2\/posts\/72364","targetHints":{"allow":["GET"]}}],"collection":[{"href":"http:\/\/portalcatolico.net\/portal\/wp-json\/wp\/v2\/posts"}],"about":[{"href":"http:\/\/portalcatolico.net\/portal\/wp-json\/wp\/v2\/types\/post"}],"author":[{"embeddable":true,"href":"http:\/\/portalcatolico.net\/portal\/wp-json\/wp\/v2\/users\/2"}],"replies":[{"embeddable":true,"href":"http:\/\/portalcatolico.net\/portal\/wp-json\/wp\/v2\/comments?post=72364"}],"version-history":[{"count":3,"href":"http:\/\/portalcatolico.net\/portal\/wp-json\/wp\/v2\/posts\/72364\/revisions"}],"predecessor-version":[{"id":72368,"href":"http:\/\/portalcatolico.net\/portal\/wp-json\/wp\/v2\/posts\/72364\/revisions\/72368"}],"wp:featuredmedia":[{"embeddable":true,"href":"http:\/\/portalcatolico.net\/portal\/wp-json\/wp\/v2\/media\/72367"}],"wp:attachment":[{"href":"http:\/\/portalcatolico.net\/portal\/wp-json\/wp\/v2\/media?parent=72364"}],"wp:term":[{"taxonomy":"category","embeddable":true,"href":"http:\/\/portalcatolico.net\/portal\/wp-json\/wp\/v2\/categories?post=72364"},{"taxonomy":"post_tag","embeddable":true,"href":"http:\/\/portalcatolico.net\/portal\/wp-json\/wp\/v2\/tags?post=72364"}],"curies":[{"name":"wp","href":"https:\/\/api.w.org\/{rel}","templated":true}]}}