{"id":72339,"date":"2021-05-29T11:24:37","date_gmt":"2021-05-29T14:24:37","guid":{"rendered":"http:\/\/portalcatolico.net\/portal\/?p=72339"},"modified":"2021-05-29T13:25:08","modified_gmt":"2021-05-29T16:25:08","slug":"tarde-jovem-com-maria-acontece-neste-domingo-em-itabuna","status":"publish","type":"post","link":"http:\/\/portalcatolico.net\/portal\/tarde-jovem-com-maria-acontece-neste-domingo-em-itabuna\/","title":{"rendered":"Tarde jovem com Maria acontece neste domingo em Itabuna!"},"content":{"rendered":"<div class=\"v1OutlineElement v1Ltr v1BCX0 v1SCXW149714500\">\n<p class=\"v1Paragraph v1SCXW149714500 v1BCX0\" lang=\"PT-BR\"><span class=\"v1TextRun v1SCXW149714500 v1BCX0\" lang=\"PT-BR\"><span class=\"v1NormalTextRun v1SCXW149714500 v1BCX0\">A par\u00f3quia Santa Maria&nbsp;<\/span><\/span><span class=\"v1TextRun v1SCXW149714500 v1BCX0\" lang=\"PT-BR\"><span class=\"v1NormalTextRun v1SpellingErrorV2 v1SCXW149714500 v1BCX0\">Goretti<\/span><\/span><span class=\"v1TextRun v1SCXW149714500 v1BCX0\" lang=\"PT-BR\"><span class=\"v1NormalTextRun v1SCXW149714500 v1BCX0\">, situada no bairro&nbsp;<\/span><\/span><span class=\"v1TextRun v1SCXW149714500 v1BCX0\" lang=\"PT-BR\"><span class=\"v1NormalTextRun v1SpellingErrorV2 v1SCXW149714500 v1BCX0\">Mangabinha<\/span><\/span><span class=\"v1TextRun v1SCXW149714500 v1BCX0\" lang=\"PT-BR\"><span class=\"v1NormalTextRun v1SCXW149714500 v1BCX0\">, em Itabuna (BA), realizar\u00e1 neste domingo<\/span><\/span><span class=\"v1TextRun v1SCXW149714500 v1BCX0\" lang=\"PT-BR\"><span class=\"v1NormalTextRun v1SCXW149714500 v1BCX0\">,<\/span><\/span><span class=\"v1TextRun v1SCXW149714500 v1BCX0\" lang=\"PT-BR\"><span class=\"v1NormalTextRun v1SCXW149714500 v1BCX0\">&nbsp;30 de maio, com in\u00edcio&nbsp;<\/span><\/span><span class=\"v1TextRun v1SCXW149714500 v1BCX0\" lang=\"PT-BR\"><span class=\"v1NormalTextRun v1SCXW149714500 v1BCX0\">\u00e0<\/span><\/span><span class=\"v1TextRun v1SCXW149714500 v1BCX0\" lang=\"PT-BR\"><span class=\"v1NormalTextRun v1SCXW149714500 v1BCX0\">s 14h,<\/span><\/span><span class=\"v1TextRun v1SCXW149714500 v1BCX0\" lang=\"PT-BR\"><span class=\"v1NormalTextRun v1SCXW149714500 v1BCX0\">&nbsp;a<\/span><\/span><span class=\"v1TextRun v1SCXW149714500 v1BCX0\" lang=\"PT-BR\"><span class=\"v1NormalTextRun v1SCXW149714500 v1BCX0\">&nbsp;<\/span><\/span><span class=\"v1TextRun v1SCXW149714500 v1BCX0\" lang=\"PT-BR\"><span class=\"v1NormalTextRun v1SCXW149714500 v1BCX0\">Tarde jovem com Maria.&nbsp;<\/span><\/span><span class=\"v1TextRun v1SCXW149714500 v1BCX0\" lang=\"PT-BR\"><span class=\"v1NormalTextRun v1SCXW149714500 v1BCX0\">O<\/span><\/span><span class=\"v1TextRun v1SCXW149714500 v1BCX0\" lang=\"PT-BR\"><span class=\"v1NormalTextRun v1SCXW149714500 v1BCX0\">&nbsp;tema para este ano que \u00e9:<\/span><\/span><span class=\"v1TextRun v1SCXW149714500 v1BCX0\" lang=\"PT-BR\"><span class=\"v1NormalTextRun v1SCXW149714500 v1BCX0\">&nbsp;&#8220;<\/span><\/span><span class=\"v1TextRun v1SCXW149714500 v1BCX0\" lang=\"PT-BR\"><span class=\"v1NormalTextRun v1SCXW149714500 v1BCX0\">Maria, participadora do projeto de salva\u00e7\u00e3o, m\u00e3e que nos conduz a paz&#8221;. Os&nbsp;<\/span><\/span><span class=\"v1TextRun v1SCXW149714500 v1BCX0\" lang=\"PT-BR\"><span class=\"v1NormalTextRun v1ContextualSpellingAndGrammarErrorV2 v1SCXW149714500 v1BCX0\">organizadores&nbsp; ped<\/span><\/span><span class=\"v1TextRun v1SCXW149714500 v1BCX0\" lang=\"PT-BR\"><span class=\"v1NormalTextRun v1ContextualSpellingAndGrammarErrorV2 v1SCXW149714500 v1BCX0\">em<\/span><\/span><span class=\"v1TextRun v1SCXW149714500 v1BCX0\" lang=\"PT-BR\"><span class=\"v1NormalTextRun v1SCXW149714500 v1BCX0\">&nbsp;<\/span><\/span><span class=\"v1TextRun v1SCXW149714500 v1BCX0\" lang=\"PT-BR\"><span class=\"v1NormalTextRun v1SCXW149714500 v1BCX0\">para&nbsp;<\/span><\/span><span class=\"v1TextRun v1SCXW149714500 v1BCX0\" lang=\"PT-BR\"><span class=\"v1NormalTextRun v1SCXW149714500 v1BCX0\">que&nbsp;<\/span><\/span><span class=\"v1TextRun v1SCXW149714500 v1BCX0\" lang=\"PT-BR\"><span class=\"v1NormalTextRun v1SCXW149714500 v1BCX0\">os interessados agend<\/span><\/span><span class=\"v1TextRun v1SCXW149714500 v1BCX0\" lang=\"PT-BR\"><span class=\"v1NormalTextRun v1SCXW149714500 v1BCX0\">em<\/span><\/span><span class=\"v1TextRun v1SCXW149714500 v1BCX0\" lang=\"PT-BR\"><span class=\"v1NormalTextRun v1SCXW149714500 v1BCX0\">&nbsp;sua visita pelo&nbsp;<\/span><\/span><span class=\"v1TextRun v1SCXW149714500 v1BCX0\" lang=\"PT-BR\"><span class=\"v1NormalTextRun v1SpellingErrorV2 v1SCXW149714500 v1BCX0\">whatsapp<\/span><\/span><span class=\"v1TextRun v1SCXW149714500 v1BCX0\" lang=\"PT-BR\"><span class=\"v1NormalTextRun v1SCXW149714500 v1BCX0\">&nbsp;da secretaria da Par\u00f3quia: (73) 3212-1753.<\/span><\/span><span class=\"v1EOP v1SCXW149714500 v1BCX0\">&nbsp;<\/span><\/p>\n<\/div>\n<div class=\"v1OutlineElement v1Ltr v1BCX0 v1SCXW149714500\">\n<p class=\"v1Paragraph v1SCXW149714500 v1BCX0\" lang=\"PT-BR\"><span class=\"v1TextRun v1SCXW149714500 v1BCX0\" lang=\"PT-BR\"><span class=\"v1NormalTextRun v1SCXW149714500 v1BCX0\">O evento ser\u00e1 transmitido ao vivo pelo&nbsp;Y<\/span><span class=\"v1NormalTextRun v1SpellingErrorV2 v1SCXW149714500 v1BCX0\">outube<\/span><span class=\"v1NormalTextRun v1SCXW149714500 v1BCX0\">&nbsp;da par\u00f3quia, no&nbsp; link:&nbsp;<\/span><\/span><a class=\"v1Hyperlink v1SCXW149714500 v1BCX0\" href=\"https:\/\/www.youtube.com\/channel\/UCVCppFo1GA2XOcQzAihetsg\" target=\"_blank\" rel=\"noopener noreferrer\"><span class=\"v1TextRun v1Underlined v1SCXW149714500 v1BCX0\" lang=\"PT-BR\"><span class=\"v1NormalTextRun v1SCXW149714500 v1BCX0\">https:\/\/www.youtube.com\/channel\/UCVCppFo1GA2XOcQzAihetsg<\/span><\/span><\/a><span class=\"v1TextRun v1SCXW149714500 v1BCX0\" lang=\"PT-BR\"><span class=\"v1NormalTextRun v1SCXW149714500 v1BCX0\">&nbsp;<\/span><\/span><span class=\"v1EOP v1SCXW149714500 v1BCX0\">&nbsp;<\/span><\/p>\n<\/div>\n<div class=\"v1OutlineElement v1Ltr v1BCX0 v1SCXW149714500\">\n<p class=\"v1Paragraph v1SCXW149714500 v1BCX0\" lang=\"PT-BR\"><span class=\"v1TextRun v1SCXW149714500 v1BCX0\" lang=\"PT-BR\"><span class=\"v1NormalTextRun v1SCXW149714500 v1BCX0\">A o<\/span><\/span><span class=\"v1TextRun v1SCXW149714500 v1BCX0\" lang=\"PT-BR\"><span class=\"v1NormalTextRun v1SCXW149714500 v1BCX0\">rganiza\u00e7\u00e3o<\/span><\/span><span class=\"v1TextRun v1SCXW149714500 v1BCX0\" lang=\"PT-BR\"><span class=\"v1NormalTextRun v1SCXW149714500 v1BCX0\">&nbsp;\u00e9 da<\/span><\/span><span class=\"v1TextRun v1SCXW149714500 v1BCX0\" lang=\"PT-BR\"><span class=\"v1NormalTextRun v1SCXW149714500 v1BCX0\">&nbsp;<\/span><\/span><span class=\"v1TextRun v1SCXW149714500 v1BCX0\" lang=\"PT-BR\"><span class=\"v1NormalTextRun v1SCXW149714500 v1BCX0\">Par\u00f3quia Santa Maria&nbsp;<\/span><\/span><span class=\"v1TextRun v1SCXW149714500 v1BCX0\" lang=\"PT-BR\"><span class=\"v1NormalTextRun v1SpellingErrorV2 v1SCXW149714500 v1BCX0\">Goretti<\/span><span class=\"v1NormalTextRun v1SCXW149714500 v1BCX0\">&nbsp;e do Encontro de Jovens com Cristo (EJC).&nbsp;<\/span><\/span><span class=\"v1EOP v1SCXW149714500 v1BCX0\">&nbsp;<\/span><\/p>\n<\/div>\n<div class=\"v1OutlineElement v1Ltr v1BCX0 v1SCXW149714500\">\n<p class=\"v1Paragraph v1SCXW149714500 v1BCX0\" lang=\"PT-BR\"><span class=\"v1TextRun v1SCXW149714500 v1BCX0\" lang=\"PT-BR\"><span class=\"v1NormalTextRun v1SCXW149714500 v1BCX0\">Participe!<\/span><\/span><span class=\"v1EOP v1SCXW149714500 v1BCX0\">&nbsp;<\/span><\/p>\n<\/div>\n","protected":false},"excerpt":{"rendered":"<p>A par\u00f3quia Santa Maria&nbsp;Goretti, situada no bairro&nbsp;Mangabinha, em Itabuna (BA), realizar\u00e1 neste domingo,&nbsp;30 de maio, com in\u00edcio&nbsp;\u00e0s 14h,&nbsp;a&nbsp;Tarde jovem com Maria.&nbsp;O&nbsp;tema para este ano que \u00e9:&nbsp;&#8220;Maria, participadora do projeto de salva\u00e7\u00e3o, m\u00e3e que nos conduz a paz&#8221;. Os&nbsp;organizadores&nbsp; pedem&nbsp;para&nbsp;que&nbsp;os interessados agendem&nbsp;sua visita pelo&nbsp;whatsapp&nbsp;da secretaria da Par\u00f3quia: (73) 3212-1753.&nbsp; O evento ser\u00e1 transmitido ao vivo pelo&nbsp;Youtube&nbsp;da&nbsp;<\/p>\n<p><a class=\"btn btn-style\" href=\"http:\/\/portalcatolico.net\/portal\/tarde-jovem-com-maria-acontece-neste-domingo-em-itabuna\/\">Continue Reading<\/a><\/p>\n","protected":false},"author":2,"featured_media":72340,"comment_status":"open","ping_status":"open","sticky":false,"template":"","format":"standard","meta":{"footnotes":""},"categories":[1],"tags":[],"class_list":["post-72339","post","type-post","status-publish","format-standard","has-post-thumbnail","hentry","category-agenda"],"_links":{"self":[{"href":"http:\/\/portalcatolico.net\/portal\/wp-json\/wp\/v2\/posts\/72339","targetHints":{"allow":["GET"]}}],"collection":[{"href":"http:\/\/portalcatolico.net\/portal\/wp-json\/wp\/v2\/posts"}],"about":[{"href":"http:\/\/portalcatolico.net\/portal\/wp-json\/wp\/v2\/types\/post"}],"author":[{"embeddable":true,"href":"http:\/\/portalcatolico.net\/portal\/wp-json\/wp\/v2\/users\/2"}],"replies":[{"embeddable":true,"href":"http:\/\/portalcatolico.net\/portal\/wp-json\/wp\/v2\/comments?post=72339"}],"version-history":[{"count":2,"href":"http:\/\/portalcatolico.net\/portal\/wp-json\/wp\/v2\/posts\/72339\/revisions"}],"predecessor-version":[{"id":72342,"href":"http:\/\/portalcatolico.net\/portal\/wp-json\/wp\/v2\/posts\/72339\/revisions\/72342"}],"wp:featuredmedia":[{"embeddable":true,"href":"http:\/\/portalcatolico.net\/portal\/wp-json\/wp\/v2\/media\/72340"}],"wp:attachment":[{"href":"http:\/\/portalcatolico.net\/portal\/wp-json\/wp\/v2\/media?parent=72339"}],"wp:term":[{"taxonomy":"category","embeddable":true,"href":"http:\/\/portalcatolico.net\/portal\/wp-json\/wp\/v2\/categories?post=72339"},{"taxonomy":"post_tag","embeddable":true,"href":"http:\/\/portalcatolico.net\/portal\/wp-json\/wp\/v2\/tags?post=72339"}],"curies":[{"name":"wp","href":"https:\/\/api.w.org\/{rel}","templated":true}]}}