{"id":72288,"date":"2021-05-24T20:52:16","date_gmt":"2021-05-24T23:52:16","guid":{"rendered":"http:\/\/portalcatolico.net\/portal\/?p=72288"},"modified":"2021-05-24T20:52:44","modified_gmt":"2021-05-24T23:52:44","slug":"bispo-referencial-da-pastoral-dos-nomades-fala-da-necessidade-de-diminuir-os-preconceitos-em-relacao-ao-povo-cigano","status":"publish","type":"post","link":"http:\/\/portalcatolico.net\/portal\/bispo-referencial-da-pastoral-dos-nomades-fala-da-necessidade-de-diminuir-os-preconceitos-em-relacao-ao-povo-cigano\/","title":{"rendered":"BISPO REFERENCIAL DA PASTORAL DOS N\u00d4MADES FALA DA NECESSIDADE DE DIMINUIR OS PRECONCEITOS EM RELA\u00c7\u00c3O AO POVO CIGANO"},"content":{"rendered":"<p>O bispo de Eun\u00e1polis (BA) e referencial da Pastoral dos N\u00f4mades no Brasil, dom Jos\u00e9 Edson Santa Oliveira, publicou um mensagem por ocasi\u00e3o do Dia Nacional do Povo Cigano, celebrado neste 24 de maio. A data foi institu\u00edda em 25 de maio de 2006 por meio de decreto presidencial em reconhecimento \u00e0 contribui\u00e7\u00e3o da etnia cigana na forma\u00e7\u00e3o da hist\u00f3ria e da identidade cultural brasileira.<\/p>\n<p>Foi comemorado pela primeira vez em 24 de maio de 2007, com uma programa\u00e7\u00e3o especial da Secretaria Especial de Pol\u00edticas de Promo\u00e7\u00e3o da Igualdade Racial (Seppir). No calend\u00e1rio cigano, o dia 24 de maio \u00e9 dedicado a Santa Sara Kali, padroeira dos povos ciganos.<\/p>\n<figure id=\"attachment_264195\" class=\"wp-caption aligncenter\" style=\"width: 821px;\" aria-describedby=\"caption-attachment-264195\"><img loading=\"lazy\" decoding=\"async\" class=\"wp-image-264195 lazyloaded\" src=\"https:\/\/eadn-wc02-718006.nxedge.io\/cdn\/wp-content\/uploads\/2021\/05\/Bispo-de-Eunapolis-BA.jpg\" alt=\"\" width=\"821\" height=\"571\" data-ll-status=\"loaded\"><figcaption id=\"caption-attachment-264195\" class=\"wp-caption-text\">O bispo de Eun\u00e1polis (BA) e referencial da Pastoral dos N\u00f4mades no Brasil, dom Jos\u00e9 Edson Santa Oliveira.<\/figcaption><\/figure>\n<p>O referencial da Pastoral dos N\u00f4mades do Brasil chama a aten\u00e7\u00e3o para a necessidade de refletir e corrigir os preconceitos, rejei\u00e7\u00e3o, exclus\u00e3o e viol\u00eancia simb\u00f3lica com o qual os povos ciganos s\u00e3o tratados.<\/p>\n<p>O povo cigano inclui os Roms, Sintos e Calons, grupos formados da di\u00e1spora de um povo n\u00f4made origin\u00e1rio do norte da \u00cdndia, que passou por v\u00e1rias regi\u00f5es do Oriente M\u00e9dio e Europa, e depois espalhou-se por outros continentes, incluindo o Brasil.<\/p>\n<p><strong>O estigma por ser diferente<\/strong><\/p>\n<p>Os povos ciganos, de acordo com o bispo, fazem parte das minorias que n\u00e3o conseguem dialogar com a maioria dos povos pelo simples fato de serem diferentes. O bispo de Eun\u00e1polis aponta que os povos ciganos s\u00e3o \u201crejeitados diante de uma atitude de estranhamento, por sua singular forma de ser e viver\u201d. N\u00e3o obstante a import\u00e2ncia da data, ainda s\u00e3o escassas as pol\u00edticas p\u00fablicas de integra\u00e7\u00e3o do povo cigano, persistindo grande parcela sem contar com a\u00e7\u00f5es em favor de registro civil, sa\u00fade e educa\u00e7\u00e3o.<\/p>\n<blockquote><p>\u201cHoje, 24 de maio, comemoramos com alegria, o Dia Nacional do Povo Cigano. Trata-se de uma conquista que serve para rememorar as lutas, os desafios realizados pelo povo cigano ao longo dessa caminhada. O povo cigano \u00e9 protagonista, apresentando ao mundo as suas tradi\u00e7\u00f5es, a aquisi\u00e7\u00e3o de direitos sociais e pol\u00edticos, de sua cidadania e da conquista de sua presen\u00e7a no espa\u00e7o democr\u00e1tico\u201d, disse.<\/p><\/blockquote>\n<p>Na mensagem, o bispo fala do trabalho da Pastoral dos N\u00f4mades no meio do povo cigano, destacando seus avan\u00e7os e presen\u00e7a em campos como espa\u00e7o acad\u00eamico e a\u00e7\u00e3o na esfera p\u00fablica. \u201cNesses mais de 30 anos e 5 de caminhada, a Pastoral dos N\u00f4mades tendo como objetivo ser presen\u00e7a da Igreja no meio do povo cigano, se alegra e parabeniza o povo cigano, os agentes de pastoral e todos os colaboradores que fazem parte dessa caminhada de lutas e conquistas\u201d, disse.<\/p>\n<p>Conhe\u00e7a a \u00edntegra da mensagem&nbsp;<a href=\"https:\/\/www.cnbb.org.br\/wp-content\/uploads\/2021\/05\/Dia-do-Cigano-24-de-maio-de-2021.pdf\">aqui.<\/a><\/p>\n<p>Fonte: CNBB<\/p>\n","protected":false},"excerpt":{"rendered":"<p>O bispo de Eun\u00e1polis (BA) e referencial da Pastoral dos N\u00f4mades no Brasil, dom Jos\u00e9 Edson Santa Oliveira, publicou um mensagem por ocasi\u00e3o do Dia Nacional do Povo Cigano, celebrado neste 24 de maio. A data foi institu\u00edda em 25 de maio de 2006 por meio de decreto presidencial em reconhecimento \u00e0 contribui\u00e7\u00e3o da etnia&nbsp;<\/p>\n<p><a class=\"btn btn-style\" href=\"http:\/\/portalcatolico.net\/portal\/bispo-referencial-da-pastoral-dos-nomades-fala-da-necessidade-de-diminuir-os-preconceitos-em-relacao-ao-povo-cigano\/\">Continue Reading<\/a><\/p>\n","protected":false},"author":2,"featured_media":72289,"comment_status":"open","ping_status":"open","sticky":false,"template":"","format":"standard","meta":{"footnotes":""},"categories":[3],"tags":[],"class_list":["post-72288","post","type-post","status-publish","format-standard","has-post-thumbnail","hentry","category-noticias_regionais"],"_links":{"self":[{"href":"http:\/\/portalcatolico.net\/portal\/wp-json\/wp\/v2\/posts\/72288","targetHints":{"allow":["GET"]}}],"collection":[{"href":"http:\/\/portalcatolico.net\/portal\/wp-json\/wp\/v2\/posts"}],"about":[{"href":"http:\/\/portalcatolico.net\/portal\/wp-json\/wp\/v2\/types\/post"}],"author":[{"embeddable":true,"href":"http:\/\/portalcatolico.net\/portal\/wp-json\/wp\/v2\/users\/2"}],"replies":[{"embeddable":true,"href":"http:\/\/portalcatolico.net\/portal\/wp-json\/wp\/v2\/comments?post=72288"}],"version-history":[{"count":2,"href":"http:\/\/portalcatolico.net\/portal\/wp-json\/wp\/v2\/posts\/72288\/revisions"}],"predecessor-version":[{"id":72291,"href":"http:\/\/portalcatolico.net\/portal\/wp-json\/wp\/v2\/posts\/72288\/revisions\/72291"}],"wp:featuredmedia":[{"embeddable":true,"href":"http:\/\/portalcatolico.net\/portal\/wp-json\/wp\/v2\/media\/72289"}],"wp:attachment":[{"href":"http:\/\/portalcatolico.net\/portal\/wp-json\/wp\/v2\/media?parent=72288"}],"wp:term":[{"taxonomy":"category","embeddable":true,"href":"http:\/\/portalcatolico.net\/portal\/wp-json\/wp\/v2\/categories?post=72288"},{"taxonomy":"post_tag","embeddable":true,"href":"http:\/\/portalcatolico.net\/portal\/wp-json\/wp\/v2\/tags?post=72288"}],"curies":[{"name":"wp","href":"https:\/\/api.w.org\/{rel}","templated":true}]}}