{"id":72284,"date":"2021-05-24T20:46:48","date_gmt":"2021-05-24T23:46:48","guid":{"rendered":"http:\/\/portalcatolico.net\/portal\/?p=72284"},"modified":"2021-05-24T20:47:01","modified_gmt":"2021-05-24T23:47:01","slug":"vaticano-lanca-selo-pelos-500-anos-da-conversao-de-inacio","status":"publish","type":"post","link":"http:\/\/portalcatolico.net\/portal\/vaticano-lanca-selo-pelos-500-anos-da-conversao-de-inacio\/","title":{"rendered":"Vaticano lan\u00e7a selo pelos 500 anos da convers\u00e3o de In\u00e1cio"},"content":{"rendered":"<p><em>O selo, obra do artista espanhol Ra\u00fal Berzosa, retrata o momento da convers\u00e3o do fundador da Companhia de Jesus<\/em><\/p>\n<p>Nesta ter\u00e7a-feira, 25 de maio, o Departamento Filat\u00e9lico do Vaticano lan\u00e7ar\u00e1 um selo em comemora\u00e7\u00e3o aos 500 anos da convers\u00e3o de Santo In\u00e1cio de Loyola, celebrada na \u00faltima quinta-feira, 20. O selo, que tem o valor de 1,15 euros\/unidade, ter\u00e1 a tiragem de 25.500 folhas e poder\u00e1 ser adquirido pelo site&nbsp;<a href=\"https:\/\/www.cfn.va\/it\/140-2021\">Commercializzazione Filatelica e Numismatica&nbsp;(CFN)<\/a>.<\/p>\n<p>I\u00f1igo, como era chamado In\u00e1cio, ap\u00f3s o cerco de Pamplona, foi transportado ao castelo da fam\u00edlia Loyola para tratar a perna gravemente ferida por uma bala de canh\u00e3o. Durante sua convalescen\u00e7a, ele se confia a S\u00e3o Pedro, de quem era devoto. Na v\u00e9spera da festa do ap\u00f3stolo, suas condi\u00e7\u00f5es melhoram. Nesse per\u00edodo, I\u00f1igo leu a \u2018Vita Christi\u2019 de Ludolfo da Sax\u00f4nia e uma tradu\u00e7\u00e3o para o espanhol da \u2018Legenda \u00c1urea\u2019 sobre a vida dos Santos, de Jacopo de Varazze, e fica fascinado pela figura de Jesus e pelas fa\u00e7anhas daqueles que viveram para segui-Lo. Esta experi\u00eancia se tornar\u00e1 o fundamento do discernimento espiritual e o in\u00edcio dos Exerc\u00edcios Espirituais que Santo In\u00e1cio de Loyola&nbsp; escreveu.&nbsp;<\/p>\n<p>O selo, obra do artista espanhol Ra\u00fal Berzosa, retrata o momento da convers\u00e3o do fundador da Companhia de Jesus. A arte exibe ainda o monograma IHS \u201cIesus Hominum Salvator\u201d, escudo jesu\u00edta.<\/p>\n<p>Com Ano Inaciano<br \/>\nFoto: Reprodu\u00e7\u00e3o \/ Vatican News<\/p>\n","protected":false},"excerpt":{"rendered":"<p>O selo, obra do artista espanhol Ra\u00fal Berzosa, retrata o momento da convers\u00e3o do fundador da Companhia de Jesus Nesta ter\u00e7a-feira, 25 de maio, o Departamento Filat\u00e9lico do Vaticano lan\u00e7ar\u00e1 um selo em comemora\u00e7\u00e3o aos 500 anos da convers\u00e3o de Santo In\u00e1cio de Loyola, celebrada na \u00faltima quinta-feira, 20. O selo, que tem o valor&nbsp;<\/p>\n<p><a class=\"btn btn-style\" href=\"http:\/\/portalcatolico.net\/portal\/vaticano-lanca-selo-pelos-500-anos-da-conversao-de-inacio\/\">Continue Reading<\/a><\/p>\n","protected":false},"author":2,"featured_media":72285,"comment_status":"open","ping_status":"open","sticky":false,"template":"","format":"standard","meta":{"footnotes":""},"categories":[5],"tags":[],"class_list":["post-72284","post","type-post","status-publish","format-standard","has-post-thumbnail","hentry","category-igreja_no_mundo"],"_links":{"self":[{"href":"http:\/\/portalcatolico.net\/portal\/wp-json\/wp\/v2\/posts\/72284","targetHints":{"allow":["GET"]}}],"collection":[{"href":"http:\/\/portalcatolico.net\/portal\/wp-json\/wp\/v2\/posts"}],"about":[{"href":"http:\/\/portalcatolico.net\/portal\/wp-json\/wp\/v2\/types\/post"}],"author":[{"embeddable":true,"href":"http:\/\/portalcatolico.net\/portal\/wp-json\/wp\/v2\/users\/2"}],"replies":[{"embeddable":true,"href":"http:\/\/portalcatolico.net\/portal\/wp-json\/wp\/v2\/comments?post=72284"}],"version-history":[{"count":1,"href":"http:\/\/portalcatolico.net\/portal\/wp-json\/wp\/v2\/posts\/72284\/revisions"}],"predecessor-version":[{"id":72286,"href":"http:\/\/portalcatolico.net\/portal\/wp-json\/wp\/v2\/posts\/72284\/revisions\/72286"}],"wp:featuredmedia":[{"embeddable":true,"href":"http:\/\/portalcatolico.net\/portal\/wp-json\/wp\/v2\/media\/72285"}],"wp:attachment":[{"href":"http:\/\/portalcatolico.net\/portal\/wp-json\/wp\/v2\/media?parent=72284"}],"wp:term":[{"taxonomy":"category","embeddable":true,"href":"http:\/\/portalcatolico.net\/portal\/wp-json\/wp\/v2\/categories?post=72284"},{"taxonomy":"post_tag","embeddable":true,"href":"http:\/\/portalcatolico.net\/portal\/wp-json\/wp\/v2\/tags?post=72284"}],"curies":[{"name":"wp","href":"https:\/\/api.w.org\/{rel}","templated":true}]}}