{"id":72274,"date":"2021-05-23T13:40:35","date_gmt":"2021-05-23T16:40:35","guid":{"rendered":"http:\/\/portalcatolico.net\/portal\/?p=72274"},"modified":"2021-05-23T13:45:04","modified_gmt":"2021-05-23T16:45:04","slug":"solenidade-de-pentecostes-e-celebrada-neste-domingo","status":"publish","type":"post","link":"http:\/\/portalcatolico.net\/portal\/solenidade-de-pentecostes-e-celebrada-neste-domingo\/","title":{"rendered":"Solenidade de Pentecostes \u00e9 celebrada neste domingo!"},"content":{"rendered":"<p>Hoje a Igreja Cat\u00f3lica Apost\u00f3lica Romana celebra Pentecostes com muita alegria e devo\u00e7\u00e3o.<br \/>\nA partir das 14h30, o grupo de ora\u00e7\u00e3o da par\u00f3quia Santa Rita de C\u00e1ssia (situada no bairro S\u00e3o Caetano, em Itabuna-BA), viver\u00e1 momentos com muita m\u00fasica, prega\u00e7\u00e3o, com um momento de adora\u00e7\u00e3o ao Sant\u00edssimo Sacramento. \u00c0s 18h tem Santa Missa, com a presid\u00eancia do p\u00e1roco, o Pe.&nbsp; Frei Gilton Oliveira.<br \/>\nHoje ,23 de maio \u00e9 celebrada Solenidade de Pentecostes, que comemora a vinda do Esp\u00edrito Santo sobre Maria e os Ap\u00f3stolos, cinquenta dias ap\u00f3s a Ressurrei\u00e7\u00e3o de Jesus Cristo.<br \/>\nJo\u00e3o Paulo II ao refletir sobre este evento em sua enc\u00edclica &#8220;Dominum et vivificantem&#8221;, assinalou que &#8220;o Conc\u00edlio Vaticano II fala do nascimento da Igreja no dia de Pentecostes. Este acontecimento constitui a manifesta\u00e7\u00e3o definitiva daquilo que j\u00e1 se tinha realizado no mesmo Cen\u00e1culo no Domingo de P\u00e1scoa&#8221;. A declara\u00e7\u00e3o foi feita neste domingo, 23 de maio, durante a Missa da Solenidade de Pentecostes que celebrou na Bas\u00edlica de S\u00e3o Pedro, no Vaticano.<br \/>\nO Santo Padre ensinou que &#8220;se dermos ouvidos ao Esp\u00edrito, deixaremos de nos focar em conservadores e progressistas, tradicionalistas e inovadores, de direita e de esquerda&#8221;.<br \/>\nAdvertiu que, &#8220;se fossem estes os crit\u00e9rios, significava que na Igreja se esquecia o Esp\u00edrito. O Par\u00e1clito impele \u00e0 unidade, \u00e0 conc\u00f3rdia, \u00e0harmonia das diversidades. Faz-nos sentir parte do mesmo Corpo, irm\u00e3os e irm\u00e3s entre n\u00f3s.&nbsp; Procuremos o todo&#8221;.<br \/>\n&#8220;E o inimigo quer que a diversidade se transforme em oposi\u00e7\u00e3o e por isso faz com que se torne ideologia. Devemos dizer &#8216;n\u00e3o&#8217; \u00e0s ideologias, &#8216;sim&#8217; ao todo&#8221;, disse.<\/p>\n<p>Fonte: Divulga\u00e7\u00e3o&nbsp;<\/p>\n","protected":false},"excerpt":{"rendered":"<p>Hoje a Igreja Cat\u00f3lica Apost\u00f3lica Romana celebra Pentecostes com muita alegria e devo\u00e7\u00e3o. A partir das 14h30, o grupo de ora\u00e7\u00e3o da par\u00f3quia Santa Rita de C\u00e1ssia (situada no bairro S\u00e3o Caetano, em Itabuna-BA), viver\u00e1 momentos com muita m\u00fasica, prega\u00e7\u00e3o, com um momento de adora\u00e7\u00e3o ao Sant\u00edssimo Sacramento. \u00c0s 18h tem Santa Missa, com a&nbsp;<\/p>\n<p><a class=\"btn btn-style\" href=\"http:\/\/portalcatolico.net\/portal\/solenidade-de-pentecostes-e-celebrada-neste-domingo\/\">Continue Reading<\/a><\/p>\n","protected":false},"author":2,"featured_media":72275,"comment_status":"open","ping_status":"open","sticky":false,"template":"","format":"standard","meta":{"footnotes":""},"categories":[4],"tags":[],"class_list":["post-72274","post","type-post","status-publish","format-standard","has-post-thumbnail","hentry","category-destaques"],"_links":{"self":[{"href":"http:\/\/portalcatolico.net\/portal\/wp-json\/wp\/v2\/posts\/72274","targetHints":{"allow":["GET"]}}],"collection":[{"href":"http:\/\/portalcatolico.net\/portal\/wp-json\/wp\/v2\/posts"}],"about":[{"href":"http:\/\/portalcatolico.net\/portal\/wp-json\/wp\/v2\/types\/post"}],"author":[{"embeddable":true,"href":"http:\/\/portalcatolico.net\/portal\/wp-json\/wp\/v2\/users\/2"}],"replies":[{"embeddable":true,"href":"http:\/\/portalcatolico.net\/portal\/wp-json\/wp\/v2\/comments?post=72274"}],"version-history":[{"count":3,"href":"http:\/\/portalcatolico.net\/portal\/wp-json\/wp\/v2\/posts\/72274\/revisions"}],"predecessor-version":[{"id":72280,"href":"http:\/\/portalcatolico.net\/portal\/wp-json\/wp\/v2\/posts\/72274\/revisions\/72280"}],"wp:featuredmedia":[{"embeddable":true,"href":"http:\/\/portalcatolico.net\/portal\/wp-json\/wp\/v2\/media\/72275"}],"wp:attachment":[{"href":"http:\/\/portalcatolico.net\/portal\/wp-json\/wp\/v2\/media?parent=72274"}],"wp:term":[{"taxonomy":"category","embeddable":true,"href":"http:\/\/portalcatolico.net\/portal\/wp-json\/wp\/v2\/categories?post=72274"},{"taxonomy":"post_tag","embeddable":true,"href":"http:\/\/portalcatolico.net\/portal\/wp-json\/wp\/v2\/tags?post=72274"}],"curies":[{"name":"wp","href":"https:\/\/api.w.org\/{rel}","templated":true}]}}