{"id":71797,"date":"2021-04-01T23:36:09","date_gmt":"2021-04-02T02:36:09","guid":{"rendered":"http:\/\/portalcatolico.net\/portal\/?p=71797"},"modified":"2021-04-02T17:36:54","modified_gmt":"2021-04-02T20:36:54","slug":"una-sem-rito-do-lava-pes-padre-nerivaldo-azevedo-celebra-a-quinta-feira-santa","status":"publish","type":"post","link":"http:\/\/portalcatolico.net\/portal\/una-sem-rito-do-lava-pes-padre-nerivaldo-azevedo-celebra-a-quinta-feira-santa\/","title":{"rendered":"UNA: Sem rito do lava-p\u00e9s, Padre Nerivaldo Azevedo celebra a Quinta-Feira Santa"},"content":{"rendered":"<p style=\"font-weight: 400;\">Fieis da Igreja Matriz S\u00e3o Jos\u00e9 participaram, nesta quinta-feira (1\u00ba), da primeira celebra\u00e7\u00e3o do Tr\u00edduo Pascal com uma missa no final da tarde.<\/p>\n<p style=\"font-weight: 400;\">Pelo segundo ano consecutivo, todos os eventos que marcam a morte de Jesus na cruz ser\u00e3o celebrados dentro da Igreja Matriz devido \u00e0 pandemia do coronav\u00edrus e sem a presen\u00e7a 100% dos fi\u00e9is.<\/p>\n<p style=\"font-weight: 400;\">O drama da pandemia do coronav\u00edrus mudou o modo de celebrar em todo o mundo e &#8220;como no ano passado&#8221;, o rito do lava-p\u00e9s ser\u00e1 &#8220;omitido&#8221; devido \u00e0s restri\u00e7\u00f5es impostas de combate ao avan\u00e7o do coronav\u00edrus.<\/p>\n<p>Clique <a href=\"https:\/\/www.psjunaba.com.br\/2021\/04\/una-sem-rito-do-lava-pes-padre.html\"><strong>aqui<\/strong><\/a>&nbsp; e confira o \u00e1lbuns de fotos:<\/p>\n","protected":false},"excerpt":{"rendered":"<p>Fieis da Igreja Matriz S\u00e3o Jos\u00e9 participaram, nesta quinta-feira (1\u00ba), da primeira celebra\u00e7\u00e3o do Tr\u00edduo Pascal com uma missa no final da tarde. Pelo segundo ano consecutivo, todos os eventos que marcam a morte de Jesus na cruz ser\u00e3o celebrados dentro da Igreja Matriz devido \u00e0 pandemia do coronav\u00edrus e sem a presen\u00e7a 100% dos&nbsp;<\/p>\n<p><a class=\"btn btn-style\" href=\"http:\/\/portalcatolico.net\/portal\/una-sem-rito-do-lava-pes-padre-nerivaldo-azevedo-celebra-a-quinta-feira-santa\/\">Continue Reading<\/a><\/p>\n","protected":false},"author":2,"featured_media":71799,"comment_status":"open","ping_status":"open","sticky":false,"template":"","format":"standard","meta":{"footnotes":""},"categories":[4],"tags":[],"class_list":["post-71797","post","type-post","status-publish","format-standard","has-post-thumbnail","hentry","category-destaques"],"_links":{"self":[{"href":"http:\/\/portalcatolico.net\/portal\/wp-json\/wp\/v2\/posts\/71797","targetHints":{"allow":["GET"]}}],"collection":[{"href":"http:\/\/portalcatolico.net\/portal\/wp-json\/wp\/v2\/posts"}],"about":[{"href":"http:\/\/portalcatolico.net\/portal\/wp-json\/wp\/v2\/types\/post"}],"author":[{"embeddable":true,"href":"http:\/\/portalcatolico.net\/portal\/wp-json\/wp\/v2\/users\/2"}],"replies":[{"embeddable":true,"href":"http:\/\/portalcatolico.net\/portal\/wp-json\/wp\/v2\/comments?post=71797"}],"version-history":[{"count":1,"href":"http:\/\/portalcatolico.net\/portal\/wp-json\/wp\/v2\/posts\/71797\/revisions"}],"predecessor-version":[{"id":71798,"href":"http:\/\/portalcatolico.net\/portal\/wp-json\/wp\/v2\/posts\/71797\/revisions\/71798"}],"wp:featuredmedia":[{"embeddable":true,"href":"http:\/\/portalcatolico.net\/portal\/wp-json\/wp\/v2\/media\/71799"}],"wp:attachment":[{"href":"http:\/\/portalcatolico.net\/portal\/wp-json\/wp\/v2\/media?parent=71797"}],"wp:term":[{"taxonomy":"category","embeddable":true,"href":"http:\/\/portalcatolico.net\/portal\/wp-json\/wp\/v2\/categories?post=71797"},{"taxonomy":"post_tag","embeddable":true,"href":"http:\/\/portalcatolico.net\/portal\/wp-json\/wp\/v2\/tags?post=71797"}],"curies":[{"name":"wp","href":"https:\/\/api.w.org\/{rel}","templated":true}]}}