{"id":71785,"date":"2021-04-01T19:13:34","date_gmt":"2021-04-01T22:13:34","guid":{"rendered":"http:\/\/portalcatolico.net\/portal\/?p=71785"},"modified":"2021-04-02T18:12:32","modified_gmt":"2021-04-02T21:12:32","slug":"cobrimos-as-imagens-sacras-na-semana-santa","status":"publish","type":"post","link":"http:\/\/portalcatolico.net\/portal\/cobrimos-as-imagens-sacras-na-semana-santa\/","title":{"rendered":"Cobrimos as imagens sacras na Semana Santa?"},"content":{"rendered":"<p>No per\u00edodo da quaresma ao irmos na igreja \u00e9 comum ver uma pr\u00e1tica de cobrir as imagens dos santos, hoje entenderemos o porqu\u00ea desta pr\u00e1tica.<\/p>\n<p><strong>Por Que No Per\u00edodo Da Quaresma Os Santos Nas Igrejas Ficam Cobertos Por Panos Roxos?<\/strong><\/p>\n<p>Existe um costume muito antigo na Igreja Cat\u00f3lica de cobrir as imagens dos santos no quinto domingo da quaresma, dia este que tamb\u00e9m \u00e9 conhecido como primeiro Domingo da Paix\u00e3o, sendo este o Domingo de Ramos que se d\u00e1 o \u00ednicio da Paix\u00e3o de Cristo, sendo assim os \u00edcones e imagens sacras devem ficar cobertos at\u00e9 a noite do Domingo de P\u00e1scoa.<\/p>\n<p>Cobrir as imagens de santos e outros \u00edcones sacros durante a quaresma \u00e9 fundamentasdo no luto pelo sofrimento de Nosso Senhor Jesus Cristo, levando os fi\u00e9is a uma reflex\u00e3o profunda, ao contemplar estes objetos sagrados cobertos do roxo, cor simbolo da tristeza, dor e penit\u00eancia.<\/p>\n<p>Por\u00e9m o \u00e1pice se da na Quinta-Feira Santa, quando s\u00e3o retiradas todas as toalhas do altar, e a cruz coberta nos lembra a humilha\u00e7\u00e3o que Jesus Cristo passou ao ocultar-se para n\u00e3o ser apedrejado pelos judeus, como relatado no Evangelho de Jo\u00e3o<\/p>\n<p>\u201cOs judeus pegaram pela segunda vez em pedras para o apedrejar. Disse-lhes Jesus: Tenho-vos mostrado muitas obras boas da parte de meu Pai. Por qual dessas obras me apedrejais? (&#8230;). Procuraram ent\u00e3o prend\u00ea-lo, mas ele se esquivou das suas m\u00e3os. Ele se retirou novamente para al\u00e9m do Jord\u00e3o, para o lugar onde Jo\u00e3o come\u00e7ara a batizar, e l\u00e1 permaneceu.\u201d (Jo 10, 31-32.39-40).<\/p>\n<p><strong>Sexta-feira da Paix\u00e3o<\/strong><\/p>\n<p>Por\u00e9m na Sexta-feira da Paix\u00e3o as imagens cobertas novamente s\u00e3o descobertas e dadas aos fi\u00e9is que podem adorar o amor de Cristo que se manifestou na Cruz para nos salvar.<\/p>\n<p>Mas mais do que simplesmente cobrir as imagens ou velar, este tempo de sil\u00eancio e sobriedade deve ser para intensificar nossa vida em penit\u00eancia e meditar sobre o amor Infinito de Jesus Cristo o qual &#8220;amando os seus que estavam no mundo os amou at\u00e9 o fim&#8221;(Jo\u00e3o 13, 1).<\/p>\n<p><strong>\u00c9 obrigat\u00f3rio cobrir as imagens de santo neste per\u00edodo ?<\/strong><\/p>\n<p>Esta \u00e9 uma quest\u00e3o que pode ser respondid pela liturgia da Igreja. Por\u00e9m as rubricas do Missal de Paulo VI n\u00e3o preveem mais a obrigatoriedade de cobrir as imagens na quaresma.<\/p>\n<p>Sendo assim cobrir ou n\u00e3o as imagens de santos e \u00edcones cabe \u00e0s Confer\u00eancias Episcopais, que decidem a necessidade de se manter este costume em cada regi\u00e3o dependendo de sua cultura.<\/p>\n<p>J\u00e1 no Brasil como temos uma tradi\u00e7\u00e3o cat\u00f3lica mais antiga n\u00e3o h\u00e1 problemas em ser realizado.<\/p>\n<p>Foto: Acervo\/Portal Cat\u00f3lico<\/p>\n<div class=\"google-auto-placed ap_container\">&nbsp;<\/div>\n","protected":false},"excerpt":{"rendered":"<p>No per\u00edodo da quaresma ao irmos na igreja \u00e9 comum ver uma pr\u00e1tica de cobrir as imagens dos santos, hoje entenderemos o porqu\u00ea desta pr\u00e1tica. Por Que No Per\u00edodo Da Quaresma Os Santos Nas Igrejas Ficam Cobertos Por Panos Roxos? Existe um costume muito antigo na Igreja Cat\u00f3lica de cobrir as imagens dos santos no&nbsp;<\/p>\n<p><a class=\"btn btn-style\" href=\"http:\/\/portalcatolico.net\/portal\/cobrimos-as-imagens-sacras-na-semana-santa\/\">Continue Reading<\/a><\/p>\n","protected":false},"author":2,"featured_media":71803,"comment_status":"open","ping_status":"open","sticky":false,"template":"","format":"standard","meta":{"footnotes":""},"categories":[69],"tags":[],"class_list":["post-71785","post","type-post","status-publish","format-standard","has-post-thumbnail","hentry","category-artigos"],"_links":{"self":[{"href":"http:\/\/portalcatolico.net\/portal\/wp-json\/wp\/v2\/posts\/71785","targetHints":{"allow":["GET"]}}],"collection":[{"href":"http:\/\/portalcatolico.net\/portal\/wp-json\/wp\/v2\/posts"}],"about":[{"href":"http:\/\/portalcatolico.net\/portal\/wp-json\/wp\/v2\/types\/post"}],"author":[{"embeddable":true,"href":"http:\/\/portalcatolico.net\/portal\/wp-json\/wp\/v2\/users\/2"}],"replies":[{"embeddable":true,"href":"http:\/\/portalcatolico.net\/portal\/wp-json\/wp\/v2\/comments?post=71785"}],"version-history":[{"count":3,"href":"http:\/\/portalcatolico.net\/portal\/wp-json\/wp\/v2\/posts\/71785\/revisions"}],"predecessor-version":[{"id":71805,"href":"http:\/\/portalcatolico.net\/portal\/wp-json\/wp\/v2\/posts\/71785\/revisions\/71805"}],"wp:featuredmedia":[{"embeddable":true,"href":"http:\/\/portalcatolico.net\/portal\/wp-json\/wp\/v2\/media\/71803"}],"wp:attachment":[{"href":"http:\/\/portalcatolico.net\/portal\/wp-json\/wp\/v2\/media?parent=71785"}],"wp:term":[{"taxonomy":"category","embeddable":true,"href":"http:\/\/portalcatolico.net\/portal\/wp-json\/wp\/v2\/categories?post=71785"},{"taxonomy":"post_tag","embeddable":true,"href":"http:\/\/portalcatolico.net\/portal\/wp-json\/wp\/v2\/tags?post=71785"}],"curies":[{"name":"wp","href":"https:\/\/api.w.org\/{rel}","templated":true}]}}