{"id":71780,"date":"2021-04-01T14:49:55","date_gmt":"2021-04-01T17:49:55","guid":{"rendered":"http:\/\/portalcatolico.net\/portal\/?p=71780"},"modified":"2021-04-01T14:56:51","modified_gmt":"2021-04-01T17:56:51","slug":"o-papa-a-forca-da-vitoria-de-cristo-vence-o-mal-e-nos-liberta-do-maligno","status":"publish","type":"post","link":"http:\/\/portalcatolico.net\/portal\/o-papa-a-forca-da-vitoria-de-cristo-vence-o-mal-e-nos-liberta-do-maligno\/","title":{"rendered":"O Papa: a for\u00e7a da vit\u00f3ria de Cristo vence o mal e nos liberta do maligno"},"content":{"rendered":"<div class=\"article__subTitle\">Abra\u00e7ar a cruz &#8220;com Jesus e como Ele, nos permite discernir e repelir o veneno do esc\u00e2ndalo com que o dem\u00f4nio procurar\u00e1 envenenar-nos quando chegar inesperadamente uma cruz na nossa vida&#8221;, disse Francisco aos sacerdotes durante a Missa do Crisma, nesta Quinta-feira Santa.<\/div>\n<div>\n<p>O Papa Francisco presidiu a Missa do Crisma, com os sacerdotes de Roma, na Bas\u00edlica de S\u00e3o Pedro, na manh\u00e3 desta Quinta-feira Santa (01\/04).<\/p>\n<p>&#8220;No Evangelho, vemos uma mudan\u00e7a de sentimentos nas pessoas que escutavam o Senhor. \u00c9 uma mudan\u00e7a dram\u00e1tica que nos mostra qu\u00e3o ligadas est\u00e3o a persegui\u00e7\u00e3o e a cruz ao an\u00fancio do Evangelho. Uma frase que algu\u00e9m murmurou em voz baixa tornou-se insidiosamente \u00abviral\u00bb: \u00abN\u00e3o \u00e9 este o filho de Jos\u00e9?\u00bb&#8221;, disse o Pont\u00edfice em sua homilia.<\/p>\n<div>\n<div class=\"article__embed article__embed--unwrap article__embed--dark\">Segundo o Papa, &#8220;trata-se de uma daquelas frases amb\u00edguas que se dizem por dizer. Uma pessoa pode us\u00e1-la para exprimir alegria: \u00abQue maravilha ver algu\u00e9m de origens t\u00e3o humildes falar com esta autoridade!\u00bb Mas outra pode us\u00e1-la com desd\u00e9m: \u00abE isto, donde lhe veio? Que pensa ser?\u00bb Se notarmos bem, o caso repete-se quando os Ap\u00f3stolos, no dia de Pentecostes, cheios do Esp\u00edrito Santo, come\u00e7am a pregar o Evangelho. Algu\u00e9m disse: \u00abEsses que est\u00e3o a falar, n\u00e3o s\u00e3o todos galileus?\u00bb E enquanto alguns acolheram a Palavra, outros os consideraram b\u00eabados. Formalmente, parecia que se deixava em aberto uma escolha; mas, se considerarmos os frutos, naquele contexto concreto tais palavras continham um&nbsp;<b>germe de viol\u00eancia que se desencadeou contra Jesus<\/b>&#8220;.<\/div>\n<\/div>\n<\/div>\n<div class=\"title__separator\">\n<p><i>Como sempre faz, o Senhor n\u00e3o dialoga com o esp\u00edrito maligno; responde apenas com a Sagrada Escritura. Nem mesmo os profetas Elias e Eliseu foram aceitos pelos seus compatriotas, mas foram-no por uma vi\u00fava fen\u00edcia e um s\u00edrio leproso: dois estrangeiros, duas pessoas doutra religi\u00e3o. Os fatos s\u00e3o contundentes e provocam o efeito que profetizara aquele idoso carism\u00e1tico, o Sime\u00e3o: Jesus seria \u00absinal de contradi\u00e7\u00e3o\u00bb.<\/i><\/p>\n<h2>A luz suave da Palavra gera clareza nos cora\u00e7\u00f5es bem-dispostos<\/h2>\n<p>&#8220;A palavra de Jesus tem o poder de trazer \u00e0 luz aquilo que uma pessoa guarda no cora\u00e7\u00e3o, sendo habitualmente uma mistura de coisas como o joio e o trigo. E isto provoca luta espiritual&#8221;, sublinhou Francisco.<\/p>\n<p>&#8220;A rapidez com que se desencadeou a f\u00faria e a brutalidade do encarni\u00e7amento, capaz de matar o Senhor naquele preciso momento, nos mostra que \u00e9 sempre a hora&#8221;, disse o Papa aos sacerdotes, ressaltando que &#8220;andam juntas a hora do an\u00fancio jubiloso e a hora da persegui\u00e7\u00e3o e da cruz&#8221;. &#8220;A proclama\u00e7\u00e3o do Evangelho est\u00e1 sempre ligada ao abra\u00e7o duma cruz concreta. A luz suave da Palavra gera clareza nos cora\u00e7\u00f5es bem-dispostos, e confus\u00e3o e rejei\u00e7\u00e3o naqueles que o n\u00e3o est\u00e3o. Vemos isto constantemente no Evangelho&#8221;, frisou o Papa.<\/p>\n<h2>A cruz n\u00e3o depende das circunst\u00e2ncias<\/h2>\n<p>&#8220;Ora, a fim de \u00abtirar algum proveito\u00bb para a nossa vida sacerdotal, que reflex\u00e3o poderemos fazer ao contemplar esta presen\u00e7a precoce da cruz (da incompreens\u00e3o, da rejei\u00e7\u00e3o, da persegui\u00e7\u00e3o) no in\u00edcio e no meio da prega\u00e7\u00e3o evang\u00e9lica? V\u00eam-me \u00e0 mente&nbsp;<b>duas reflex\u00f5es<\/b>&#8220;, disse ainda Francisco.<\/p>\n<p>&#8220;<b>A primeira<\/b>: n\u00e3o nos deve maravilhar a constata\u00e7\u00e3o de estar presente a cruz na vida do Senhor no in\u00edcio de seu minist\u00e9rio, pois estava j\u00e1 antes do seu nascimento: j\u00e1 est\u00e1 presente no primeiro turbamento de Maria ao ouvir o an\u00fancio do Anjo; est\u00e1 presente nas ins\u00f3nias de Jos\u00e9, sentindo-se obrigado a abandonar a sua esposa prometida; est\u00e1 presente na persegui\u00e7\u00e3o de Herodes e nas agruras sofridas pela Sagrada Fam\u00edlia, iguais \u00e0s de tantas fam\u00edlias que t\u00eam de exilar-se da sua p\u00e1tria.&#8221;<\/p>\n<p><i>Esta realidade nos abre ao mist\u00e9rio da cruz experimentada antes. Faz-nos compreender que a cruz n\u00e3o \u00e9 um fato indutivo, ocasional produzido por uma conjuntura na vida do Senhor. \u00c9 verdade que todos os crucificadores da hist\u00f3ria fazem aparecer a cruz como um dano colateral, mas n\u00e3o \u00e9 assim: a cruz n\u00e3o depende das circunst\u00e2ncias.<\/i><\/p>\n<h2>Triunfo de Deus<\/h2>\n<p>&#8220;Por que o Senhor abra\u00e7ou a cruz em toda a sua integridade? Por que Jesus abra\u00e7ou a paix\u00e3o inteira: abra\u00e7ou a trai\u00e7\u00e3o e o abandono dos seus amigos j\u00e1 desde a \u00daltima Ceia, aceitou a pris\u00e3o ilegal, o julgamento sum\u00e1rio, a senten\u00e7a desproporcionada, a malvadez sem motivo das bofetadas e cuspidelas? perguntou o Papa. &#8220;Se as circunst\u00e2ncias determinassem o poder salv\u00edfico da cruz, o Senhor n\u00e3o teria abra\u00e7ado tudo. Mas quando chegou a sua hora, abra\u00e7ou a cruz inteira. Porque a cruz n\u00e3o tolera ambiguidade; com a cruz, n\u00e3o se regateia!&#8221;, disse ele.<\/p>\n<p><b>A segunda reflex\u00e3o<\/b>&nbsp;do Papa diz o seguinte: &#8220;\u00c9 verdade que h\u00e1 algo na cruz que \u00e9 parte integrante da nossa condi\u00e7\u00e3o humana, com os seus limites e fragilidades. Mas \u00e9 verdade tamb\u00e9m que, daquilo que acontece na cruz, h\u00e1 algo que n\u00e3o \u00e9 inerente \u00e0 nossa fragilidade, mas \u00e9 a mordida da serpente que, vendo o Crucificado indefeso, morde-O e tenta envenenar e desacreditar toda a sua obra. Mordida, que procura escandalizar, est\u00e1 \u00e9 uma \u00e9poca de esc\u00e2ndalo! Mordida que procura imobilizar e tornar est\u00e9ril e insignificante todo o servi\u00e7o e sacrif\u00edcio de amor pelos outros. \u00c9 o veneno do maligno que continua a insistir: salva-te a ti mesmo. Nesta mordida, cruel e dolorosa, que pretende ser mortal, aparece finalmente o triunfo de Deus.&#8221;<\/p>\n<h2>Cristo vence o mal e nos liberta do maligno<\/h2>\n<p>&#8220;Pe\u00e7amos ao Senhor a gra\u00e7a de tirar proveito destes ensinamentos: \u00e9 verdade que, no an\u00fancio do Evangelho, h\u00e1 cruz; mas \u00e9 uma cruz que salva. Pacificada com o Sangue de Jesus, \u00e9 uma cruz com a for\u00e7a da vit\u00f3ria de Cristo que vence o mal e nos liberta do maligno. Abra\u00e7\u00e1-la com Jesus e como Ele, nos permite discernir e repelir o veneno do esc\u00e2ndalo com que o dem\u00f4nio procurar\u00e1 envenenar-nos quando chegar inesperadamente uma cruz na nossa vida&#8221;, frisou o Pont\u00edfice.<\/p>\n<p>&#8220;N\u00f3s, por\u00e9m, n\u00e3o somos daqueles que cedem, \u00e9 o conselho que ele nos d\u00e1: N\u00e3o nos escandalizamos, porque Jesus n\u00e3o Se escandalizou ao ver que o seu jubiloso an\u00fancio de salva\u00e7\u00e3o aos pobres n\u00e3o ressoava puro, mas no meio dos gritos e amea\u00e7as de quem n\u00e3o queria ouvir a sua Palavra ou queriam reduzi-las a legalismos, moralismos, clericalismos e essas coisas&#8221;, disse ainda o Santo Padre.<\/p>\n<h2>A gra\u00e7a do Senhor segundo \u00e0&nbsp;sua maneira divina<\/h2>\n<p>O Papa concluiu sua homilia, partilhando uma lembran\u00e7a de momento muito escuro de sua vida. Eu pedia ao Senhor a gra\u00e7a de me libertar daquela situa\u00e7\u00e3o dura e dif\u00edcil. Uma vez, fui pregar o Retiro a algumas religiosas, que, no \u00faltimo dia \u2013 como era costume ent\u00e3o \u2013, se confessaram. Veio uma irm\u00e3 muito idosa, com olhos l\u00edmpidos, mesmo luminosos. Era uma mulher de Deus. No fim, senti vontade de lhe pedir que rezasse por mim, dizendo-lhe: \u00abIrm\u00e3, como penit\u00eancia reze por mim, porque preciso duma gra\u00e7a. Pe\u00e7a ao Senhor. Se for a Irm\u00e3 a pedi-la, com certeza o Senhor me la dar\u00e1\u00bb. Ela parou um pouco, como se estivesse rezando, me olhou e depois me disse: \u00abCertamente o Senhor lhe conceder\u00e1 a gra\u00e7a, mas n\u00e3o se engane: ele a dar\u00e1 segundo o seu modo divino\u00bb. Isto fez-me muito bem: ouvir que o Senhor nos d\u00e1 sempre o que lhe pedimos, mas o faz \u00e0 sua maneira divina. Esta maneira envolve a cruz. N\u00e3o por masoquismo, mas por amor, por amor at\u00e9 o fim&#8221;.<\/p>\n<p><iframe loading=\"lazy\"  id=\"_ytid_39888\"  width=\"480\" height=\"270\"  data-origwidth=\"480\" data-origheight=\"270\" src=\"https:\/\/www.youtube.com\/embed\/Njhe-yQHOpY?enablejsapi=1&#038;autoplay=0&#038;cc_load_policy=0&#038;cc_lang_pref=&#038;iv_load_policy=1&#038;loop=0&#038;rel=1&#038;fs=1&#038;playsinline=0&#038;autohide=2&#038;theme=dark&#038;color=red&#038;controls=1&#038;disablekb=0&#038;\" class=\"__youtube_prefs__  epyt-is-override  no-lazyload\" title=\"YouTube player\"  allow=\"fullscreen; accelerometer; autoplay; clipboard-write; encrypted-media; gyroscope; picture-in-picture; web-share\" referrerpolicy=\"strict-origin-when-cross-origin\" allowfullscreen data-no-lazy=\"1\" data-skipgform_ajax_framebjll=\"\"><\/iframe><\/p>\n<p>Veja a Missa do Crisma no Vaticano<\/p>\n<\/div>\n<div class=\"article__text \">\n<p><b>Com informa\u00e7\u00f5es&nbsp;da Vatican News<\/b><\/p>\n<\/div>\n","protected":false},"excerpt":{"rendered":"<p>Abra\u00e7ar a cruz &#8220;com Jesus e como Ele, nos permite discernir e repelir o veneno do esc\u00e2ndalo com que o dem\u00f4nio procurar\u00e1 envenenar-nos quando chegar inesperadamente uma cruz na nossa vida&#8221;, disse Francisco aos sacerdotes durante a Missa do Crisma, nesta Quinta-feira Santa. O Papa Francisco presidiu a Missa do Crisma, com os sacerdotes de&nbsp;<\/p>\n<p><a class=\"btn btn-style\" href=\"http:\/\/portalcatolico.net\/portal\/o-papa-a-forca-da-vitoria-de-cristo-vence-o-mal-e-nos-liberta-do-maligno\/\">Continue Reading<\/a><\/p>\n","protected":false},"author":2,"featured_media":71784,"comment_status":"open","ping_status":"open","sticky":false,"template":"","format":"standard","meta":{"footnotes":""},"categories":[5],"tags":[],"class_list":["post-71780","post","type-post","status-publish","format-standard","has-post-thumbnail","hentry","category-igreja_no_mundo"],"_links":{"self":[{"href":"http:\/\/portalcatolico.net\/portal\/wp-json\/wp\/v2\/posts\/71780","targetHints":{"allow":["GET"]}}],"collection":[{"href":"http:\/\/portalcatolico.net\/portal\/wp-json\/wp\/v2\/posts"}],"about":[{"href":"http:\/\/portalcatolico.net\/portal\/wp-json\/wp\/v2\/types\/post"}],"author":[{"embeddable":true,"href":"http:\/\/portalcatolico.net\/portal\/wp-json\/wp\/v2\/users\/2"}],"replies":[{"embeddable":true,"href":"http:\/\/portalcatolico.net\/portal\/wp-json\/wp\/v2\/comments?post=71780"}],"version-history":[{"count":3,"href":"http:\/\/portalcatolico.net\/portal\/wp-json\/wp\/v2\/posts\/71780\/revisions"}],"predecessor-version":[{"id":71783,"href":"http:\/\/portalcatolico.net\/portal\/wp-json\/wp\/v2\/posts\/71780\/revisions\/71783"}],"wp:featuredmedia":[{"embeddable":true,"href":"http:\/\/portalcatolico.net\/portal\/wp-json\/wp\/v2\/media\/71784"}],"wp:attachment":[{"href":"http:\/\/portalcatolico.net\/portal\/wp-json\/wp\/v2\/media?parent=71780"}],"wp:term":[{"taxonomy":"category","embeddable":true,"href":"http:\/\/portalcatolico.net\/portal\/wp-json\/wp\/v2\/categories?post=71780"},{"taxonomy":"post_tag","embeddable":true,"href":"http:\/\/portalcatolico.net\/portal\/wp-json\/wp\/v2\/tags?post=71780"}],"curies":[{"name":"wp","href":"https:\/\/api.w.org\/{rel}","templated":true}]}}