{"id":71759,"date":"2021-03-30T19:00:20","date_gmt":"2021-03-30T22:00:20","guid":{"rendered":"http:\/\/portalcatolico.net\/portal\/?p=71759"},"modified":"2021-03-30T19:01:43","modified_gmt":"2021-03-30T22:01:43","slug":"francisco-os-sacerdotes-devem-ter-um-olhar-de-ternura-reconciliacao-e-fraternidade","status":"publish","type":"post","link":"http:\/\/portalcatolico.net\/portal\/francisco-os-sacerdotes-devem-ter-um-olhar-de-ternura-reconciliacao-e-fraternidade\/","title":{"rendered":"Francisco: os sacerdotes devem ter um olhar de ternura, reconcilia\u00e7\u00e3o e fraternidade"},"content":{"rendered":"<div class=\"article__subTitle\">O Papa ressaltou \u00e0 comunidade do Pontif\u00edcio Col\u00e9gio Mexicano de Roma que os problemas atuais exigem dos sacerdotes a necessidade de se configurarem ao Senhor e ao olhar de amor com que Ele nos contempla. &#8220;Ao conformar o nosso olhar com o seu, o nosso se transforma em olhar de ternura, reconcilia\u00e7\u00e3o e fraternidade&#8221;, disse Francisco.<\/div>\n<div class=\"title__separator\">O Papa Francisco recebeu em audi\u00eancia nesta segunda-feira (29\/03), na Sala Clementina, no Vaticano, os membros da Comunidade do Pontif\u00edcio Col\u00e9gio Mexicano.<\/div>\n<div>\n<p>O Pont\u00edfice iniciou o seu discurso, recordando o seu encontro com o povo mexicano durante sua viagem apost\u00f3lica ao M\u00e9xico, em 2016, &#8220;que de certa forma se renova a cada ano com a celebra\u00e7\u00e3o da Solenidade de Nossa Senhora de Guadalupe aqui na Bas\u00edlica Vaticana&#8221;, disse ele.<\/p>\n<p>A seguir, Francisco ressaltou que os problemas atuais exigem dos sacerdotes a necessidade de se configurarem ao Senhor e ao olhar de amor com que Ele nos contempla. &#8220;Ao conformar o nosso olhar com o seu, o nosso se transforma em olhar de&nbsp;<b>ternura, reconcilia\u00e7\u00e3o e fraternidade<\/b>&#8220;, disse o Papa, destacando esses tr\u00eas pontos.<\/p>\n<p><strong>Aut\u00eantica compaix\u00e3o<\/strong><\/p>\n<p>O primeiro, &#8220;a necessidade de ter um&nbsp;<b>olhar de ternura<\/b>&nbsp;com que nosso Deus Pai v\u00ea os problemas que afligem a sociedade: viol\u00eancia, desigualdades sociais e econ\u00f4micas, polariza\u00e7\u00e3o, corrup\u00e7\u00e3o e falta de esperan\u00e7a, especialmente entre os jovens&#8221;. &#8220;A configura\u00e7\u00e3o cada vez mais profunda com o Bom Pastor desperta em cada sacerdote uma aut\u00eantica compaix\u00e3o, tanto pelas ovelhas a ele confiadas quanto por aquelas que se extraviaram. Somente deixando-nos moldar por Ele se intensifica a nossa caridade pastoral, onde ningu\u00e9m \u00e9 exclu\u00eddo de nossa solicitude e ora\u00e7\u00e3o&#8221;, sublinhou Francisco.<\/p>\n<p><strong>Comprometer-se com o restabelecimento da justi\u00e7a<\/strong><\/p>\n<p>Em segundo lugar, o Papa destacou que &#8220;\u00e9 preciso ter um&nbsp;<b>olhar de reconcilia\u00e7\u00e3o<\/b>&#8220;.<\/p>\n<p><i>As dificuldades sociais que estamos atravessando, as enormes diferen\u00e7as e a corrup\u00e7\u00e3o exigem de n\u00f3s um olhar que nos torne capazes de tecer juntos os v\u00e1rios fios que se fragilizaram ou foram cortados na tilma multicolorida de culturas que comp\u00f5em o tecido social e religioso da na\u00e7\u00e3o, prestando aten\u00e7\u00e3o, sobretudo, \u00e0queles que foram descartados por causa de suas ra\u00edzes ind\u00edgenas ou de sua particular religiosidade popular. N\u00f3s pastores somos chamados a ajudar a reconstruir rela\u00e7\u00f5es respeitosas e construtivas entre pessoas, grupos humanos e culturas dentro da sociedade, propondo a todos &#8220;deixar-se reconciliar por Deus&#8221; e comprometer-se com o restabelecimento da justi\u00e7a.<\/i><\/p>\n<p><strong>Um olhar que facilite a comunh\u00e3o<\/strong><\/p>\n<p>Por fim, &#8220;o nosso tempo atual nos impele a ter uma&nbsp;<b>vis\u00e3o de fraternidade<\/b>. Os desafios que enfrentamos s\u00e3o de tal magnitude que abrangem o tecido social e a realidade globalizada interconectada pelas redes sociais e os meios de comunica\u00e7\u00e3o. Por isso, junto com Cristo, Servo e Pastor, devemos ser capazes de ter uma vis\u00e3o de conjunto e unidade, que nos impulsiona a criar fraternidade, que nos permite evidenciar os pontos de conex\u00e3o e intera\u00e7\u00e3o no cora\u00e7\u00e3o das culturas e na comunidade eclesial&#8221;.<\/p>\n<p><i>Um olhar que facilite a comunh\u00e3o e a participa\u00e7\u00e3o fraterna, que anime e oriente os fi\u00e9is a respeitarem a nossa Casa comum e serem construtores de um mundo novo, em colabora\u00e7\u00e3o com todos os homens e mulheres de boa vontade. Para ser assim, precisamos da luz da f\u00e9 e da sabedoria de quem sabe \u201ctirar as sand\u00e1lias\u201d para contemplar o mist\u00e9rio de Deus e, desse ponto de vista, ler os sinais dos tempos.<\/i><\/p>\n<p><strong>N\u00e3o subestimar as tenta\u00e7\u00f5es mundanas<\/strong><\/p>\n<p>Segundo o Papa, &#8220;\u00e9 fundamental harmonizar na forma\u00e7\u00e3o permanente as dimens\u00f5es acad\u00eamica, espiritual, humana e pastoral. Ao mesmo tempo, precisamos nos conscientizar de nossas defici\u00eancias pessoais e comunit\u00e1rias, bem como das neglig\u00eancias e faltas que temos que corrigir em nossa vida. Somos chamados a n\u00e3o subestimar as tenta\u00e7\u00f5es mundanas que podem levar a um conhecimento pessoal insuficiente, a atitudes autorreferenciais, ao consumismo e \u00e0s v\u00e1rias formas de evas\u00e3o de nossas responsabilidades&#8221;.<\/p>\n<p>O Papa concluiu, pedindo a Nossa Senhora de Guadalupe e a S\u00e3o Jos\u00e9 para que cuidem de todo o Clero do M\u00e9xico e da comunidade do Pontif\u00edcio Col\u00e9gio Mexicano.<\/p>\n<\/div>\n<div class=\"article__text \">\n<p><b>Por Mariangela Jaguraba &#8211; Vatican News<\/b><\/p>\n<\/div>\n","protected":false},"excerpt":{"rendered":"<p>O Papa ressaltou \u00e0 comunidade do Pontif\u00edcio Col\u00e9gio Mexicano de Roma que os problemas atuais exigem dos sacerdotes a necessidade de se configurarem ao Senhor e ao olhar de amor com que Ele nos contempla. &#8220;Ao conformar o nosso olhar com o seu, o nosso se transforma em olhar de ternura, reconcilia\u00e7\u00e3o e fraternidade&#8221;, disse&nbsp;<\/p>\n<p><a class=\"btn btn-style\" href=\"http:\/\/portalcatolico.net\/portal\/francisco-os-sacerdotes-devem-ter-um-olhar-de-ternura-reconciliacao-e-fraternidade\/\">Continue Reading<\/a><\/p>\n","protected":false},"author":2,"featured_media":71760,"comment_status":"open","ping_status":"open","sticky":false,"template":"","format":"standard","meta":{"footnotes":""},"categories":[5],"tags":[],"class_list":["post-71759","post","type-post","status-publish","format-standard","has-post-thumbnail","hentry","category-igreja_no_mundo"],"_links":{"self":[{"href":"http:\/\/portalcatolico.net\/portal\/wp-json\/wp\/v2\/posts\/71759","targetHints":{"allow":["GET"]}}],"collection":[{"href":"http:\/\/portalcatolico.net\/portal\/wp-json\/wp\/v2\/posts"}],"about":[{"href":"http:\/\/portalcatolico.net\/portal\/wp-json\/wp\/v2\/types\/post"}],"author":[{"embeddable":true,"href":"http:\/\/portalcatolico.net\/portal\/wp-json\/wp\/v2\/users\/2"}],"replies":[{"embeddable":true,"href":"http:\/\/portalcatolico.net\/portal\/wp-json\/wp\/v2\/comments?post=71759"}],"version-history":[{"count":1,"href":"http:\/\/portalcatolico.net\/portal\/wp-json\/wp\/v2\/posts\/71759\/revisions"}],"predecessor-version":[{"id":71761,"href":"http:\/\/portalcatolico.net\/portal\/wp-json\/wp\/v2\/posts\/71759\/revisions\/71761"}],"wp:featuredmedia":[{"embeddable":true,"href":"http:\/\/portalcatolico.net\/portal\/wp-json\/wp\/v2\/media\/71760"}],"wp:attachment":[{"href":"http:\/\/portalcatolico.net\/portal\/wp-json\/wp\/v2\/media?parent=71759"}],"wp:term":[{"taxonomy":"category","embeddable":true,"href":"http:\/\/portalcatolico.net\/portal\/wp-json\/wp\/v2\/categories?post=71759"},{"taxonomy":"post_tag","embeddable":true,"href":"http:\/\/portalcatolico.net\/portal\/wp-json\/wp\/v2\/tags?post=71759"}],"curies":[{"name":"wp","href":"https:\/\/api.w.org\/{rel}","templated":true}]}}