{"id":71754,"date":"2021-03-30T18:56:15","date_gmt":"2021-03-30T21:56:15","guid":{"rendered":"http:\/\/portalcatolico.net\/portal\/?p=71754"},"modified":"2021-03-30T18:57:39","modified_gmt":"2021-03-30T21:57:39","slug":"padre-mauricio-jardim-tem-mandato-renovado-para-a-direcao-nacional-das-pom","status":"publish","type":"post","link":"http:\/\/portalcatolico.net\/portal\/padre-mauricio-jardim-tem-mandato-renovado-para-a-direcao-nacional-das-pom\/","title":{"rendered":"Padre Maur\u00edcio Jardim tem mandato renovado para a dire\u00e7\u00e3o nacional das POM"},"content":{"rendered":"<div class=\"article__subTitle\">Em entrevista, padre Maur\u00edcio fala sobre as expectativas para os pr\u00f3ximos 5 anos e tamb\u00e9m as experi\u00eancias que marcaram sua caminhada at\u00e9 este momento.<\/div>\n<div>A Congrega\u00e7\u00e3o para a Evangeliza\u00e7\u00e3o dos Povos, dicast\u00e9rio da C\u00faria Romana, reconfirmou padre Maur\u00edcio da Silva Jardim, 51 anos, do clero da Arquidiocese de Porto Alegre (RS), como diretor das Pontif\u00edcias Obras Mission\u00e1rias (POM) no Brasil, para os pr\u00f3ximos cinco anos (2021-2026). Nesta entrevista, Pe. Maur\u00edcio fala sobre as expectativas para os pr\u00f3ximos 5 anos e tamb\u00e9m as experi\u00eancias que marcaram sua caminhada at\u00e9 este momento.<\/div>\n<div class=\"title__separator\">\n<p><b>POM: Padre Maur\u00edcio, como recebeu a not\u00edcia da sua recondu\u00e7\u00e3o como diretor das POM no Brasil para os pr\u00f3ximos cinco anos (2021-2026)?<\/b><br \/>\nPe. Maur\u00edcio: O processo de escolha para o diretor das POM segue algumas etapas. A Congrega\u00e7\u00e3o para a Evangeliza\u00e7\u00e3o dos Povos e o presidente internacional das POM em Roma solicita \u00e0 presid\u00eancia da CNBB, atrav\u00e9s da nunciatura apost\u00f3lica, uma terna com nomes e curr\u00edculos dos poss\u00edveis candidatos(as). Depois do envio da lista tr\u00edplice, a Congrega\u00e7\u00e3o envia o Decreto de nomea\u00e7\u00e3o \u00e0 nunciatura, que transmite \u00e0 presid\u00eancia da CNBB e \u00e0 autoridade respons\u00e1vel do candidato. Recebi a comunica\u00e7\u00e3o na \u00faltima sexta-feira, dia 26, atrav\u00e9s de Dom Jaime Spengler, arcebispo de Porto Alegre, e do presidente da Comiss\u00e3o Episcopal Pastoral para a A\u00e7\u00e3o Mission\u00e1ria e Coopera\u00e7\u00e3o Intereclesial da CNBB, Dom Odelir Jos\u00e9 Magri.<\/p>\n<p><img loading=\"lazy\" decoding=\"async\" class=\"alignnone wp-image-71755\" src=\"http:\/\/portalcatolico.net\/portal\/wp-content\/uploads\/2021\/03\/cq5dam.thumbnail.cropped.750.422-2-1-300x169.jpeg\" alt=\"\" width=\"812\" height=\"457\" srcset=\"http:\/\/portalcatolico.net\/portal\/wp-content\/uploads\/2021\/03\/cq5dam.thumbnail.cropped.750.422-2-1-300x169.jpeg 300w, http:\/\/portalcatolico.net\/portal\/wp-content\/uploads\/2021\/03\/cq5dam.thumbnail.cropped.750.422-2-1.jpeg 750w\" sizes=\"auto, (max-width: 812px) 100vw, 812px\" \/><\/p>\n<div>\n<div class=\"article__embed article__embed--unwrap article__embed--photo\">\n<figure><picture><source srcset=\"\/content\/dam\/vaticannews\/multimedia\/2021\/03\/30\/Padre-Mauricio.jpg\/_jcr_content\/renditions\/cq5dam.thumbnail.cropped.1500.844.jpeg 2x, \/content\/dam\/vaticannews\/multimedia\/2021\/03\/30\/Padre-Mauricio.jpg\/_jcr_content\/renditions\/cq5dam.thumbnail.cropped.750.422.jpeg 1x\" media=\"(min-width: 1024px)\" data-original-set=\"\/content\/dam\/vaticannews\/multimedia\/2021\/03\/30\/Padre-Mauricio.jpg\/_jcr_content\/renditions\/cq5dam.thumbnail.cropped.1500.844.jpeg 2x, \/content\/dam\/vaticannews\/multimedia\/2021\/03\/30\/Padre-Mauricio.jpg\/_jcr_content\/renditions\/cq5dam.thumbnail.cropped.750.422.jpeg 1x\"><source srcset=\"\/content\/dam\/vaticannews\/multimedia\/2021\/03\/30\/Padre-Mauricio.jpg\/_jcr_content\/renditions\/cq5dam.thumbnail.cropped.1000.563.jpeg 2x, \/content\/dam\/vaticannews\/multimedia\/2021\/03\/30\/Padre-Mauricio.jpg\/_jcr_content\/renditions\/cq5dam.thumbnail.cropped.500.281.jpeg 1x\" media=\"(min-width: 768px)\" data-original-set=\"\/content\/dam\/vaticannews\/multimedia\/2021\/03\/30\/Padre-Mauricio.jpg\/_jcr_content\/renditions\/cq5dam.thumbnail.cropped.1000.563.jpeg 2x, \/content\/dam\/vaticannews\/multimedia\/2021\/03\/30\/Padre-Mauricio.jpg\/_jcr_content\/renditions\/cq5dam.thumbnail.cropped.500.281.jpeg 1x\"><source srcset=\"\/content\/dam\/vaticannews\/multimedia\/2021\/03\/30\/Padre-Mauricio.jpg\/_jcr_content\/renditions\/cq5dam.thumbnail.cropped.500.281.jpeg\" data-original-set=\"\/content\/dam\/vaticannews\/multimedia\/2021\/03\/30\/Padre-Mauricio.jpg\/_jcr_content\/renditions\/cq5dam.thumbnail.cropped.500.281.jpeg\"><\/picture><\/figure>\n<div class=\"photo_embed--Title\"><strong>Padre Maur\u00edcio Jardim com o Papa Francisco<\/strong><\/div>\n<\/div>\n<\/div>\n<p><b>POM: Quais as suas expectativas para dar continuidade \u00e0 miss\u00e3o na dire\u00e7\u00e3o das POM?<\/b><br \/>\nPe. Maur\u00edcio: H\u00e1 cinco anos, quando dava o sim para a dire\u00e7\u00e3o das POM, o sentimento era diferente. N\u00e3o imaginava a dimens\u00e3o deste servi\u00e7o nacional, mas sabia que era necess\u00e1rio mudar de estado e de fun\u00e7\u00e3o. Hoje mais consciente e realista, estou ciente dos desafios para os pr\u00f3ximos anos, destaco tr\u00eas:<br \/>\n1. Tornar \u00e0s POM mais conhecida. Segundo o Papa Francisco, as POM ainda s\u00e3o pouco conhecidas, e por isso precisamos continuar neste caminho de estar \u00e0 servi\u00e7o das Igrejas locais, atrav\u00e9s das Obras: Propaga\u00e7\u00e3o da F\u00e9, com atividades junto \u00e0s Fam\u00edlias Mission\u00e1rias, Juventude Mission\u00e1ria e Idosos e Enfermos Mission\u00e1rios; Inf\u00e2ncia e Adolesc\u00eancia Mission\u00e1ria (IAM) e Pontif\u00edcia Uni\u00e3o Mission\u00e1ria que atuam diretamente na forma\u00e7\u00e3o mission\u00e1ria de todo o povo de Deus, com destaque \u00e0 forma\u00e7\u00e3o inicial e permanente do clero e da vida consagrada. Neste sentido das POM de se tornar mais conhecida, como obras mission\u00e1rias do Papa, alguns passos j\u00e1 foram dados, mas necessitam ser ampliados.<br \/>\n2. A renova\u00e7\u00e3o das POM. Estando presente em 130 pa\u00edses, as POM vivem um processo de renova\u00e7\u00e3o, tendo como objetivo voltar \u00e0s fontes do seu carisma fundacional, iniciado com a leiga Pauline Jaricot. Dentro deste caminho de renova\u00e7\u00e3o, em 2022 iremos celebrar tr\u00eas importantes anivers\u00e1rios. Quatrocentos anos de cria\u00e7\u00e3o da \u201cPropaganda Fidei\u201d (1622) hoje Congrega\u00e7\u00e3o para a Evangeliza\u00e7\u00e3o dos Povos; duzentos anos de nascimento da Obra da Propaga\u00e7\u00e3o da F\u00e9 com Pauline Jaricot (1822) e cem anos que o Papa Pio XI fez a eleva\u00e7\u00e3o das tr\u00eas primeiras obras ao car\u00e1ter pontif\u00edcio (1922). Ser\u00e1 um tempo oportuno de aprofundar a natureza e o carisma das POM; rever suas estruturas atuais e a\u00e7\u00f5es necess\u00e1rias de renova\u00e7\u00e3o.<br \/>\n3. O caminho sinodal. As POM caminham junto e em comunh\u00e3o com a Igreja do Brasil, atrav\u00e9s do Conselho Mission\u00e1rio Nacional (COMINA); dos Conselhos Mission\u00e1rios nos regionais, COMIREs e nas dioceses atrav\u00e9s dos COMIDIs. Juntos, estamos na fase de implanta\u00e7\u00e3o do Programa Mission\u00e1rio Nacional (PMN) com suas quatro prioridades: Forma\u00e7\u00e3o, Anima\u00e7\u00e3o Mission\u00e1ria, Miss\u00e3o Ad Gentes e Compromisso prof\u00e9tico social. O Programa est\u00e1 em sua fase de implementa\u00e7\u00e3o acolhendo as contribui\u00e7\u00f5es dos quatro grupos de trabalho. O PMN, embora aprovado para quatro anos (2019-2023), com suas prioridades, projetos e a\u00e7\u00f5es, dar\u00e1 norte no caminho mission\u00e1rio para todas as for\u00e7as vivas da Igreja do Brasil.<\/p>\n<p><b>POM: Como as POM pode contribuir para despertar em medida maior a consci\u00eancia da Miss\u00e3o Ad Gentes?<\/b><br \/>\nPe. Maur\u00edcio: As POM s\u00e3o uma rede mundial de ora\u00e7\u00e3o e solidariedade que apoia o Papa no seu compromisso mission\u00e1rio com todas as Igrejas Particulares, esta \u00e9 a sua identidade. Existem para \u201cpromover o esp\u00edrito mission\u00e1rio universal em todo povo de Deus\u201d, CM,5), este \u00e9 seu objetivo. Neste sentido, creio que no Brasil crescemos na consci\u00eancia mission\u00e1ria, sobretudo no \u00e2mbito da pastoral ordin\u00e1ria, precisando dar muitos passos no compromisso mission\u00e1rio al\u00e9m-fronteiras, no \u00e2mbito da coopera\u00e7\u00e3o Ad Gentes. Temos apensas tr\u00eas regionais da CNBB como projeto Ad Gentes que enviam mission\u00e1rios para Mo\u00e7ambique e Guin\u00e9 Bissau, atrav\u00e9s dos regionais Sul I, Sul II e Sul III. Outro projeto, assumido pelos bispos desde 1972, \u00e9 o projeto Igrejas Irm\u00e3s, onde cada diocese d\u00e1 de sua pobreza para cooperar na miss\u00e3o al\u00e9m-fronteiras. Destaco tamb\u00e9m a import\u00e2ncia da Campanha Mission\u00e1ria, que no m\u00eas de outubro recorda \u00e0 Igreja sua natureza mission\u00e1ria, tendo o compromisso concreto de intensificar a ora\u00e7\u00e3o e a ajuda material \u00e0s Igrejas mais necessitadas do mundo.<\/p>\n<p><strong><img loading=\"lazy\" decoding=\"async\" class=\"alignnone wp-image-71756\" src=\"http:\/\/portalcatolico.net\/portal\/wp-content\/uploads\/2021\/03\/cq5dam.thumbnail.cropped.750.422-3-1-300x169.jpeg\" alt=\"\" width=\"817\" height=\"460\" srcset=\"http:\/\/portalcatolico.net\/portal\/wp-content\/uploads\/2021\/03\/cq5dam.thumbnail.cropped.750.422-3-1-300x169.jpeg 300w, http:\/\/portalcatolico.net\/portal\/wp-content\/uploads\/2021\/03\/cq5dam.thumbnail.cropped.750.422-3-1.jpeg 750w\" sizes=\"auto, (max-width: 817px) 100vw, 817px\" \/><\/strong><\/p>\n<div>\n<div class=\"article__embed article__embed--unwrap article__embed--photo\">\n<figure><picture><source srcset=\"\/content\/dam\/vaticannews\/multimedia\/2021\/03\/30\/PADRE-MAURICIO-JARDIM.jpg\/_jcr_content\/renditions\/cq5dam.thumbnail.cropped.1500.844.jpeg 2x, \/content\/dam\/vaticannews\/multimedia\/2021\/03\/30\/PADRE-MAURICIO-JARDIM.jpg\/_jcr_content\/renditions\/cq5dam.thumbnail.cropped.750.422.jpeg 1x\" media=\"(min-width: 1024px)\" data-original-set=\"\/content\/dam\/vaticannews\/multimedia\/2021\/03\/30\/PADRE-MAURICIO-JARDIM.jpg\/_jcr_content\/renditions\/cq5dam.thumbnail.cropped.1500.844.jpeg 2x, \/content\/dam\/vaticannews\/multimedia\/2021\/03\/30\/PADRE-MAURICIO-JARDIM.jpg\/_jcr_content\/renditions\/cq5dam.thumbnail.cropped.750.422.jpeg 1x\"><source srcset=\"\/content\/dam\/vaticannews\/multimedia\/2021\/03\/30\/PADRE-MAURICIO-JARDIM.jpg\/_jcr_content\/renditions\/cq5dam.thumbnail.cropped.1000.563.jpeg 2x, \/content\/dam\/vaticannews\/multimedia\/2021\/03\/30\/PADRE-MAURICIO-JARDIM.jpg\/_jcr_content\/renditions\/cq5dam.thumbnail.cropped.500.281.jpeg 1x\" media=\"(min-width: 768px)\" data-original-set=\"\/content\/dam\/vaticannews\/multimedia\/2021\/03\/30\/PADRE-MAURICIO-JARDIM.jpg\/_jcr_content\/renditions\/cq5dam.thumbnail.cropped.1000.563.jpeg 2x, \/content\/dam\/vaticannews\/multimedia\/2021\/03\/30\/PADRE-MAURICIO-JARDIM.jpg\/_jcr_content\/renditions\/cq5dam.thumbnail.cropped.500.281.jpeg 1x\"><source srcset=\"\/content\/dam\/vaticannews\/multimedia\/2021\/03\/30\/PADRE-MAURICIO-JARDIM.jpg\/_jcr_content\/renditions\/cq5dam.thumbnail.cropped.500.281.jpeg\" data-original-set=\"\/content\/dam\/vaticannews\/multimedia\/2021\/03\/30\/PADRE-MAURICIO-JARDIM.jpg\/_jcr_content\/renditions\/cq5dam.thumbnail.cropped.500.281.jpeg\"><\/picture><\/figure>\n<div class=\"photo_embed--Title\"><strong>Padre Maur\u00edcio Jardim<\/strong><\/div>\n<\/div>\n<\/div>\n<p><b>POM: Nestes cinco anos na dire\u00e7\u00e3o das POM, qual experi\u00eancia destaca?<\/b><br \/>\nPe. Maur\u00edcio: Al\u00e9m do servi\u00e7o administrativo e burocr\u00e1tico da fun\u00e7\u00e3o de diretor, foram muitas surpresas e experi\u00eancias significativas nos \u00faltimos cinco anos. Torna-se dif\u00edcil destacar um fato. Sempre me marcaram as visitas e forma\u00e7\u00f5es mission\u00e1rias aos regionais e arqui (dioceses) do pa\u00eds, como tamb\u00e9m as visitas em outros pa\u00edses, onde est\u00e3o as mission\u00e1rias e os mission\u00e1rios brasileiros. Recordo a visita ao Haiti, Mo\u00e7ambique, Bol\u00edvia, M\u00e9xico, Filipinas e \u00cdndia. Foram ocasi\u00f5es para experimentar a beleza da miss\u00e3o ad gentes e a proximidade com as pessoas. Os encontros anuais com o Papa Francisco na Assembleia Geral das POM e a participa\u00e7\u00e3o no s\u00ednodo para Amaz\u00f4nia foram tamb\u00e9m momentos marcantes. Ter a oportunidade da proximidade com o Papa, ouvi-lo, saud\u00e1-lo e dialogar com ele foi surpreendente e animador. Estar neste servi\u00e7o \u00e9 uma gra\u00e7a que amplia a compreens\u00e3o do ser Igreja e os horizontes da miss\u00e3o que n\u00e3o se esgota em atividades, mas toca nosso ser em todas as suas dimens\u00f5es, pois a miss\u00e3o \u00e9 permanente e n\u00e3o se reduz a uma dimens\u00e3o ou em atividades. \u201cA Igreja \u00e9 mission\u00e1ria por sua pr\u00f3pria natureza\u201d (AG,2).<br \/>\nAgrade\u00e7o a ora\u00e7\u00e3o e apoio de todas as pessoas que encontrei ao longo destes cinco anos e pe\u00e7o que continuem rezando por mim e caminhando junto no pr\u00f3ximo quinqu\u00eanio. Que a for\u00e7a do evento Pascal, donde brota toda vitalidade e paix\u00e3o mission\u00e1ria nos contagie para sermos \u201ctestemunhas at\u00e9 os confins do mundo\u201d (At 1,8).<\/p>\n<p><b>Fonte: POM\/Vatican News<\/b><\/p>\n<p><iframe loading=\"lazy\"  id=\"_ytid_23778\"  width=\"480\" height=\"270\"  data-origwidth=\"480\" data-origheight=\"270\" src=\"https:\/\/www.youtube.com\/embed\/p5E6G9olhYg?enablejsapi=1&#038;autoplay=0&#038;cc_load_policy=0&#038;cc_lang_pref=&#038;iv_load_policy=1&#038;loop=0&#038;rel=1&#038;fs=1&#038;playsinline=0&#038;autohide=2&#038;theme=dark&#038;color=red&#038;controls=1&#038;disablekb=0&#038;\" class=\"__youtube_prefs__  epyt-is-override  no-lazyload\" title=\"YouTube player\"  allow=\"fullscreen; accelerometer; autoplay; clipboard-write; encrypted-media; gyroscope; picture-in-picture; web-share\" referrerpolicy=\"strict-origin-when-cross-origin\" allowfullscreen data-no-lazy=\"1\" data-skipgform_ajax_framebjll=\"\"><\/iframe><\/p>\n<\/div>\n<div class=\"article__text \">\n<p>&nbsp;<\/p>\n<\/div>\n","protected":false},"excerpt":{"rendered":"<p>Em entrevista, padre Maur\u00edcio fala sobre as expectativas para os pr\u00f3ximos 5 anos e tamb\u00e9m as experi\u00eancias que marcaram sua caminhada at\u00e9 este momento. A Congrega\u00e7\u00e3o para a Evangeliza\u00e7\u00e3o dos Povos, dicast\u00e9rio da C\u00faria Romana, reconfirmou padre Maur\u00edcio da Silva Jardim, 51 anos, do clero da Arquidiocese de Porto Alegre (RS), como diretor das Pontif\u00edcias&nbsp;<\/p>\n<p><a class=\"btn btn-style\" href=\"http:\/\/portalcatolico.net\/portal\/padre-mauricio-jardim-tem-mandato-renovado-para-a-direcao-nacional-das-pom\/\">Continue Reading<\/a><\/p>\n","protected":false},"author":2,"featured_media":71757,"comment_status":"open","ping_status":"open","sticky":false,"template":"","format":"standard","meta":{"footnotes":""},"categories":[5],"tags":[],"class_list":["post-71754","post","type-post","status-publish","format-standard","has-post-thumbnail","hentry","category-igreja_no_mundo"],"_links":{"self":[{"href":"http:\/\/portalcatolico.net\/portal\/wp-json\/wp\/v2\/posts\/71754","targetHints":{"allow":["GET"]}}],"collection":[{"href":"http:\/\/portalcatolico.net\/portal\/wp-json\/wp\/v2\/posts"}],"about":[{"href":"http:\/\/portalcatolico.net\/portal\/wp-json\/wp\/v2\/types\/post"}],"author":[{"embeddable":true,"href":"http:\/\/portalcatolico.net\/portal\/wp-json\/wp\/v2\/users\/2"}],"replies":[{"embeddable":true,"href":"http:\/\/portalcatolico.net\/portal\/wp-json\/wp\/v2\/comments?post=71754"}],"version-history":[{"count":1,"href":"http:\/\/portalcatolico.net\/portal\/wp-json\/wp\/v2\/posts\/71754\/revisions"}],"predecessor-version":[{"id":71758,"href":"http:\/\/portalcatolico.net\/portal\/wp-json\/wp\/v2\/posts\/71754\/revisions\/71758"}],"wp:featuredmedia":[{"embeddable":true,"href":"http:\/\/portalcatolico.net\/portal\/wp-json\/wp\/v2\/media\/71757"}],"wp:attachment":[{"href":"http:\/\/portalcatolico.net\/portal\/wp-json\/wp\/v2\/media?parent=71754"}],"wp:term":[{"taxonomy":"category","embeddable":true,"href":"http:\/\/portalcatolico.net\/portal\/wp-json\/wp\/v2\/categories?post=71754"},{"taxonomy":"post_tag","embeddable":true,"href":"http:\/\/portalcatolico.net\/portal\/wp-json\/wp\/v2\/tags?post=71754"}],"curies":[{"name":"wp","href":"https:\/\/api.w.org\/{rel}","templated":true}]}}