{"id":71730,"date":"2021-03-27T13:44:27","date_gmt":"2021-03-27T16:44:27","guid":{"rendered":"http:\/\/portalcatolico.net\/portal\/?p=71730"},"modified":"2021-03-29T13:49:31","modified_gmt":"2021-03-29T16:49:31","slug":"neste-domingo-a-igreja-catolica-da-inicio-a-semana-santa","status":"publish","type":"post","link":"http:\/\/portalcatolico.net\/portal\/neste-domingo-a-igreja-catolica-da-inicio-a-semana-santa\/","title":{"rendered":"Neste domingo, a Igreja Cat\u00f3lica d\u00e1 in\u00edcio \u00e0 Semana Santa!"},"content":{"rendered":"<p style=\"font-weight: 400;\">A Igreja Cat\u00f3lica Apost\u00f3lica Romana vive a semana mais importante dentro&nbsp;do seu calend\u00e1rio lit\u00fargico: a Semana Santa, que marca os principais acontecimentos da vida de Jesus e que s\u00e3o celebrados at\u00e9 hoje dentro da tradi\u00e7\u00e3o da Igreja. De Domingo de Ramos ao Domingo de P\u00e1scoa, todas as&nbsp;Par\u00f3quias realizam as celebra\u00e7\u00f5es pr\u00f3prias deste tempo.&nbsp;&nbsp;<\/p>\n<p><strong>O Domingo de Ramos nos ensina que seguir Cristo \u00e9 renunciarmos a n\u00f3s mesmos.&nbsp;<\/strong><\/p>\n<p style=\"font-weight: 400;\">A Semana Santa come\u00e7a no Domingo de Ramos, porque celebra a entrada de Jesus em Jerusal\u00e9m montado em um jumentinho \u2013 o s\u00edmbolo da humildade \u2013 e aclamado pelo povo simples que O aplaudia como &#8220;Aquele que vem em nome do Senhor&#8221;. Esse povo, h\u00e1 poucos dias, tinha visto Jesus&nbsp;ressuscitar&nbsp;L\u00e1zaro de Bet\u00e2nia e estava maravilhado, pois tinha a certeza de que esse era o Messias anunciado pelos profetas, mas, esse mesmo povo tinha se enganado com tipo de Messias que Cristo era. Pensava que, fosse um Messias pol\u00edtico, libertador social, que fosse arrancar Israel das garras de Roma e devolver-lhe o apogeu dos tempos de Salom\u00e3o.&nbsp;<\/p>\n<p style=\"font-weight: 400;\">Para deixar claro a este povo que Ele n\u00e3o era um Messias temporal e pol\u00edtico, um libertador ef\u00eamero, e sim, o grande Libertador do&nbsp;pecado,&nbsp;a raiz de todos os males, ent\u00e3o, o Senhor entra na grande cidade, a Jerusal\u00e9m dos patriarcas e dos reis sagrados, montado em um jumentinho; express\u00e3o da pequenez terrena. Ele n\u00e3o \u00e9 um Rei deste mundo! Dessa forma, o Domingo de Ramos d\u00e1 o in\u00edcio \u00e0 Semana Santa, que mistura os gritos de hosanas com os clamores da Paix\u00e3o de Cristo. O povo acolheu Jesus abanando seus ramos de oliveiras e palmeiras.&nbsp;<\/p>\n<p style=\"font-weight: 400;\">Esses ramos significam a vit\u00f3ria: &#8220;Hosana ao Filho de Davi: bendito seja o que vem em nome do Senhor, o Rei de Israel; hosana nas alturas&#8221;. Os ramos santos nos fazem lembrar que somos batizados, filhos de Deus, membros de Cristo, participantes da&nbsp;Igreja,&nbsp;defensores da f\u00e9 cat\u00f3lica, especialmente nestes tempos dif\u00edceis em que essa \u00e9 desvalorizada e espezinhada. Os ramos sagrados que levamos para nossas casas, ap\u00f3s a Missa, lembram-nos de que estamos unidos a Cristo na mesma luta pela salva\u00e7\u00e3o do mundo, a luta \u00e1rdua contra o pecado, um caminho em dire\u00e7\u00e3o ao Calv\u00e1rio, mas que chegar\u00e1 \u00e0 Ressurrei\u00e7\u00e3o.&nbsp;<\/p>\n<p style=\"font-weight: 400;\">O sentido da Prociss\u00e3o de Ramos \u00e9 mostrar essa peregrina\u00e7\u00e3o sobre a terra que cada crist\u00e3o realiza a caminho da vida eterna com Deus. Ela nos recorda que somos apenas peregrinos neste mundo t\u00e3o passageiro, t\u00e3o transit\u00f3rio, que se gasta t\u00e3o rapidamente e nos mostra que a nossa p\u00e1tria n\u00e3o \u00e9 neste mundo, mas sim, na eternidade; aqui n\u00f3s vivemos apenas em um r\u00e1pido ex\u00edlio em demanda da casa do Pai.&nbsp;<\/p>\n<p style=\"font-weight: 400;\">A&nbsp;Missa&nbsp;do Domingo de Ramos traz a narrativa de S\u00e3o Lucas sobre a Paix\u00e3o de Nosso Senhor Jesus, Sua ang\u00fastia mortal no Horto das Oliveiras, o Sangue vertido com o suor, o beijo trai\u00e7oeiro de Judas, a pris\u00e3o, os maus-tratos causados pelas m\u00e3os dos soldados na casa de An\u00e1s, Caif\u00e1s; Seu julgamento in\u00edquo diante de Pilatos, depois, diante de Herodes, Sua condena\u00e7\u00e3o, o povo a vociferar &#8220;crucifica-O, crucifica-O&#8221;; as bofetadas, as humilha\u00e7\u00f5es, o caminho percorrido at\u00e9 o Calv\u00e1rio, a ajuda do Cirineu, o consolo das santas mulheres, o terr\u00edvel madeiro da cruz, Seu di\u00e1logo com o bom ladr\u00e3o, Sua morte e sepultura.&nbsp;<\/p>\n<p style=\"font-weight: 400;\">A entrada &#8220;solene&#8221; de Jesus em Jerusal\u00e9m foi um prel\u00fadio de Suas dores e humilha\u00e7\u00f5es. Aquela mesma multid\u00e3o que O homenageou, motivada por Seus milagres, agora vira as costas a Ele e muitos pedem a Sua morte. Jesus, que conhecia o cora\u00e7\u00e3o dos homens, n\u00e3o estava iludido. Quanta falsidade h\u00e1 nas atitudes de certas pessoas! Quantas li\u00e7\u00f5es nos deixam esse Domingo de Ramos!&nbsp;<\/p>\n<p style=\"font-weight: 400;\">O Mestre nos ensina, com fatos e exemplos, que o Reino d&#8217;Ele, de fato, n\u00e3o \u00e9 deste mundo. Que Ele n\u00e3o veio para derrubar C\u00e9sar e Pilatos, mas para derrubar um inimigo muito pior e invis\u00edvel: o pecado. E para isso \u00e9 preciso imolar-se, aceitar a Paix\u00e3o, passar pela&nbsp;morte&nbsp;para destruir a morte; perder a vida para ganh\u00e1-la. A muitos o Senhor Jesus decepcionou; pensavam que Ele fosse escorra\u00e7ar Pilatos e reimplantar o reinado de Davi e Salom\u00e3o em Israel; mas Ele vem montado em um jumentinho fr\u00e1gil e pobre.&nbsp;<\/p>\n<p style=\"font-weight: 400;\">Muitos pensam: &#8220;Que Messias \u00e9 esse? Que libertador \u00e9 esse? \u00c9 um farsante! \u00c9 um enganador que merece a Cruz por nos ter iludido&#8221;. Talvez Judas tenha sido o grande decepcionado. O Domingo de Ramos ensina-nos que a luta de Cristo e da Igreja e, consequentemente, a nossa tamb\u00e9m, \u00e9 a luta contra o pecado, a desobedi\u00eancia \u00e0 Lei Sagrada de Deus, que hoje \u00e9 calcada aos p\u00e9s at\u00e9 mesmo por muitos crist\u00e3os que preferem viver um Cristianismo &#8220;light&#8221;, adaptado aos seus gostos e interesses, e segundo as suas conveni\u00eancias. Impera, como disse Bento XVI, &#8220;a ditadura do&nbsp;relativismo&#8221;.&nbsp;<\/p>\n<p style=\"font-weight: 400;\">O Domingo de Ramos nos ensina que seguir o Cristo \u00e9 renunciarmos a n\u00f3s mesmos, morrermos na terra como o gr\u00e3o de trigo para poder dar fruto, enfrentar os dissabores e ofensas por causa do Evangelho do Senhor. Ele nos arranca das comodidades e das facilidades, para nos colocar diante d&#8217;Aquele que veio ao mundo para salv\u00e1-lo.&nbsp;<\/p>\n<p>Foto: Divulga\u00e7\u00e3o Internet<\/p>\n","protected":false},"excerpt":{"rendered":"<p>A Igreja Cat\u00f3lica Apost\u00f3lica Romana vive a semana mais importante dentro&nbsp;do seu calend\u00e1rio lit\u00fargico: a Semana Santa, que marca os principais acontecimentos da vida de Jesus e que s\u00e3o celebrados at\u00e9 hoje dentro da tradi\u00e7\u00e3o da Igreja. De Domingo de Ramos ao Domingo de P\u00e1scoa, todas as&nbsp;Par\u00f3quias realizam as celebra\u00e7\u00f5es pr\u00f3prias deste tempo.&nbsp;&nbsp; O Domingo&nbsp;<\/p>\n<p><a class=\"btn btn-style\" href=\"http:\/\/portalcatolico.net\/portal\/neste-domingo-a-igreja-catolica-da-inicio-a-semana-santa\/\">Continue Reading<\/a><\/p>\n","protected":false},"author":2,"featured_media":71732,"comment_status":"open","ping_status":"open","sticky":false,"template":"","format":"standard","meta":{"footnotes":""},"categories":[4],"tags":[],"class_list":["post-71730","post","type-post","status-publish","format-standard","has-post-thumbnail","hentry","category-destaques"],"_links":{"self":[{"href":"http:\/\/portalcatolico.net\/portal\/wp-json\/wp\/v2\/posts\/71730","targetHints":{"allow":["GET"]}}],"collection":[{"href":"http:\/\/portalcatolico.net\/portal\/wp-json\/wp\/v2\/posts"}],"about":[{"href":"http:\/\/portalcatolico.net\/portal\/wp-json\/wp\/v2\/types\/post"}],"author":[{"embeddable":true,"href":"http:\/\/portalcatolico.net\/portal\/wp-json\/wp\/v2\/users\/2"}],"replies":[{"embeddable":true,"href":"http:\/\/portalcatolico.net\/portal\/wp-json\/wp\/v2\/comments?post=71730"}],"version-history":[{"count":3,"href":"http:\/\/portalcatolico.net\/portal\/wp-json\/wp\/v2\/posts\/71730\/revisions"}],"predecessor-version":[{"id":71734,"href":"http:\/\/portalcatolico.net\/portal\/wp-json\/wp\/v2\/posts\/71730\/revisions\/71734"}],"wp:featuredmedia":[{"embeddable":true,"href":"http:\/\/portalcatolico.net\/portal\/wp-json\/wp\/v2\/media\/71732"}],"wp:attachment":[{"href":"http:\/\/portalcatolico.net\/portal\/wp-json\/wp\/v2\/media?parent=71730"}],"wp:term":[{"taxonomy":"category","embeddable":true,"href":"http:\/\/portalcatolico.net\/portal\/wp-json\/wp\/v2\/categories?post=71730"},{"taxonomy":"post_tag","embeddable":true,"href":"http:\/\/portalcatolico.net\/portal\/wp-json\/wp\/v2\/tags?post=71730"}],"curies":[{"name":"wp","href":"https:\/\/api.w.org\/{rel}","templated":true}]}}