{"id":71718,"date":"2021-03-26T19:55:47","date_gmt":"2021-03-26T22:55:47","guid":{"rendered":"http:\/\/portalcatolico.net\/portal\/?p=71718"},"modified":"2021-03-26T19:58:41","modified_gmt":"2021-03-26T22:58:41","slug":"diocese-de-itabuna-divulga-programacao-da-semana-santa-na-catedral-de-sao-jose","status":"publish","type":"post","link":"http:\/\/portalcatolico.net\/portal\/diocese-de-itabuna-divulga-programacao-da-semana-santa-na-catedral-de-sao-jose\/","title":{"rendered":"Diocese de Itabuna divulga programa\u00e7\u00e3o da Semana Santa na Catedral de S\u00e3o Jos\u00e9"},"content":{"rendered":"<p style=\"font-weight: 400;\">Para os cat\u00f3licos, o Domingo de Ramos \u00e9 dia de celebrar a entrada de Jesus Cristo em Jerusal\u00e9m, e ainda marca o in\u00edcio da Semana Santa. A Diocese de Itabuna divulgou hoje, a programa\u00e7\u00e3o desse per\u00edodo t\u00e3o importante. Confira!&nbsp;<\/p>\n<p style=\"font-weight: 400;\"><strong>28 de mar\u00e7o- Domingo de Ramos.&nbsp;&nbsp;<\/strong><\/p>\n<p style=\"font-weight: 400;\">7h- primeira missa&nbsp;<\/p>\n<p style=\"font-weight: 400;\">9h30- segunda missa, presidida pelo Sr. bispo diocesano Dom Carlos Alberto dos Santos.&nbsp;&nbsp;<\/p>\n<p style=\"font-weight: 400;\">16h30- terceira missa&nbsp;&nbsp;<\/p>\n<p style=\"font-weight: 400;\"><strong>29 de mar\u00e7o: Segunda -feira&nbsp;<\/strong><\/p>\n<p style=\"font-weight: 400;\">10h- missa da unidade, da b\u00ean\u00e7\u00e3o dos Santos \u00f3leos e consagra\u00e7\u00e3o do Crisma (reservada para o clero e uma comiss\u00e3o de fi\u00e9is representando as par\u00f3quias da diocese)&nbsp;<\/p>\n<p style=\"font-weight: 400;\"><strong>01 de abril: Quinta -feira&nbsp;<\/strong><\/p>\n<p style=\"font-weight: 400;\">16h-&nbsp;&nbsp;missa da institui\u00e7\u00e3o da Eucaristia (sem a cerim\u00f4nia do lava -p\u00e9s)&nbsp;<\/p>\n<p style=\"font-weight: 400;\"><strong>02&nbsp;&nbsp;de abril: Sexta &#8211; feira Santa (feriado municipal religioso)&nbsp;<\/strong><\/p>\n<p style=\"font-weight: 400;\">15h &#8211; celebra\u00e7\u00e3o da paix\u00e3o e morte do senhor Jesus Cristo (n\u00e3o haver\u00e1 a prociss\u00e3o do Senhor morto)&nbsp;<\/p>\n<p style=\"font-weight: 400;\"><strong>03 de abril: S\u00e1bado santo&nbsp;<\/strong><\/p>\n<p style=\"font-weight: 400;\">16h- celebra\u00e7\u00e3o da solene vig\u00edlia pascal&nbsp;<\/p>\n<p style=\"font-weight: 400;\"><strong>04 de abril- solenidade da P\u00e1scoa da Ressurrei\u00e7\u00e3o do Senhor.&nbsp;&nbsp;<\/strong><\/p>\n<p style=\"font-weight: 400;\">7hs- primeira missa.&nbsp;&nbsp;<\/p>\n<p style=\"font-weight: 400;\">9:30-Segunda missa-presidida pelo Sr.bispo diocesano dom Carlos Alberto.&nbsp;&nbsp;<\/p>\n<p style=\"font-weight: 400;\">16hs- terceira missa.&nbsp;&nbsp;<\/p>\n<p style=\"font-weight: 400;\">Vale ressaltar que esses hor\u00e1rios podem ser alterados pelas autoridades civis e eclesi\u00e1sticas.&nbsp;&nbsp;<\/p>\n<p style=\"font-weight: 400;\">Por conta da pandemia, o n\u00famero de fieis na igreja est\u00e1 sendo limitado. Por isso, para participar das celebra\u00e7\u00f5es lit\u00fargicas na Catedral de S\u00e3o Jos\u00e9, deve-se ligar para a secretaria paroquial e reservar o hor\u00e1rio: telefone (73) 3613 4818.&nbsp;<\/p>\n<p>Informa\u00e7\u00f5es do Pe. Gilvan Oliveira (p\u00e1roco da Catedral)<\/p>\n","protected":false},"excerpt":{"rendered":"<p>Para os cat\u00f3licos, o Domingo de Ramos \u00e9 dia de celebrar a entrada de Jesus Cristo em Jerusal\u00e9m, e ainda marca o in\u00edcio da Semana Santa. A Diocese de Itabuna divulgou hoje, a programa\u00e7\u00e3o desse per\u00edodo t\u00e3o importante. Confira!&nbsp; 28 de mar\u00e7o- Domingo de Ramos.&nbsp;&nbsp; 7h- primeira missa&nbsp; 9h30- segunda missa, presidida pelo Sr. bispo&nbsp;<\/p>\n<p><a class=\"btn btn-style\" href=\"http:\/\/portalcatolico.net\/portal\/diocese-de-itabuna-divulga-programacao-da-semana-santa-na-catedral-de-sao-jose\/\">Continue Reading<\/a><\/p>\n","protected":false},"author":2,"featured_media":71723,"comment_status":"open","ping_status":"open","sticky":false,"template":"","format":"standard","meta":{"footnotes":""},"categories":[4],"tags":[],"class_list":["post-71718","post","type-post","status-publish","format-standard","has-post-thumbnail","hentry","category-destaques"],"_links":{"self":[{"href":"http:\/\/portalcatolico.net\/portal\/wp-json\/wp\/v2\/posts\/71718","targetHints":{"allow":["GET"]}}],"collection":[{"href":"http:\/\/portalcatolico.net\/portal\/wp-json\/wp\/v2\/posts"}],"about":[{"href":"http:\/\/portalcatolico.net\/portal\/wp-json\/wp\/v2\/types\/post"}],"author":[{"embeddable":true,"href":"http:\/\/portalcatolico.net\/portal\/wp-json\/wp\/v2\/users\/2"}],"replies":[{"embeddable":true,"href":"http:\/\/portalcatolico.net\/portal\/wp-json\/wp\/v2\/comments?post=71718"}],"version-history":[{"count":3,"href":"http:\/\/portalcatolico.net\/portal\/wp-json\/wp\/v2\/posts\/71718\/revisions"}],"predecessor-version":[{"id":71721,"href":"http:\/\/portalcatolico.net\/portal\/wp-json\/wp\/v2\/posts\/71718\/revisions\/71721"}],"wp:featuredmedia":[{"embeddable":true,"href":"http:\/\/portalcatolico.net\/portal\/wp-json\/wp\/v2\/media\/71723"}],"wp:attachment":[{"href":"http:\/\/portalcatolico.net\/portal\/wp-json\/wp\/v2\/media?parent=71718"}],"wp:term":[{"taxonomy":"category","embeddable":true,"href":"http:\/\/portalcatolico.net\/portal\/wp-json\/wp\/v2\/categories?post=71718"},{"taxonomy":"post_tag","embeddable":true,"href":"http:\/\/portalcatolico.net\/portal\/wp-json\/wp\/v2\/tags?post=71718"}],"curies":[{"name":"wp","href":"https:\/\/api.w.org\/{rel}","templated":true}]}}