{"id":71715,"date":"2021-03-26T19:44:43","date_gmt":"2021-03-26T22:44:43","guid":{"rendered":"http:\/\/portalcatolico.net\/portal\/?p=71715"},"modified":"2021-03-26T19:46:26","modified_gmt":"2021-03-26T22:46:26","slug":"arquidiocese-de-salvador-divulga-novas-orientacoes-para-a-semana-santa-2021","status":"publish","type":"post","link":"http:\/\/portalcatolico.net\/portal\/arquidiocese-de-salvador-divulga-novas-orientacoes-para-a-semana-santa-2021\/","title":{"rendered":"Arquidiocese de Salvador divulga novas orienta\u00e7\u00f5es para a Semana Santa 2021"},"content":{"rendered":"<p>Na tarde de hoje (26), o Arcebispo de Salvador e Primaz do Brasil, Cardeal Dom Sergio da Rocha, divulgou novas orienta\u00e7\u00f5es para a Semana Santa na Sede Primacial da Igreja no Brasil. Confira a \u00edntegra do texto:<\/p>\n<p><em>Considerando que a data da P\u00e1scoa n\u00e3o pode ser alterada e que o toque de recolher decretado pelo Governo da Bahia, compreendendo o hor\u00e1rio das 18h \u00e0s 5h, foi prorrogado at\u00e9 dia 05 de abril, \u00e9 preciso rever o hor\u00e1rio habitual da celebra\u00e7\u00e3o do Tr\u00edduo Pascal. N\u00e3o havendo normas diversas a serem estabelecidas pela Santa S\u00e9 ou pela Confer\u00eancia Episcopal, estar\u00e3o em vigor as seguintes orienta\u00e7\u00f5es pastorais para a Arquidiocese de S\u00e3o Salvador da Bahia.<\/em><\/p>\n<p><em>Na quinta-feira da Semana Santa, a celebra\u00e7\u00e3o da \u201cMissa vespertina da Ceia do Senhor\u201d, sem o Lava-p\u00e9s, com a presen\u00e7a de fi\u00e9is de acordo com a capacidade m\u00e1xima permitida, pode ocorrer a partir das 16h.<\/em><\/p>\n<p><em>As medidas sanit\u00e1rias em vigor n\u00e3o permitem a celebra\u00e7\u00e3o, reunindo fi\u00e9is, durante a noite. Por isso, se a celebra\u00e7\u00e3o da Vig\u00edlia Pascal for realizada no habitual hor\u00e1rio noturno, dever\u00e1 ocorrer sem a presen\u00e7a dos fi\u00e9is no templo, transmitida online. &nbsp;Se considerada mais oportuna para o bem pastoral da comunidade, a Vig\u00edlia Pascal, com a presen\u00e7a dos fi\u00e9is, segundo os protocolos sanit\u00e1rios, poder\u00e1 ser antecipada para as 16h. Os sacerdotes procurar\u00e3o celebrar com o devido zelo lit\u00fargico, evitando prolongar as celebra\u00e7\u00f5es, seguindo as Orienta\u00e7\u00f5es para a Semana Santa publicadas.<\/em><\/p>\n<p><em>Continuam em vigor as demais normas lit\u00fargicas e orienta\u00e7\u00f5es pastorais para a Semana Santa.<\/em><\/p>\n<p><em>Salvador, 26 de mar\u00e7o de 2021.<\/em><\/p>\n<p><strong><em>Cardeal Dom Sergio da Rocha<\/em><\/strong><\/p>\n<p><em>Arcebispo de S\u00e3o Salvador da Bahia e Primaz do Brasil<\/em><\/p>\n<p><strong><u>Na Catedral Bas\u00edlica de Salvador<\/u><\/strong><\/p>\n<p>Diante destas novas orienta\u00e7\u00f5es, foram alterados dois hor\u00e1rios na Catedral Bas\u00edlica de Salvador: na Quinta-feira Santa e no S\u00e1bado Santo as Celebra\u00e7\u00f5es acontecer\u00e3o \u00e0s 16h e n\u00e3o mais nos hor\u00e1rios que haviam sido divulgados, que eram 17h e 17h30, respectivamente. Abaixo est\u00e3o as celebra\u00e7\u00f5es, os dias e os hor\u00e1rios atualizados:<\/p>\n<p><strong>PROGRAMA\u00c7\u00c3O DA SEMANA SANTA NA CATEDRAL BAS\u00cdLICA DE SALVADOR<\/strong><\/p>\n<p><strong>Celebra\u00e7\u00f5es presididas pelo Cardeal Dom Sergio da Rocha<\/strong><\/p>\n<p><strong>&nbsp;<\/strong><strong>Domingo de Ramos (28 de mar\u00e7o) \u2013<\/strong> Missa, \u00e0s 10h (n\u00e3o haver\u00e1 prociss\u00e3o);<\/p>\n<p><strong>Quinta-feira Santa (1\u00ba de abril) \u2013 <\/strong>Missa da Institui\u00e7\u00e3o da Eucaristia (Ceia do Senhor), \u00e0s 16h. N\u00e3o haver\u00e1 a cerim\u00f4nia do Lava-p\u00e9s.<\/p>\n<p>*Tamb\u00e9m na Quinta-feira Santa acontece a Missa da Renova\u00e7\u00e3o das Promessas Sacerdotais. Contudo, este ano esta Celebra\u00e7\u00e3o Eucar\u00edstica foi transferida para o dia 15 de maio, \u00e0s 9h<\/p>\n<p><strong>Sexta-feira Santa (2 de abril) \u2013<\/strong> Celebra\u00e7\u00e3o da Paix\u00e3o do Senhor, \u00e0s 15h<\/p>\n<p><strong>S\u00e1bado Santo (3 de abril) \u2013<\/strong> Vig\u00edlia Pascal, \u00e0s 16h<\/p>\n<p><strong>Domingo de P\u00e1scoa (4 de abril) \u2013<\/strong> Santa Missa Solene, \u00e0s 10h<\/p>\n<p>Por: Sara Gomes\/Arquidiocese de S\u00e3o Salvador-Bahia<\/p>\n","protected":false},"excerpt":{"rendered":"<p>Na tarde de hoje (26), o Arcebispo de Salvador e Primaz do Brasil, Cardeal Dom Sergio da Rocha, divulgou novas orienta\u00e7\u00f5es para a Semana Santa na Sede Primacial da Igreja no Brasil. Confira a \u00edntegra do texto: Considerando que a data da P\u00e1scoa n\u00e3o pode ser alterada e que o toque de recolher decretado pelo&nbsp;<\/p>\n<p><a class=\"btn btn-style\" href=\"http:\/\/portalcatolico.net\/portal\/arquidiocese-de-salvador-divulga-novas-orientacoes-para-a-semana-santa-2021\/\">Continue Reading<\/a><\/p>\n","protected":false},"author":2,"featured_media":71717,"comment_status":"open","ping_status":"open","sticky":false,"template":"","format":"standard","meta":{"footnotes":""},"categories":[4],"tags":[],"class_list":["post-71715","post","type-post","status-publish","format-standard","has-post-thumbnail","hentry","category-destaques"],"_links":{"self":[{"href":"http:\/\/portalcatolico.net\/portal\/wp-json\/wp\/v2\/posts\/71715","targetHints":{"allow":["GET"]}}],"collection":[{"href":"http:\/\/portalcatolico.net\/portal\/wp-json\/wp\/v2\/posts"}],"about":[{"href":"http:\/\/portalcatolico.net\/portal\/wp-json\/wp\/v2\/types\/post"}],"author":[{"embeddable":true,"href":"http:\/\/portalcatolico.net\/portal\/wp-json\/wp\/v2\/users\/2"}],"replies":[{"embeddable":true,"href":"http:\/\/portalcatolico.net\/portal\/wp-json\/wp\/v2\/comments?post=71715"}],"version-history":[{"count":1,"href":"http:\/\/portalcatolico.net\/portal\/wp-json\/wp\/v2\/posts\/71715\/revisions"}],"predecessor-version":[{"id":71716,"href":"http:\/\/portalcatolico.net\/portal\/wp-json\/wp\/v2\/posts\/71715\/revisions\/71716"}],"wp:featuredmedia":[{"embeddable":true,"href":"http:\/\/portalcatolico.net\/portal\/wp-json\/wp\/v2\/media\/71717"}],"wp:attachment":[{"href":"http:\/\/portalcatolico.net\/portal\/wp-json\/wp\/v2\/media?parent=71715"}],"wp:term":[{"taxonomy":"category","embeddable":true,"href":"http:\/\/portalcatolico.net\/portal\/wp-json\/wp\/v2\/categories?post=71715"},{"taxonomy":"post_tag","embeddable":true,"href":"http:\/\/portalcatolico.net\/portal\/wp-json\/wp\/v2\/tags?post=71715"}],"curies":[{"name":"wp","href":"https:\/\/api.w.org\/{rel}","templated":true}]}}