{"id":71710,"date":"2021-03-26T16:52:03","date_gmt":"2021-03-26T19:52:03","guid":{"rendered":"http:\/\/portalcatolico.net\/portal\/?p=71710"},"modified":"2021-03-26T16:52:20","modified_gmt":"2021-03-26T19:52:20","slug":"a-virgem-destruida-pelo-estado-islamico-volta-a-igreja-no-iraque","status":"publish","type":"post","link":"http:\/\/portalcatolico.net\/portal\/a-virgem-destruida-pelo-estado-islamico-volta-a-igreja-no-iraque\/","title":{"rendered":"A Virgem destru\u00edda pelo Estado Isl\u00e2mico volta a igreja no Iraque"},"content":{"rendered":"<p>A imagem da&nbsp;Virgem Maria, cuja cabe\u00e7a e m\u00e3os foram cortadas por terroristas do Estado Isl\u00e2mico (ISIS), e que foi aben\u00e7oada pelo Papa Francisco em sua viagem ao Iraque, est\u00e1 agora de volta a sua&nbsp;igreja&nbsp;na cidade de Karamlech, onde o a comunidade local prestou-lhe uma homenagem emocionante.<\/p>\n<p>No dia 7 de mar\u00e7o, a imagem mariana restaurada esteve presente no altar da&nbsp;missa&nbsp;presidida pelo Santo Padre no est\u00e1dio Franso Hariri, em Erbil, capital da regi\u00e3o do Curdist\u00e3o iraquiano.<\/p>\n<p>L\u00e1, o Papa a aben\u00e7oou diante de milhares de fi\u00e9is que participaram da&nbsp;Eucaristia.<\/p>\n<p>A imagem mariana estava na Igreja de St. Adday, na cidade de Karamlech, localizada a cerca de 60 quil\u00f4metros a sudeste de Mosul, quando, em 2016 &nbsp;o templo foi profanado e queimado por terroristas do Estado Isl\u00e2mico (ISIS), que deixaram a cidade destru\u00edda e devastada.<\/p>\n<p>Pe. Thabet Habeb, p\u00e1roco de St. Adday e que esteve com seus fi\u00e9is na missa em Erbil, explicou \u00e0&nbsp;<a href=\"https:\/\/www.acidigital.com\/\">ACI<\/a>&nbsp;Prensa, ag\u00eancia em espanhol do grupo ACI, que &#8220;a imagem voltou a Karamlech na quinta-feira, 18 de mar\u00e7o&#8221;.<\/p>\n<p>\u201cNa sexta-feira, 19, a colocamos na igreja com uma cerim\u00f4nia simples na qual participaram os fi\u00e9is da par\u00f3quia que rezavam a Via-Sacra\u201d, disse o presb\u00edtero.<\/p>\n<p>\u201cT\u00ea-la aqui \u00e9 um sinal de coragem e bravura para o povo. Que todos possam ver que a imagem destru\u00edda e restaurada volta para a igreja com uma nova apar\u00eancia \u00e9 um belo sinal\u201d, afirmou. \u201cIsso os encoraja a ter coragem de continuar\u201d, assegurou o sacerdote.<\/p>\n<p>Pe. Habeb disse tamb\u00e9m \u00e0 ACI Prensa que a imagem mariana \u201cestar\u00e1 em nossas celebra\u00e7\u00f5es de&nbsp;Semana Santa&nbsp;ao lado da cruz que enviamos a Mosul para a ora\u00e7\u00e3o com o Papa\u201d.<\/p>\n<p>\u201cEssa cruz voltou no dia 8 de mar\u00e7o e vai ficar na igreja. Com ela faremos a Via-Sacra na Sexta Feira Santa\u201d, acrescentou.<\/p>\n<p>Os fi\u00e9is da Igreja de St. Adday tamb\u00e9m fizeram uma cruz de tr\u00eas metros de altura que esteve presente na cidade de Mosul, onde o Papa presidiu uma ora\u00e7\u00e3o de sufr\u00e1gio pelas v\u00edtimas da guerra, na chamada Pra\u00e7a das Igrejas.<\/p>\n<p>Pe. Habeb disse \u00e0 ACI Prensa que \u201cdepois da visita do Papa, esperamos que possa haver algum desenvolvimento e aten\u00e7\u00e3o para a comunidade caldeia. Pelas estat\u00edsticas somos cerca de 150 mil em todo o pa\u00eds.\u201d<\/p>\n<p>Sobre o rito caldeu, um dos ritos orientais da Igreja Cat\u00f3lica, Pe. Thabet disse h\u00e1 poucos dias que se centra \u201cna economia da salva\u00e7\u00e3o que nos leva de volta ao s\u00e9culo II. \u00c9 uma Igreja muito antiga com os costumes dos primeiros crist\u00e3os, com a mentalidade do grande poeta Santo Efr\u00e9m, nosso te\u00f3logo.\u201d<\/p>\n<p>\u201cO nosso rito centra-se no mart\u00edrio, na esperan\u00e7a da ressurrei\u00e7\u00e3o de Cristo\u201d, sublinhou.<\/p>\n<p>Por Walter S\u00e1nchez Silva\/ACI<\/p>\n<p>A imagem da Virgem novamente na igreja St. Adday. Cr\u00e9dito: Cortesia Pe. Thabet Habeb<\/p>\n","protected":false},"excerpt":{"rendered":"<p>A imagem da&nbsp;Virgem Maria, cuja cabe\u00e7a e m\u00e3os foram cortadas por terroristas do Estado Isl\u00e2mico (ISIS), e que foi aben\u00e7oada pelo Papa Francisco em sua viagem ao Iraque, est\u00e1 agora de volta a sua&nbsp;igreja&nbsp;na cidade de Karamlech, onde o a comunidade local prestou-lhe uma homenagem emocionante. No dia 7 de mar\u00e7o, a imagem mariana restaurada&nbsp;<\/p>\n<p><a class=\"btn btn-style\" href=\"http:\/\/portalcatolico.net\/portal\/a-virgem-destruida-pelo-estado-islamico-volta-a-igreja-no-iraque\/\">Continue Reading<\/a><\/p>\n","protected":false},"author":2,"featured_media":71711,"comment_status":"open","ping_status":"open","sticky":false,"template":"","format":"standard","meta":{"footnotes":""},"categories":[5],"tags":[],"class_list":["post-71710","post","type-post","status-publish","format-standard","has-post-thumbnail","hentry","category-igreja_no_mundo"],"_links":{"self":[{"href":"http:\/\/portalcatolico.net\/portal\/wp-json\/wp\/v2\/posts\/71710","targetHints":{"allow":["GET"]}}],"collection":[{"href":"http:\/\/portalcatolico.net\/portal\/wp-json\/wp\/v2\/posts"}],"about":[{"href":"http:\/\/portalcatolico.net\/portal\/wp-json\/wp\/v2\/types\/post"}],"author":[{"embeddable":true,"href":"http:\/\/portalcatolico.net\/portal\/wp-json\/wp\/v2\/users\/2"}],"replies":[{"embeddable":true,"href":"http:\/\/portalcatolico.net\/portal\/wp-json\/wp\/v2\/comments?post=71710"}],"version-history":[{"count":1,"href":"http:\/\/portalcatolico.net\/portal\/wp-json\/wp\/v2\/posts\/71710\/revisions"}],"predecessor-version":[{"id":71712,"href":"http:\/\/portalcatolico.net\/portal\/wp-json\/wp\/v2\/posts\/71710\/revisions\/71712"}],"wp:featuredmedia":[{"embeddable":true,"href":"http:\/\/portalcatolico.net\/portal\/wp-json\/wp\/v2\/media\/71711"}],"wp:attachment":[{"href":"http:\/\/portalcatolico.net\/portal\/wp-json\/wp\/v2\/media?parent=71710"}],"wp:term":[{"taxonomy":"category","embeddable":true,"href":"http:\/\/portalcatolico.net\/portal\/wp-json\/wp\/v2\/categories?post=71710"},{"taxonomy":"post_tag","embeddable":true,"href":"http:\/\/portalcatolico.net\/portal\/wp-json\/wp\/v2\/tags?post=71710"}],"curies":[{"name":"wp","href":"https:\/\/api.w.org\/{rel}","templated":true}]}}