{"id":71707,"date":"2021-03-25T00:10:09","date_gmt":"2021-03-25T03:10:09","guid":{"rendered":"http:\/\/portalcatolico.net\/portal\/?p=71707"},"modified":"2021-03-24T20:46:45","modified_gmt":"2021-03-24T23:46:45","slug":"contra-a-crise-santa-se-reduz-salarios-dos-cardeais","status":"publish","type":"post","link":"http:\/\/portalcatolico.net\/portal\/contra-a-crise-santa-se-reduz-salarios-dos-cardeais\/","title":{"rendered":"Contra a crise Santa S\u00e9 reduz sal\u00e1rios dos Cardeais"},"content":{"rendered":"<p>O Vaticano publicou na manh\u00e3 de hoje uma carta apost\u00f3lica em forma de motu proprio com a qual o Papa Francisco reduziu por tempo indeterminado os sal\u00e1rios dos&nbsp;cardeais&nbsp;em 10%, dos chefes de dicast\u00e9rios e secret\u00e1rios em 8%, e de todos os sacerdotes, religiosos e religiosas em servi\u00e7o junto \u00e0 Santa S\u00e9 em 3%. A medida visa conter despesas sem causar rescis\u00f5es de contratos com a S\u00e9 Apost\u00f3lica que conta com aproximadamente 3.000 funcion\u00e1rios.<\/p>\n<p>A informa\u00e7\u00e3o, tamb\u00e9m divulgada pelo portal Vaticannews, cita como principal motivo a crise e queda de doa\u00e7\u00f5es geradas pela pandemia de Covid-19 e confirma o que disse anteriormente o Prefeito para a Secretaria de Economia da Santa S\u00e9, Pe. Antonio Guerrero, que afirmou que n\u00e3o haveria rescis\u00f5es de contrato nem funcion\u00e1rios sem receber sal\u00e1rio.<\/p>\n<p>As disposi\u00e7\u00f5es tamb\u00e9m se aplicam ao Vicariato de Roma, aos Cabidos das Bas\u00edlicas Papais Vaticana, de Latr\u00e3o e Liberiana, \u00e0 F\u00e1brica de S\u00e3o Pedro e \u00e0 Bas\u00edlica de S\u00e3o Paulo Fora dos Muros.<\/p>\n<p>O Papa n\u00e3o quer demitir, mas as despesas devem ser contidas e por isso decidiu intervir &#8220;segundo crit\u00e9rios de proporcionalidade e progressividade&#8221; com ajustes que dizem respeito especialmente aos cl\u00e9rigos, aos religiosos e aos n\u00edveis mais altos. O objetivo da iniciativa \u00e9 colaborar com outras para um futuro economicamente sustent\u00e1vel para a miss\u00e3o dos organismos da&nbsp;Igreja. As redu\u00e7\u00f5es descritas acima n\u00e3o se aplicar\u00e3o em casos excepcionais relacionadas a despesas com a sa\u00fade\u201d.<\/p>\n<p>\u201cO congelamento dos incrementos bianuais entre 1\u00ba de abril de 2021 e 31 de mar\u00e7o de 2023 afetar\u00e1 todo o pessoal em servi\u00e7o junto \u00e0 Santa S\u00e9 e ao Governatorato e outras institui\u00e7\u00f5es anexas &#8211; portanto, tamb\u00e9m os superiores mencionados precedentemente\u201d, explica o portal de not\u00edcias do Vaticano.<\/p>\n<p>No caso dos funcion\u00e1rios leigos, a maioria dos quais sustentam suas fam\u00edlias com seus sal\u00e1rios, esse congelamento s\u00f3 afetar\u00e1 os do quarto n\u00edvel para cima e, portanto, n\u00e3o afetar\u00e1 os sal\u00e1rios mais baixos.<\/p>\n<p>Assim, \u201cA Secretaria da Economia, de comum acordo com o Governo do Estado da Cidade do Vaticano e ap\u00f3s consulta ao Fundo de Pens\u00f5es, ao Fundo de Assist\u00eancia \u00e0 Sa\u00fade e a outros \u00f3rg\u00e3os interessados, adoptar\u00e1 as medidas para a implementa\u00e7\u00e3o deste Decreto\u201d.<\/p>\n<p>O texto vem publicado com a assinatura do Papa foi divulgado tamb\u00e9m na edi\u00e7\u00e3o do &#8220;L&#8217;Osservatore Romano&#8221; de 24 de mar\u00e7o de 2021.<\/p>\n<p><strong>Quanto ganham os&nbsp;bispos,&nbsp;arcebispos&nbsp;e cardeais que trabalham no Vaticano?<\/strong><\/p>\n<p>O site italiano especializado em finan\u00e7as Quifinanza.it, afirma que os sal\u00e1rios dos cl\u00e9rigos na It\u00e1lia, pode variar de acordo com as fun\u00e7\u00f5es. O mesmo vale para os soldos no Vaticano, que \u00e9 um estado independente e tem cardeais provenientes de v\u00e1rios pa\u00edses.<\/p>\n<p>No caso dos bispos italianos, \u201ch\u00e1 um limite m\u00e1ximo que n\u00e3o pode ser ultrapassado\u201d e \u201cest\u00e1 fixado em cerca de 3 mil euros\u201d.<\/p>\n<p>\u201cMais acima est\u00e3o os arcebispos, chefes de departamentos ou conselhos pontif\u00edcios. Para eles, o limiar aumenta significativamente, atingindo sal\u00e1rios que variam entre os 3 mil e os 5 mil euros\u201d.<\/p>\n<p>\u201cEm m\u00e9dia, todos os cardeais ganham tamb\u00e9m 5 mil euros\u201d, afirma o site.<\/p>\n<p>\u00c9 o mesmo que diz na sua edi\u00e7\u00e3o de hoje o jornal italiano Il Messagero, que afirma que um cardeal na c\u00faria romana ganha entre 4 e 5 mil euros.<\/p>\n<p>Vale recordar que na It\u00e1lia n\u00e3o existe um piso salarial m\u00ednimo, e sim uma esp\u00e9cie de sal\u00e1rio m\u00e9dio, que atualmente \u00e9 de cerca de 1500 euros mensais.(ACI)<\/p>\n<p>Foto: Alan Holdren\/CNA<\/p>\n","protected":false},"excerpt":{"rendered":"<p>O Vaticano publicou na manh\u00e3 de hoje uma carta apost\u00f3lica em forma de motu proprio com a qual o Papa Francisco reduziu por tempo indeterminado os sal\u00e1rios dos&nbsp;cardeais&nbsp;em 10%, dos chefes de dicast\u00e9rios e secret\u00e1rios em 8%, e de todos os sacerdotes, religiosos e religiosas em servi\u00e7o junto \u00e0 Santa S\u00e9 em 3%. A medida&nbsp;<\/p>\n<p><a class=\"btn btn-style\" href=\"http:\/\/portalcatolico.net\/portal\/contra-a-crise-santa-se-reduz-salarios-dos-cardeais\/\">Continue Reading<\/a><\/p>\n","protected":false},"author":2,"featured_media":71708,"comment_status":"open","ping_status":"open","sticky":false,"template":"","format":"standard","meta":{"footnotes":""},"categories":[5],"tags":[],"class_list":["post-71707","post","type-post","status-publish","format-standard","has-post-thumbnail","hentry","category-igreja_no_mundo"],"_links":{"self":[{"href":"http:\/\/portalcatolico.net\/portal\/wp-json\/wp\/v2\/posts\/71707","targetHints":{"allow":["GET"]}}],"collection":[{"href":"http:\/\/portalcatolico.net\/portal\/wp-json\/wp\/v2\/posts"}],"about":[{"href":"http:\/\/portalcatolico.net\/portal\/wp-json\/wp\/v2\/types\/post"}],"author":[{"embeddable":true,"href":"http:\/\/portalcatolico.net\/portal\/wp-json\/wp\/v2\/users\/2"}],"replies":[{"embeddable":true,"href":"http:\/\/portalcatolico.net\/portal\/wp-json\/wp\/v2\/comments?post=71707"}],"version-history":[{"count":1,"href":"http:\/\/portalcatolico.net\/portal\/wp-json\/wp\/v2\/posts\/71707\/revisions"}],"predecessor-version":[{"id":71709,"href":"http:\/\/portalcatolico.net\/portal\/wp-json\/wp\/v2\/posts\/71707\/revisions\/71709"}],"wp:featuredmedia":[{"embeddable":true,"href":"http:\/\/portalcatolico.net\/portal\/wp-json\/wp\/v2\/media\/71708"}],"wp:attachment":[{"href":"http:\/\/portalcatolico.net\/portal\/wp-json\/wp\/v2\/media?parent=71707"}],"wp:term":[{"taxonomy":"category","embeddable":true,"href":"http:\/\/portalcatolico.net\/portal\/wp-json\/wp\/v2\/categories?post=71707"},{"taxonomy":"post_tag","embeddable":true,"href":"http:\/\/portalcatolico.net\/portal\/wp-json\/wp\/v2\/tags?post=71707"}],"curies":[{"name":"wp","href":"https:\/\/api.w.org\/{rel}","templated":true}]}}