{"id":71700,"date":"2021-03-25T00:37:58","date_gmt":"2021-03-25T03:37:58","guid":{"rendered":"http:\/\/portalcatolico.net\/portal\/?p=71700"},"modified":"2021-03-24T20:42:19","modified_gmt":"2021-03-24T23:42:19","slug":"confira-a-programacao-das-lives-comemorativas-ao-ano-dedicado-a-amoris-laetitia","status":"publish","type":"post","link":"http:\/\/portalcatolico.net\/portal\/confira-a-programacao-das-lives-comemorativas-ao-ano-dedicado-a-amoris-laetitia\/","title":{"rendered":"Confira a programa\u00e7\u00e3o das lives comemorativas ao ano dedicado \u00e0 Amoris Laetitia"},"content":{"rendered":"<p style=\"font-weight: 400;\">Dom Carlos Alberto dos Santos, bispo da diocese de Itabuna, no sul da&nbsp;Bahia e Bispo referencial da Pastoral Familiar, do Regional Nordeste 3 de CNBB de Bahia e Sergipe, juntamente com a Pastoral Familiar e&nbsp; atrav\u00e9s deste Portal de Not\u00edcias, comunica que durante todo este ano de 2021, acontecer\u00e3o nove encontros sobre Amoris Laetitia, conforme o Santo Padre, o&nbsp; Papa Francisco pede: para que sejam feitos estudos e reflex\u00f5es&nbsp;n\u00edvel de fam\u00edlia.<br \/>\nDom Carlos pede carecidamente a todos agentes de pastorais que divulguem e incentivem a participa\u00e7\u00e3o de todos os&nbsp;fi\u00e9is cat\u00f3licos, nas suas par\u00f3quias de origem, deste momento de reflex\u00e3o.<br \/>\nAs reflex\u00f5es v\u00e3o acontecer a cada m\u00eas, com um padre da diocese de Itabuna. A transmiss\u00e3o vai acontecer sempre pelo canal do Youtube da Pastoral Familiar da Diocese de Itabuna, \u00e0s 20h,&nbsp;come\u00e7ando nesta quarta-feira, dia 24 de mar\u00e7o.<\/p>\n<p>No \u00faltimo dia 19 de mar\u00e7o de 2021, a Igreja comemorou 5 anos desde a&nbsp;publica\u00e7\u00e3o da exorta\u00e7\u00e3o apost\u00f3lica &#8220;Amoris Laetitia&#8221; sobre a beleza e a alegria do amor familiar. Neste mesmo dia, o Papa Francisco inaugurar\u00e1 o&nbsp;Ano &#8220;Fam\u00edlia Amoris Laetitia&#8221;, que terminar\u00e1 em 26 de junho de 2022, por&nbsp;ocasi\u00e3o do X Encontro Mundial das Fam\u00edlias em Roma com o Santo Padre.<br \/>\nA experi\u00eancia da pandemia destacou o papel central da fam\u00edlia como&nbsp;Igreja dom\u00e9stica e tamb\u00e9m a import\u00e2ncia dos la\u00e7os entre as fam\u00edlias, que&nbsp;fazem da Igreja uma &#8220;fam\u00edlia de fam\u00edlias&#8221; (AL 87). Por meio das&nbsp;iniciativas espirituais, pastorais e culturais planejadas no Ano&nbsp;&#8220;Fam\u00edlia Amoris Laetitia&#8221; o Papa Francisco pretende dirigir-se a todas&nbsp;as comunidades eclesiais do mundo, exortando cada pessoa a ser uma&nbsp;testemunha do amor familiar.<br \/>\nTendo em vista a abertura em 19 de mar\u00e7o, o Dicast\u00e9rio para os Leigos,&nbsp;Fam\u00edlia e Vida preparou um folheto informativo para ser compartilhado&nbsp;com as dioceses, as par\u00f3quias e as fam\u00edlias; este pode ser baixado&nbsp;atrav\u00e9s do site&nbsp;<a href=\"http:\/\/www.amorislaetitia.va\/\">www.amorislaetitia.va<\/a>&nbsp;<\/p>\n<p><strong>Rela\u00e7\u00e3o dos padres da diocese de Itabuna<\/strong><img loading=\"lazy\" decoding=\"async\" class=\"wp-image-71703 aligncenter\" src=\"http:\/\/portalcatolico.net\/portal\/wp-content\/uploads\/2021\/03\/c345afbe-d671-4e84-b9da-7945de2b29a2-300x240.jpg\" alt=\"\" width=\"799\" height=\"640\" srcset=\"http:\/\/portalcatolico.net\/portal\/wp-content\/uploads\/2021\/03\/c345afbe-d671-4e84-b9da-7945de2b29a2-300x240.jpg 300w, http:\/\/portalcatolico.net\/portal\/wp-content\/uploads\/2021\/03\/c345afbe-d671-4e84-b9da-7945de2b29a2-768x614.jpg 768w, http:\/\/portalcatolico.net\/portal\/wp-content\/uploads\/2021\/03\/c345afbe-d671-4e84-b9da-7945de2b29a2-1024x819.jpg 1024w, http:\/\/portalcatolico.net\/portal\/wp-content\/uploads\/2021\/03\/c345afbe-d671-4e84-b9da-7945de2b29a2.jpg 1280w\" sizes=\"auto, (max-width: 799px) 100vw, 799px\" \/><\/p>\n<p>Segue a programa\u00e7\u00e3o das lives comemorativas ao ano dedicado \u00e0 Amoris Laetitia pelo Papa Francisco:<\/p>\n<p>24\/03 &#8211; Pe. Toni: &#8220;A Luz da Palavra.&#8221; &#8211; 20h.<\/p>\n<p>14\/04 &#8211; Pe. Wesley: &#8220;A Realidade e os Desafios das Fam\u00edlias.&#8221; &#8211; 20h.<\/p>\n<p>12\/05 &#8211; Pe. Diego: O Olhar Fixo em Jesus: A Voca\u00e7\u00e3o da Fam\u00edlia&#8221; &#8211; 20h.<\/p>\n<p>09\/06 &#8211; Pe. Vanildo: &#8220;O Amor no Matrim\u00f4nio&#8221; &#8211; 20h.<\/p>\n<p>14\/07 &#8211; Pe. Jose Roberto: &#8220;O Amor Que Se Torna Fecundo.&#8221; &#8211; 20:30h.<\/p>\n<p>25\/08 &#8211; Pe. Ac\u00e1cio Alves: &#8220;Algumas Perspectivas Pastorais.&#8221; &#8211; 20h.<\/p>\n<p>16\/09 &#8211; Pe. Geovane: &#8220;Refor\u00e7ar a Educa\u00e7\u00e3o dos Filhos.&#8221; &#8211; 20h.<\/p>\n<p>13\/10 &#8211; Pe. Nerivaldo Azevedo: &#8220;Acompanhar, Discernir, Integrar a<br \/>\nFragilidade.&#8221; &#8211; 20h.<\/p>\n<p>03\/11 &#8211; Pe. Luiz: &#8220;Espiritualidade Conjugal e Familiar.&#8221; &#8211; 20h.<strong>&nbsp;<\/strong><\/p>\n","protected":false},"excerpt":{"rendered":"<p>Dom Carlos Alberto dos Santos, bispo da diocese de Itabuna, no sul da&nbsp;Bahia e Bispo referencial da Pastoral Familiar, do Regional Nordeste 3 de CNBB de Bahia e Sergipe, juntamente com a Pastoral Familiar e&nbsp; atrav\u00e9s deste Portal de Not\u00edcias, comunica que durante todo este ano de 2021, acontecer\u00e3o nove encontros sobre Amoris Laetitia, conforme&nbsp;<\/p>\n<p><a class=\"btn btn-style\" href=\"http:\/\/portalcatolico.net\/portal\/confira-a-programacao-das-lives-comemorativas-ao-ano-dedicado-a-amoris-laetitia\/\">Continue Reading<\/a><\/p>\n","protected":false},"author":2,"featured_media":71701,"comment_status":"open","ping_status":"open","sticky":false,"template":"","format":"standard","meta":{"footnotes":""},"categories":[4],"tags":[],"class_list":["post-71700","post","type-post","status-publish","format-standard","has-post-thumbnail","hentry","category-destaques"],"_links":{"self":[{"href":"http:\/\/portalcatolico.net\/portal\/wp-json\/wp\/v2\/posts\/71700","targetHints":{"allow":["GET"]}}],"collection":[{"href":"http:\/\/portalcatolico.net\/portal\/wp-json\/wp\/v2\/posts"}],"about":[{"href":"http:\/\/portalcatolico.net\/portal\/wp-json\/wp\/v2\/types\/post"}],"author":[{"embeddable":true,"href":"http:\/\/portalcatolico.net\/portal\/wp-json\/wp\/v2\/users\/2"}],"replies":[{"embeddable":true,"href":"http:\/\/portalcatolico.net\/portal\/wp-json\/wp\/v2\/comments?post=71700"}],"version-history":[{"count":4,"href":"http:\/\/portalcatolico.net\/portal\/wp-json\/wp\/v2\/posts\/71700\/revisions"}],"predecessor-version":[{"id":71706,"href":"http:\/\/portalcatolico.net\/portal\/wp-json\/wp\/v2\/posts\/71700\/revisions\/71706"}],"wp:featuredmedia":[{"embeddable":true,"href":"http:\/\/portalcatolico.net\/portal\/wp-json\/wp\/v2\/media\/71701"}],"wp:attachment":[{"href":"http:\/\/portalcatolico.net\/portal\/wp-json\/wp\/v2\/media?parent=71700"}],"wp:term":[{"taxonomy":"category","embeddable":true,"href":"http:\/\/portalcatolico.net\/portal\/wp-json\/wp\/v2\/categories?post=71700"},{"taxonomy":"post_tag","embeddable":true,"href":"http:\/\/portalcatolico.net\/portal\/wp-json\/wp\/v2\/tags?post=71700"}],"curies":[{"name":"wp","href":"https:\/\/api.w.org\/{rel}","templated":true}]}}