{"id":71693,"date":"2021-03-24T20:29:04","date_gmt":"2021-03-24T23:29:04","guid":{"rendered":"http:\/\/portalcatolico.net\/portal\/?p=71693"},"modified":"2021-03-24T20:29:04","modified_gmt":"2021-03-24T23:29:04","slug":"secretario-geral-da-cnbb-fala-sobre-os-desafios-de-realizar-pela-primeira-vez-uma-assembleia-virtual","status":"publish","type":"post","link":"http:\/\/portalcatolico.net\/portal\/secretario-geral-da-cnbb-fala-sobre-os-desafios-de-realizar-pela-primeira-vez-uma-assembleia-virtual\/","title":{"rendered":"SECRET\u00c1RIO-GERAL DA CNBB FALA SOBRE OS DESAFIOS DE REALIZAR PELA PRIMEIRA VEZ UMA ASSEMBLEIA VIRTUAL"},"content":{"rendered":"<div class=\"elementor-element elementor-element-3a087bd2 elementor-widget elementor-widget-theme-post-content\" data-id=\"3a087bd2\" data-element_type=\"widget\" data-widget_type=\"theme-post-content.default\">\n<div class=\"elementor-widget-container\">\n<p>O bispo auxiliar do Rio de Janeiro e secret\u00e1rio-geral da Confer\u00eancia Nacional dos Bispos do Brasil (CNBB), dom Joel Portella Amado, falou sobre os desafios e dificuldades da realiza\u00e7\u00e3o da 58\u00aa Assembleia Geral do episcopado brasileiro que, pela primeira vez, ser\u00e1 realizada em um formato virtual, de 12 a 16 de abril com atividades nos per\u00edodos de manh\u00e3 e tarde.<\/p>\n<p>O tema central diz respeito ao Pilar da Palavra proposto pelas Diretrizes Gerais da A\u00e7\u00e3o Evangelizadora da Igreja no Brasil (DGAE 2019-2023). Mesmo sem a possibilidade de vota\u00e7\u00e3o de um documento, ser\u00e1 debatido o tema \u201c<em>Casas da Palavra \u2013 Anima\u00e7\u00e3o b\u00edblica da vida e da pastoral nas comunidades eclesiais mission\u00e1rias<\/em>\u201d e tamb\u00e9m diversos outros assuntos relacionados \u00e0 atua\u00e7\u00e3o da Igreja Cat\u00f3lica no Brasil.<\/p>\n<blockquote><p><em>\u201cPercebemos que este \u00e9 um momento de se amadurecer no Brasil quanto \u00e0 anima\u00e7\u00e3o b\u00edblica da vida e da pastoral\u201d, disse.&nbsp;<\/em><\/p><\/blockquote>\n<p>A realiza\u00e7\u00e3o da Assembleia foi cancelada em 2020 por conta da pandemia e das dificuldades com os recursos virtuais. Com a aprova\u00e7\u00e3o un\u00e2nime do Conselho Permanente, dom Joel explica que, em 2021, a CNBB optou por fazer a reuni\u00e3o do episcopado de forma on-line ap\u00f3s a aquisi\u00e7\u00e3o das condi\u00e7\u00f5es t\u00e9cnicas e da experi\u00eancia em organiza\u00e7\u00e3o de eventos no formato remoto.<\/p>\n<p>\u201cSomos uma confer\u00eancia episcopal muito grande. S\u00e3o 278 circunscri\u00e7\u00f5es eclesi\u00e1sticas, um total de 485 bispos hoje, dos quais 318 exercendo alguma miss\u00e3o e fun\u00e7\u00e3o de governo mais 167 em\u00e9ritos. Se por um lado, depois de um ano convivendo com a realidade virtual, n\u00f3s aprendemos muito, com certeza o fato de ser a primeira assembleia on-line trar\u00e1 para n\u00f3s ainda um conjunto de exig\u00eancias para lidar com esse mundo virtual\u201d, disse.<\/p>\n<h3>Primeira assembleia on-line<\/h3>\n<p>&nbsp;<\/p>\n<figure id=\"attachment_259278\" class=\"wp-caption alignright\" style=\"width: 480px;\" aria-describedby=\"caption-attachment-259278\"><img loading=\"lazy\" decoding=\"async\" class=\"wp-image-259278  lazyloaded\" src=\"https:\/\/eadn-wc02-718006.nxedge.io\/cdn\/wp-content\/uploads\/2021\/02\/Joel-1-300x168.jpg\" sizes=\"auto, (max-width: 300px) 100vw, 300px\" srcset=\"https:\/\/eadn-wc02-718006.nxedge.io\/cdn\/wp-content\/uploads\/2021\/02\/Joel-1-300x168.jpg 300w, https:\/\/eadn-wc02-718006.nxedge.io\/cdn\/wp-content\/uploads\/2021\/02\/Joel-1-500x281.jpg 500w, https:\/\/eadn-wc02-718006.nxedge.io\/cdn\/wp-content\/uploads\/2021\/02\/Joel-1-446x248.jpg 446w, https:\/\/eadn-wc02-718006.nxedge.io\/cdn\/wp-content\/uploads\/2021\/02\/Joel-1.jpg 761w\" alt=\"\" width=\"480\" height=\"269\" data-ll-status=\"loaded\"><figcaption id=\"caption-attachment-259278\" class=\"wp-caption-text\">Secret\u00e1rio-geral da CNBB, dom Joel Amado, convido os fi\u00e9is \u00e0 ora\u00e7\u00e3o pela 58\u00aa AGCNBB.<\/figcaption><\/figure>\n<p>Dom Joel enumera as dificuldades quanto ao formato virtual. A primeira delas, segundo o bispo, diz respeito \u00e0s vota\u00e7\u00f5es. Ele explica que a legisla\u00e7\u00e3o can\u00f4nica geral e a legisla\u00e7\u00e3o pr\u00f3pria da Confer\u00eancia da CNBB, n\u00e3o permitem que se realize vota\u00e7\u00f5es de modo virtual.<\/p>\n<p>\u201cN\u00e3o se garante, por exemplo, o sigilo e em algumas situa\u00e7\u00f5es, como o tema central, n\u00e3o h\u00e1 possibilidade de debater, replicar, apresentar emendas e sustentar ideias diante do plen\u00e1rio\u201d, aponta.<\/p>\n<p>Frente a esse limite, dom Joel explica que a presid\u00eancia da CNBB, ouvindo a Comiss\u00e3o de canonistas e seu Conselho Permanente, optou por realizar uma Assembleia sem vota\u00e7\u00f5es que impliquem altera\u00e7\u00f5es ou consequ\u00eancias de natureza legislativa para a Confer\u00eancia. Por outro lado, ele destaca que as vota\u00e7\u00f5es de natureza pastoral poder\u00e3o ocorrer, como acontece normalmente sobre as mensagens que a Confer\u00eancia envia ao povo brasileiro. Uma outra dificuldade \u00e9 quanto a realiza\u00e7\u00e3o das reuni\u00f5es reservadas das quais participam apenas os bispos.<\/p>\n<p>Sobre o tema central, dom Joel explica que embora n\u00e3o tenha acontecido a assembleia em 2020, a Comiss\u00e3o continuou seu trabalho de sistematiza\u00e7\u00e3o e que apresentar\u00e1 um documento&nbsp; aos bispos. Ele alerta que os bispos v\u00e3o refletir e que, no m\u00e1ximo, poder\u00e3o sugerir, ao final do estudo, que seja feita uma publica\u00e7\u00e3o de reflex\u00e3o na s\u00e9rie de Estudos da CNBB. \u201cN\u00e3o poder\u00e1 ser um documento porque ele n\u00e3o ter\u00e1 essa dimens\u00e3o vinculante legislativa\u201d, disse.<\/p>\n<p>Em Aparecida (SP), onde a assembleia se realiza presencialmente todos os anos, os bispos t\u00eam contato direto com os fi\u00e9is nas celebra\u00e7\u00f5es di\u00e1rias na Bas\u00edlica Nossa Senhora Aparecida. Desta vez, a assembleia, por conta do formato on-line, perder\u00e1 este contato. Por outro lado, dom Joel convida os cat\u00f3licos a fazerem sua ora\u00e7\u00e3o pessoal e com a fam\u00edlia pela Assembleia em casa. \u201cNem por isso deixar\u00e1 de ser ora\u00e7\u00e3o, ouvida por Deus\u201d, disse.<\/p>\n<p>\u201cOs fi\u00e9is s\u00e3o convidados a acompanhar e a rezar pelos bispos, rezar pela Igreja no Brasil, pelo nosso pa\u00eds e pelo povo brasileiro nesse momento t\u00e3o dif\u00edcil, pesado e de tanta perplexidade e tristeza. N\u00f3s bispos do Brasil contamos muito com a ora\u00e7\u00e3o de cada irm\u00e3o e irm\u00e3, de cada cora\u00e7\u00e3o, que ama esse pa\u00eds e que quer a r\u00e1pida supera\u00e7\u00e3o da pandemia\u201d, concluiu.<\/p>\n<\/div>\n<\/div>\n<div id=\"tags\" class=\"elementor-element elementor-element-9be42e0 elementor-widget elementor-widget-heading\" data-id=\"9be42e0\" data-element_type=\"widget\" data-widget_type=\"heading.default\">\n<div class=\"elementor-widget-container\">\n<p class=\"elementor-heading-title elementor-size-default\">Com informa\u00e7\u00f5es e fotos do site oficial da CNBB<\/p>\n<\/div>\n<\/div>\n","protected":false},"excerpt":{"rendered":"<p>O bispo auxiliar do Rio de Janeiro e secret\u00e1rio-geral da Confer\u00eancia Nacional dos Bispos do Brasil (CNBB), dom Joel Portella Amado, falou sobre os desafios e dificuldades da realiza\u00e7\u00e3o da 58\u00aa Assembleia Geral do episcopado brasileiro que, pela primeira vez, ser\u00e1 realizada em um formato virtual, de 12 a 16 de abril com atividades nos&nbsp;<\/p>\n<p><a class=\"btn btn-style\" href=\"http:\/\/portalcatolico.net\/portal\/secretario-geral-da-cnbb-fala-sobre-os-desafios-de-realizar-pela-primeira-vez-uma-assembleia-virtual\/\">Continue Reading<\/a><\/p>\n","protected":false},"author":2,"featured_media":71694,"comment_status":"open","ping_status":"open","sticky":false,"template":"","format":"standard","meta":{"footnotes":""},"categories":[3],"tags":[],"class_list":["post-71693","post","type-post","status-publish","format-standard","has-post-thumbnail","hentry","category-noticias_regionais"],"_links":{"self":[{"href":"http:\/\/portalcatolico.net\/portal\/wp-json\/wp\/v2\/posts\/71693","targetHints":{"allow":["GET"]}}],"collection":[{"href":"http:\/\/portalcatolico.net\/portal\/wp-json\/wp\/v2\/posts"}],"about":[{"href":"http:\/\/portalcatolico.net\/portal\/wp-json\/wp\/v2\/types\/post"}],"author":[{"embeddable":true,"href":"http:\/\/portalcatolico.net\/portal\/wp-json\/wp\/v2\/users\/2"}],"replies":[{"embeddable":true,"href":"http:\/\/portalcatolico.net\/portal\/wp-json\/wp\/v2\/comments?post=71693"}],"version-history":[{"count":1,"href":"http:\/\/portalcatolico.net\/portal\/wp-json\/wp\/v2\/posts\/71693\/revisions"}],"predecessor-version":[{"id":71695,"href":"http:\/\/portalcatolico.net\/portal\/wp-json\/wp\/v2\/posts\/71693\/revisions\/71695"}],"wp:featuredmedia":[{"embeddable":true,"href":"http:\/\/portalcatolico.net\/portal\/wp-json\/wp\/v2\/media\/71694"}],"wp:attachment":[{"href":"http:\/\/portalcatolico.net\/portal\/wp-json\/wp\/v2\/media?parent=71693"}],"wp:term":[{"taxonomy":"category","embeddable":true,"href":"http:\/\/portalcatolico.net\/portal\/wp-json\/wp\/v2\/categories?post=71693"},{"taxonomy":"post_tag","embeddable":true,"href":"http:\/\/portalcatolico.net\/portal\/wp-json\/wp\/v2\/tags?post=71693"}],"curies":[{"name":"wp","href":"https:\/\/api.w.org\/{rel}","templated":true}]}}