{"id":71690,"date":"2021-03-22T20:19:43","date_gmt":"2021-03-22T23:19:43","guid":{"rendered":"http:\/\/portalcatolico.net\/portal\/?p=71690"},"modified":"2021-03-22T20:19:43","modified_gmt":"2021-03-22T23:19:43","slug":"papa-escolhe-cidade-latino-americana-para-sediar-o-congresso-eucaristico-internacional-de-2024","status":"publish","type":"post","link":"http:\/\/portalcatolico.net\/portal\/papa-escolhe-cidade-latino-americana-para-sediar-o-congresso-eucaristico-internacional-de-2024\/","title":{"rendered":"Papa escolhe cidade latino-americana para sediar o Congresso Eucar\u00edstico Internacional de 2024"},"content":{"rendered":"<p>A cidade de Quito, capital do Equador, sediar\u00e1 o 53\u00ba Congresso Eucar\u00edstico Internacional em 2024, sucedendo assim a cidade de Budapeste, capital da Hungria, onde ser\u00e1 realizada a 52\u00aa edi\u00e7\u00e3o deste evento de 5 a 12 de setembro de 2021.<\/p>\n<p>Segundo informou a Sala de Imprensa da Santa S\u00e9, atrav\u00e9s de um comunicado, a nomea\u00e7\u00e3o da Arquidiocese de Quito como sede do Congresso Eucar\u00edstico Internacional est\u00e1 motivada pela celebra\u00e7\u00e3o, em 2024, do \u201c150\u00ba anivers\u00e1rio da consagra\u00e7\u00e3o daquele nobre pa\u00eds ao Sagrado Cora\u00e7\u00e3o de Jesus\u201d.<\/p>\n<p>\u201cEste grande encontro eclesial manifestar\u00e1 a fecundidade da&nbsp;Eucaristia&nbsp;para a evangeliza\u00e7\u00e3o e a renova\u00e7\u00e3o da f\u00e9 no continente latino-americano\u201d, afirma o comunicado de imprensa que conclui recordando que \u201cenquanto isso, prosseguem os preparativos para o pr\u00f3ximo Congresso Eucar\u00edstico Internacional que se realizar\u00e1 em Budapeste, Hungria, de 5 a 12 de setembro de 2021\u201d.<\/p>\n<p>A 52\u00aa edi\u00e7\u00e3o do Congresso Eucar\u00edstico Internacional deveria ter sido realizada em setembro de 2020. No entanto, a crise de sa\u00fade causada pela pandemia do coronav\u00edrus obrigou o seu adiamento para setembro de 2021.<\/p>\n<p>Ap\u00f3s a mudan\u00e7a de data,&nbsp;o Papa Francisco convidou&nbsp;a continuar os preparativos para este evento importante: \u201cProssigamos, espiritualmente unidos, o caminho de prepara\u00e7\u00e3o encontrando na Eucaristia a fonte da&nbsp;vida&nbsp;e da miss\u00e3o da&nbsp;Igreja\u201d, afirmou o Papa ao concluir a ora\u00e7\u00e3o do \u00c2ngelus de 20 de setembro.<\/p>\n<p><em>Publicado originalmente em&nbsp;<\/em><em>ACI&nbsp;Prensa.<\/em><em>&nbsp;Traduzido e adaptado por Nath\u00e1lia Queiroz.<\/em><\/p>\n","protected":false},"excerpt":{"rendered":"<p>A cidade de Quito, capital do Equador, sediar\u00e1 o 53\u00ba Congresso Eucar\u00edstico Internacional em 2024, sucedendo assim a cidade de Budapeste, capital da Hungria, onde ser\u00e1 realizada a 52\u00aa edi\u00e7\u00e3o deste evento de 5 a 12 de setembro de 2021. Segundo informou a Sala de Imprensa da Santa S\u00e9, atrav\u00e9s de um comunicado, a nomea\u00e7\u00e3o&nbsp;<\/p>\n<p><a class=\"btn btn-style\" href=\"http:\/\/portalcatolico.net\/portal\/papa-escolhe-cidade-latino-americana-para-sediar-o-congresso-eucaristico-internacional-de-2024\/\">Continue Reading<\/a><\/p>\n","protected":false},"author":2,"featured_media":71691,"comment_status":"open","ping_status":"open","sticky":false,"template":"","format":"standard","meta":{"footnotes":""},"categories":[5],"tags":[],"class_list":["post-71690","post","type-post","status-publish","format-standard","has-post-thumbnail","hentry","category-igreja_no_mundo"],"_links":{"self":[{"href":"http:\/\/portalcatolico.net\/portal\/wp-json\/wp\/v2\/posts\/71690","targetHints":{"allow":["GET"]}}],"collection":[{"href":"http:\/\/portalcatolico.net\/portal\/wp-json\/wp\/v2\/posts"}],"about":[{"href":"http:\/\/portalcatolico.net\/portal\/wp-json\/wp\/v2\/types\/post"}],"author":[{"embeddable":true,"href":"http:\/\/portalcatolico.net\/portal\/wp-json\/wp\/v2\/users\/2"}],"replies":[{"embeddable":true,"href":"http:\/\/portalcatolico.net\/portal\/wp-json\/wp\/v2\/comments?post=71690"}],"version-history":[{"count":1,"href":"http:\/\/portalcatolico.net\/portal\/wp-json\/wp\/v2\/posts\/71690\/revisions"}],"predecessor-version":[{"id":71692,"href":"http:\/\/portalcatolico.net\/portal\/wp-json\/wp\/v2\/posts\/71690\/revisions\/71692"}],"wp:featuredmedia":[{"embeddable":true,"href":"http:\/\/portalcatolico.net\/portal\/wp-json\/wp\/v2\/media\/71691"}],"wp:attachment":[{"href":"http:\/\/portalcatolico.net\/portal\/wp-json\/wp\/v2\/media?parent=71690"}],"wp:term":[{"taxonomy":"category","embeddable":true,"href":"http:\/\/portalcatolico.net\/portal\/wp-json\/wp\/v2\/categories?post=71690"},{"taxonomy":"post_tag","embeddable":true,"href":"http:\/\/portalcatolico.net\/portal\/wp-json\/wp\/v2\/tags?post=71690"}],"curies":[{"name":"wp","href":"https:\/\/api.w.org\/{rel}","templated":true}]}}