{"id":71687,"date":"2021-03-23T00:12:54","date_gmt":"2021-03-23T03:12:54","guid":{"rendered":"http:\/\/portalcatolico.net\/portal\/?p=71687"},"modified":"2021-03-22T20:14:23","modified_gmt":"2021-03-22T23:14:23","slug":"ano-de-s-jose-sonhos-sao-dialogo-intimo-na-escuta-da-voz-do-senhor","status":"publish","type":"post","link":"http:\/\/portalcatolico.net\/portal\/ano-de-s-jose-sonhos-sao-dialogo-intimo-na-escuta-da-voz-do-senhor\/","title":{"rendered":"Ano de S. Jos\u00e9: sonhos s\u00e3o \u201cdi\u00e1logo \u00edntimo\u201d na escuta da voz do Senhor"},"content":{"rendered":"<div class=\"article__subTitle\">O biblista Jos\u00e9 Carlos Carvalho \u00e9 professor de Sagrada Escritura na Universidade Cat\u00f3lica Portuguesa e ajuda-nos a descobrir como \u00e9 que a B\u00edblia fala de S. Jos\u00e9.<\/div>\n<div>&nbsp;<\/div>\n<div class=\"title__separator\">Foi nos 150 anos da declara\u00e7\u00e3o de S. Jos\u00e9 como padroeiro universal da Igreja feita pelo Papa Pio IX que no dia 8 de dezembro de 2020 come\u00e7ou um ano especial. A partir dessa data e at\u00e9 8 de dezembro de 2021 a Igreja vive o Ano de S. Jos\u00e9. Segundo o Papa Francisco \u201cdepois de Maria, a M\u00e3e de Deus, nenhum Santo ocupa tanto espa\u00e7o no magist\u00e9rio pontif\u00edcio como Jos\u00e9, seu esposo\u201d.<\/div>\n<div>\n<p>Nesta Quaresma o biblista Jos\u00e9 Carlos Carvalho ajuda-nos com a sua reflex\u00e3o a descobrir como \u00e9 que a B\u00edblia fala de S. Jos\u00e9. O professor de Sagrada Escritura da Universidade Cat\u00f3lica Portuguesa \u00e9 um dos respons\u00e1veis pela nova tradu\u00e7\u00e3o da B\u00edblia para a Confer\u00eancia Episcopal Portuguesa e j\u00e1, em diversas ocasi\u00f5es, colaborou com a R\u00e1dio Vaticano e o Vatican News. Desta vez, a reportagem \u00e9 do jornalista Oct\u00e1vio Carmo no som da Ag\u00eancia Ecclesia.<\/p>\n<p>Jos\u00e9 Carlos Carvalho aborda a quest\u00e3o dos sonhos em S. Jos\u00e9 afirmando que se trata de \u201cum meio que Israel encontrou para tentar descrever o que ter\u00e1 suscitado a prega\u00e7\u00e3o oral, um gesto, uma decis\u00e3o\u201d. Na experi\u00eancia de S. Jos\u00e9 o sonho \u00e9, \u201cno sil\u00eancio da noite\u201d, um \u201cdi\u00e1logo \u00edntimo\u201d na \u201causculta\u00e7\u00e3o da voz do Senhor\u201d \u2013 afirma.<\/p>\n<p>\u201cO primeiro sonho \u00e9 na Anuncia\u00e7\u00e3o, mas os \u00faltimos tr\u00eas, em Bel\u00e9m que manda para o Egito e no Egito que manda regressar, obviamente que a carga simb\u00f3lica \u00e9 uma leitura teol\u00f3gica para que se cumpra a profecia\u201d \u2013 refere o biblista portugu\u00eas recordando a fuga para o Egito de Maria e Jos\u00e9 e que da\u00ed regressam para Jesus nascer. \u201cTal como Mois\u00e9s tirou Israel do Egito\u201d ent\u00e3o Jesus vem do Egito para nos salvar \u2013 acrescenta.<\/p>\n<p>Jos\u00e9 Carlos Carvalho lembra ainda a profiss\u00e3o de carpinteiro de S. Jos\u00e9, assinalando que na tradi\u00e7\u00e3o judaica \u201cos carpinteiros apesar do seu of\u00edcio tamb\u00e9m conheciam a Tor\u00e1\u201d.<\/p>\n<p>O Papa Francisco convocou este Ano de S. Jos\u00e9 atrav\u00e9s da Carta Apost\u00f3lica \u201cPatris Corde\u201d, \u201cCora\u00e7\u00e3o de Pai\u201d.<\/p>\n<p><i>Laudetur Iesus Christus<\/i><\/p>\n<\/div>\n<div class=\"article__text \">\n<p><b>Rui Saraiva\/Vatican News<\/b><\/p>\n<\/div>\n","protected":false},"excerpt":{"rendered":"<p>O biblista Jos\u00e9 Carlos Carvalho \u00e9 professor de Sagrada Escritura na Universidade Cat\u00f3lica Portuguesa e ajuda-nos a descobrir como \u00e9 que a B\u00edblia fala de S. Jos\u00e9. &nbsp; Foi nos 150 anos da declara\u00e7\u00e3o de S. Jos\u00e9 como padroeiro universal da Igreja feita pelo Papa Pio IX que no dia 8 de dezembro de 2020&nbsp;<\/p>\n<p><a class=\"btn btn-style\" href=\"http:\/\/portalcatolico.net\/portal\/ano-de-s-jose-sonhos-sao-dialogo-intimo-na-escuta-da-voz-do-senhor\/\">Continue Reading<\/a><\/p>\n","protected":false},"author":2,"featured_media":71688,"comment_status":"open","ping_status":"open","sticky":false,"template":"","format":"standard","meta":{"footnotes":""},"categories":[5],"tags":[],"class_list":["post-71687","post","type-post","status-publish","format-standard","has-post-thumbnail","hentry","category-igreja_no_mundo"],"_links":{"self":[{"href":"http:\/\/portalcatolico.net\/portal\/wp-json\/wp\/v2\/posts\/71687","targetHints":{"allow":["GET"]}}],"collection":[{"href":"http:\/\/portalcatolico.net\/portal\/wp-json\/wp\/v2\/posts"}],"about":[{"href":"http:\/\/portalcatolico.net\/portal\/wp-json\/wp\/v2\/types\/post"}],"author":[{"embeddable":true,"href":"http:\/\/portalcatolico.net\/portal\/wp-json\/wp\/v2\/users\/2"}],"replies":[{"embeddable":true,"href":"http:\/\/portalcatolico.net\/portal\/wp-json\/wp\/v2\/comments?post=71687"}],"version-history":[{"count":1,"href":"http:\/\/portalcatolico.net\/portal\/wp-json\/wp\/v2\/posts\/71687\/revisions"}],"predecessor-version":[{"id":71689,"href":"http:\/\/portalcatolico.net\/portal\/wp-json\/wp\/v2\/posts\/71687\/revisions\/71689"}],"wp:featuredmedia":[{"embeddable":true,"href":"http:\/\/portalcatolico.net\/portal\/wp-json\/wp\/v2\/media\/71688"}],"wp:attachment":[{"href":"http:\/\/portalcatolico.net\/portal\/wp-json\/wp\/v2\/media?parent=71687"}],"wp:term":[{"taxonomy":"category","embeddable":true,"href":"http:\/\/portalcatolico.net\/portal\/wp-json\/wp\/v2\/categories?post=71687"},{"taxonomy":"post_tag","embeddable":true,"href":"http:\/\/portalcatolico.net\/portal\/wp-json\/wp\/v2\/tags?post=71687"}],"curies":[{"name":"wp","href":"https:\/\/api.w.org\/{rel}","templated":true}]}}