{"id":71648,"date":"2021-03-19T00:56:32","date_gmt":"2021-03-19T03:56:32","guid":{"rendered":"http:\/\/portalcatolico.net\/portal\/?p=71648"},"modified":"2021-03-19T20:56:49","modified_gmt":"2021-03-19T23:56:49","slug":"em-ano-josefino-sao-jose-e-celebrado-pelos-catolicos-nesta-sexta-feira-19","status":"publish","type":"post","link":"http:\/\/portalcatolico.net\/portal\/em-ano-josefino-sao-jose-e-celebrado-pelos-catolicos-nesta-sexta-feira-19\/","title":{"rendered":"Em ano Josefino, S\u00e3o Jos\u00e9 \u00e9 celebrado pelos cat\u00f3licos nesta sexta-feira (19)"},"content":{"rendered":"<p>Em 1870, o Papa Pio IX no decreto Quemadmodum Deus, proclamou S\u00e3o Jos\u00e9 como Patrono Universal da Igreja Cat\u00f3lica<\/p>\n<p>Hoje (19\/03), a Santa Igreja celebra a Solenidade de S\u00e3o Jos\u00e9, este que foi o pai adotivo de Jesus. De modo especial, neste ano de 2021, a festividade \u00e9 comemorada no per\u00edodo em que se faz mem\u00f3ria aos 150 anos da declara\u00e7\u00e3o do Esposo da Virgem Maria como padroeiro universal da Igreja Cat\u00f3lica, em virtude deste fato, o Santo Padre, o Papa Francisco, lhe dedicou a Carta Apost\u00f3lica &#8220;Patris Corde &#8211; com um Cora\u00e7\u00e3o de Pai&#8221;, nomeando de 8 dezembro de 2020 a 8 de dezembro de 2021, o ano de S\u00e3o Jos\u00e9.<\/p>\n<p>De acordo com S\u00e3o M\u00e1ximo, o Confessor \u2014 principal autor patr\u00edstico do s\u00e9culo VII \u2014, em seu escrito \u201cA vida da Virgem\u201d, S\u00e3o Jos\u00e9 era conhecido por seu trabalho e tamb\u00e9m por sua virtude, piedade e boas a\u00e7\u00f5es. Para o Bispo da Diocese de Itabuna que tem como padroeiro o Chefe da Sagrada Fam\u00edlia, Dom Carlos Alberto, por ser um homem de f\u00e9, o pai terreno de Jesus, \u00e9 modelo e exemplo para as fam\u00edlias, \u201cS\u00e3o Jos\u00e9 ouviu a voz de Deus [&#8230;], Ele \u00e9 modelo pois assumiu a paternidade respons\u00e1vel ao lado do seu filho Jesus e sua esposa Maria, quando somente ela p\u00f4de dizer \u2018Fa\u00e7a-se em mim segundo a Tua palavra\u2019 [&#8230;]. \u00c9 um exemplo de homem que soube assumir a responsabilidade familiar.\u201d, afirmou.<\/p>\n<p>Em 1870, o Papa Pio IX no decreto Quemadmodum Deus (\u201cComo Deus\u201d), proclamou S\u00e3o Jos\u00e9 como Patrono Universal da Igreja Cat\u00f3lica, a partir da necessidade de entreg\u00e1-la de forma confiante aos seus cuidados e do entendimento de que depois de Nossa Senhora, ele seria o maior de todos os Santos, uma vez que foi escolhido por Deus Pai para ser o guardi\u00e3o da Sant\u00edssima Virgem e do Filho de Deus, o pr\u00f3prio Jesus.<\/p>\n<p>S\u00e3o Jos\u00e9: Modelo de obedi\u00eancia e servid\u00e3o&nbsp;<\/p>\n<p>Existem poucos relatos sobre a vida de S\u00e3o Jos\u00e9, ele aparece somente em tr\u00eas passagens b\u00edblicas no Novo Testamento (Marcos 6,3; Lucas 1-2;3;23;4,22 e Jo\u00e3o 1,45;6,42), entretanto s\u00e3o suficientes para relatar acerca de suas caracter\u00edsticas, evidenciando a sua importante participa\u00e7\u00e3o na vida do Redentor.&nbsp;<\/p>\n<p>O Papa S\u00e3o Jo\u00e3o Paulo II em sua Exorta\u00e7\u00e3o Apost\u00f3lica \u201cRedemptoris Custos\u201d, destaca sobre a figura e a miss\u00e3o de S\u00e3o Jos\u00e9 na vida de Cristo e da Igreja, compreendendo que a partir de sua entrega, tornou-se um Ministro da Salva\u00e7\u00e3o, \u201cS\u00e3o Jos\u00e9 foi chamado por Deus para servir diretamente a Pessoa e a miss\u00e3o de Jesus, mediante o exerc\u00edcio da sua paternidade: desse modo, precisamente, ele coopera no grande mist\u00e9rio da Reden\u00e7\u00e3o, quando chega a plenitude dos tempos, e \u00e9 verdadeiramente ministro da salva\u00e7\u00e3o.\u201d, exp\u00f4s.<\/p>\n<p>Ao decorrer do documento, S\u00e3o Jo\u00e3o Paulo II, relata que S\u00e3o Jos\u00e9 assumiu o papel de pai no momento em que se ofertou para viver de forma absoluta em prol da Sant\u00edssima Virgem Maria e do Menino Jesus, \u201cA sua paternidade expressou-se concretamente em ter feito da sua vida um servi\u00e7o, um sacrif\u00edcio, ao mist\u00e9rio da Encarna\u00e7\u00e3o [&#8230;] e em ter convertido a sua voca\u00e7\u00e3o humana para o amor familiar na sobre-humana obla\u00e7\u00e3o de si, do seu cora\u00e7\u00e3o e de todas as capacidades, no amor que empregou ao servi\u00e7o do Messias germinado na sua casa.\u201d, afirmou.<\/p>\n<p>Neste contexto, o Bispo Dom Alberto, enfatiza que o pai adotivo de Jesus soube ser modelo para o seio familiar atual a partir da sua viv\u00eancia de f\u00e9, \u201cS\u00e3o Jos\u00e9 foi um homem de f\u00e9 e ora\u00e7\u00e3o que vivia em comunh\u00e3o com a sua fam\u00edlia buscando cada vez mais ouvir a voz de Deus para dar exemplo e testemunho. [&#8230;] Ele deve ser para n\u00f3s o homem que transforma, modela e d\u00e1 o caminho e dire\u00e7\u00e3o para Deus.\u201d, destacou.&nbsp;<\/p>\n<p>Na Carta Apost\u00f3lica Patris Corde, o Santo Padre, Papa Francisco, evidencia que o Patrono da Santa Igreja soube acolher os des\u00edgnios Divinos com disposi\u00e7\u00e3o, \u201cA vida espiritual que Jos\u00e9 nos mostra, n\u00e3o \u00e9 um caminho que explica, mas um caminho que acolhe. [&#8230;] Jos\u00e9 n\u00e3o \u00e9 um homem resignado passivamente. O seu protagonismo \u00e9 corajoso e forte. O acolhimento \u00e9 um modo pelo qual se manifesta, na nossa vida, o dom da fortaleza que nos vem do Esp\u00edrito Santo. S\u00f3 o Senhor nos pode dar for\u00e7a para acolher a vida como ela \u00e9, aceitando at\u00e9 mesmo as suas contradi\u00e7\u00f5es, imprevistos e desilus\u00f5es.\u201d, ressaltou.<\/p>\n<p>A intercess\u00e3o de S\u00e3o Jos\u00e9 em tempos de COVID-19<\/p>\n<p>Em mar\u00e7o de 2021, completou-se um ano da Pandemia do novo Coronav\u00edrus no Brasil, acumulando milhares de pessoas contaminadas e v\u00edtimas fatais. Na ocasi\u00e3o, torna-se de suma import\u00e2ncia as ora\u00e7\u00f5es voltadas a S\u00e3o Jos\u00e9 que \u00e9 tido como padroeiro dos enfermos e de uma morte feliz (tendo em vista que segundo a cren\u00e7a popular ele morreu na presen\u00e7a de Jesus).<\/p>\n<p>Para Dom Alberto, \u00e9 essencial que pe\u00e7amos a intercess\u00e3o do Patrono da Santa Igreja pela nossa sa\u00fade, \u201cRoguemos a S\u00e3o Jos\u00e9 que interceda ao Pai pela sa\u00fade do corpo e sobretudo da alma\u201d, pontuou.&nbsp;<\/p>\n<p>O Bispo da Diocese de Itabuna conclui sua fala sugerindo aos fi\u00e9is algumas formas de prestar louvores ao chefe da Sagrada Fam\u00edlia de Nazar\u00e9 a fim de que seja poss\u00edvel viver a exemplo do glorioso S\u00e3o Jos\u00e9, \u201cComo comunidade de amor e que tem f\u00e9, devemos recorrer a S\u00e3o Jos\u00e9 rezando o seu ter\u00e7o, fazendo sua ora\u00e7\u00e3o pr\u00f3pria e participando das celebra\u00e7\u00f5es da Missa, vivendo a alegria de ser o devoto pelo exemplo, testemunho e simplicidade deste homem.\u201d, finalizou.(fecatolica)<\/p>\n","protected":false},"excerpt":{"rendered":"<p>Em 1870, o Papa Pio IX no decreto Quemadmodum Deus, proclamou S\u00e3o Jos\u00e9 como Patrono Universal da Igreja Cat\u00f3lica Hoje (19\/03), a Santa Igreja celebra a Solenidade de S\u00e3o Jos\u00e9, este que foi o pai adotivo de Jesus. De modo especial, neste ano de 2021, a festividade \u00e9 comemorada no per\u00edodo em que se faz&nbsp;<\/p>\n<p><a class=\"btn btn-style\" href=\"http:\/\/portalcatolico.net\/portal\/em-ano-josefino-sao-jose-e-celebrado-pelos-catolicos-nesta-sexta-feira-19\/\">Continue Reading<\/a><\/p>\n","protected":false},"author":2,"featured_media":71649,"comment_status":"open","ping_status":"open","sticky":false,"template":"","format":"standard","meta":{"footnotes":""},"categories":[69],"tags":[],"class_list":["post-71648","post","type-post","status-publish","format-standard","has-post-thumbnail","hentry","category-artigos"],"_links":{"self":[{"href":"http:\/\/portalcatolico.net\/portal\/wp-json\/wp\/v2\/posts\/71648","targetHints":{"allow":["GET"]}}],"collection":[{"href":"http:\/\/portalcatolico.net\/portal\/wp-json\/wp\/v2\/posts"}],"about":[{"href":"http:\/\/portalcatolico.net\/portal\/wp-json\/wp\/v2\/types\/post"}],"author":[{"embeddable":true,"href":"http:\/\/portalcatolico.net\/portal\/wp-json\/wp\/v2\/users\/2"}],"replies":[{"embeddable":true,"href":"http:\/\/portalcatolico.net\/portal\/wp-json\/wp\/v2\/comments?post=71648"}],"version-history":[{"count":1,"href":"http:\/\/portalcatolico.net\/portal\/wp-json\/wp\/v2\/posts\/71648\/revisions"}],"predecessor-version":[{"id":71650,"href":"http:\/\/portalcatolico.net\/portal\/wp-json\/wp\/v2\/posts\/71648\/revisions\/71650"}],"wp:featuredmedia":[{"embeddable":true,"href":"http:\/\/portalcatolico.net\/portal\/wp-json\/wp\/v2\/media\/71649"}],"wp:attachment":[{"href":"http:\/\/portalcatolico.net\/portal\/wp-json\/wp\/v2\/media?parent=71648"}],"wp:term":[{"taxonomy":"category","embeddable":true,"href":"http:\/\/portalcatolico.net\/portal\/wp-json\/wp\/v2\/categories?post=71648"},{"taxonomy":"post_tag","embeddable":true,"href":"http:\/\/portalcatolico.net\/portal\/wp-json\/wp\/v2\/tags?post=71648"}],"curies":[{"name":"wp","href":"https:\/\/api.w.org\/{rel}","templated":true}]}}