{"id":71645,"date":"2021-03-19T11:48:32","date_gmt":"2021-03-19T14:48:32","guid":{"rendered":"http:\/\/portalcatolico.net\/portal\/?p=71645"},"modified":"2021-03-19T20:48:45","modified_gmt":"2021-03-19T23:48:45","slug":"diocese-de-teixeira-de-freitas-promove-encontro-das-cebs","status":"publish","type":"post","link":"http:\/\/portalcatolico.net\/portal\/diocese-de-teixeira-de-freitas-promove-encontro-das-cebs\/","title":{"rendered":"Diocese de Teixeira de Freitas promove encontro das CEBS"},"content":{"rendered":"<p>As Comunidades Eclesiais de Base (CEBs) da Diocese de Teixeira de Freitas\/Caravelas convidam os agentes de pastoral e toda a comunidade diocesana para participarem do encontro de CEBs que acontecer\u00e1 no dia&nbsp;<strong>20 de mar\u00e7o (s\u00e1bado), a partir das 15h<\/strong>. O encontro ser\u00e1 realizado excepcionalmente de&nbsp;<strong>forma VIRTUAL<\/strong>, via transmiss\u00e3o ao vivo pelo&nbsp;<a href=\"https:\/\/www.youtube.com\/c\/dioceseteixeiradefreitas\"><strong>canal da Diocese no YouTube<\/strong><\/a>, devido \u00e0s restri\u00e7\u00f5es em decorr\u00eancia da pandemia do Covid-19. Com o tema: \u201c<em>Cuidar da Casa Comum \u2013 por uma sociedade sustent\u00e1vel<\/em>\u201c, o encontro contar\u00e1 com a assessoria da antrop\u00f3loga, franciscana secular e assessora da Rede Eclesial Pan-Amaz\u00f4nica (REPAM), Moema Miranda.<\/p>\n<p>Moema participou do S\u00ednodo para a Amaz\u00f4nia em 2019. Possui mestrado e p\u00f3s-gradua\u00e7\u00e3o em Antropologia Social pelo Museu Nacional, da Universidade Federal do Rio de Janeiro (UFRJ). Foi ministra da Fraternidade Santo Ant\u00f4nio (RJ) da Ordem Franciscana Secular (OFS) e integra a secretaria da Rede \u201cIgrejas e Minera\u00e7\u00e3o\u201d da CNBB.<\/p>\n<figure class=\"wp-caption alignnone\"><img loading=\"lazy\" decoding=\"async\" src=\"https:\/\/franciscanos.org.br\/noticias\/wp-content\/uploads\/2019\/11\/moema_111119.jpg\" alt=\"Entrevista a Moema Miranda sobre o S\u00ednodo para a Amaz\u00f4nia \u2013 CRB Nacional\" width=\"890\" height=\"550\"><figcaption class=\"wp-caption-text\">Antrop\u00f3loga e franciscana secular, Moema Miranda \u2013 Imagem: CRB\/Reprodu\u00e7\u00e3o<\/figcaption><\/figure>\n<p>Ela tamb\u00e9m faz parte da coordena\u00e7\u00e3o nacional do Sinfrajupe (Servi\u00e7o Interfranciscano de Justi\u00e7a Paz e Ecologia), al\u00e9m de participar do grupo de estudos de Ecotelogia do ITF. Atuou at\u00e9 agosto de 2017 no Instituto Brasileiro de An\u00e1lises Sociais e Econ\u00f4micas (Ibase). Atualmente est\u00e1 fazendo o doutorado em quest\u00f5es ambientais pela PUC do Rio de Janeiro.<\/p>\n<p>\u201c<em>O encontro (virtual) faz parte das atividades programadas para este ano na diocese de Teixeira de Freitas\/Caravelas pelas CEBs. Pretende ser um momento de reflex\u00e3o sobre os complexos problemas sociais, ambientais, econ\u00f4micos, pol\u00edticos, sanit\u00e1rios e culturais que estamos enfrentando na atualidade. Problemas que est\u00e3o colocando em risco a sustentabilidade humana, bem como de toda a biodiversidade dentro da Casa Comum. Em aten\u00e7\u00e3o aos gritos que vem da realidade e aos apelos do Papa Francisco, queremos fortalecer compromissos de cuidado com a Casa Comum e com a promo\u00e7\u00e3o da vida, da justi\u00e7a, da solidariedade e da dignidade humana<\/em>\u201c, explica Dirceu Beninc\u00e1, Coordenador Diocesano das Comunidades Eclesiais de Base.(Regional NE3)<\/p>\n","protected":false},"excerpt":{"rendered":"<p>As Comunidades Eclesiais de Base (CEBs) da Diocese de Teixeira de Freitas\/Caravelas convidam os agentes de pastoral e toda a comunidade diocesana para participarem do encontro de CEBs que acontecer\u00e1 no dia&nbsp;20 de mar\u00e7o (s\u00e1bado), a partir das 15h. O encontro ser\u00e1 realizado excepcionalmente de&nbsp;forma VIRTUAL, via transmiss\u00e3o ao vivo pelo&nbsp;canal da Diocese no YouTube,&nbsp;<\/p>\n<p><a class=\"btn btn-style\" href=\"http:\/\/portalcatolico.net\/portal\/diocese-de-teixeira-de-freitas-promove-encontro-das-cebs\/\">Continue Reading<\/a><\/p>\n","protected":false},"author":2,"featured_media":71646,"comment_status":"open","ping_status":"open","sticky":false,"template":"","format":"standard","meta":{"footnotes":""},"categories":[4],"tags":[],"class_list":["post-71645","post","type-post","status-publish","format-standard","has-post-thumbnail","hentry","category-destaques"],"_links":{"self":[{"href":"http:\/\/portalcatolico.net\/portal\/wp-json\/wp\/v2\/posts\/71645","targetHints":{"allow":["GET"]}}],"collection":[{"href":"http:\/\/portalcatolico.net\/portal\/wp-json\/wp\/v2\/posts"}],"about":[{"href":"http:\/\/portalcatolico.net\/portal\/wp-json\/wp\/v2\/types\/post"}],"author":[{"embeddable":true,"href":"http:\/\/portalcatolico.net\/portal\/wp-json\/wp\/v2\/users\/2"}],"replies":[{"embeddable":true,"href":"http:\/\/portalcatolico.net\/portal\/wp-json\/wp\/v2\/comments?post=71645"}],"version-history":[{"count":1,"href":"http:\/\/portalcatolico.net\/portal\/wp-json\/wp\/v2\/posts\/71645\/revisions"}],"predecessor-version":[{"id":71647,"href":"http:\/\/portalcatolico.net\/portal\/wp-json\/wp\/v2\/posts\/71645\/revisions\/71647"}],"wp:featuredmedia":[{"embeddable":true,"href":"http:\/\/portalcatolico.net\/portal\/wp-json\/wp\/v2\/media\/71646"}],"wp:attachment":[{"href":"http:\/\/portalcatolico.net\/portal\/wp-json\/wp\/v2\/media?parent=71645"}],"wp:term":[{"taxonomy":"category","embeddable":true,"href":"http:\/\/portalcatolico.net\/portal\/wp-json\/wp\/v2\/categories?post=71645"},{"taxonomy":"post_tag","embeddable":true,"href":"http:\/\/portalcatolico.net\/portal\/wp-json\/wp\/v2\/tags?post=71645"}],"curies":[{"name":"wp","href":"https:\/\/api.w.org\/{rel}","templated":true}]}}